{"id":233236,"date":"2023-01-19T16:21:36","date_gmt":"2023-01-19T15:21:36","guid":{"rendered":"https:\/\/www.elche.es\/2023\/01\/participacio-ciutadana-llanca-una-guia-sobre-com-constituir-associacions-pas-a-pas\/"},"modified":"2023-01-20T12:52:19","modified_gmt":"2023-01-20T11:52:19","slug":"participacio-ciutadana-llanca-una-guia-sobre-com-constituir-associacions-pas-a-pas","status":"publish","type":"post","link":"https:\/\/www.elche.es\/va\/2023\/01\/participacio-ciutadana-llanca-una-guia-sobre-com-constituir-associacions-pas-a-pas\/","title":{"rendered":"Participaci\u00f3 Ciutadana llan\u00e7a una guia sobre com constituir associacions pas a pas"},"content":{"rendered":"<div class=\"wpb-content-wrapper\"><p>[vc_row el_id=&#8221;SUBTITULAR_NOTICIA&#8221;][vc_column][vc_column_text]<\/p>\n<hr \/>\n<h4>L&#8217;edil Puri Vives afirma que la iniciativa serveix per a promoure la participaci\u00f3 activa, i que aquestes entitats s\u00f3n necess\u00e0ries per a ajudar al fet que el municipi compte amb un gran teixit associatiu fort i que treballe per a millorar la qualitat de vida de la poblaci\u00f3<\/h4>\n<hr \/>\n<p>[\/vc_column_text][\/vc_column][\/vc_row][vc_row el_id=&#8221;TEXTO_NOTICIA&#8221;][vc_column][vc_column_text]La Regidoria de Participaci\u00f3 Ciutadana ha llan\u00e7at una guia sobre com constituir associacions pas a pas. <strong>L&#8217;edil Puri Vives<\/strong> ha explicat que, des de l&#8217;\u00e0rea municipal que dirigeix, responsable del Registre Municipal de les Entitats Ciutadanes, \u201cconsiderem important promoure l&#8217;associacionisme i la participaci\u00f3 activa de tota la ciutadania\u201d. Per aix\u00f2, a m\u00e9s de la versi\u00f3 digital disponible en la web de l&#8217;Ajuntament, <strong>s&#8217;han editat 500 exemplars inicials en paper que podran arreplegar-se a les depend\u00e8ncies de la Regidoria<\/strong>, a la pla\u00e7a Men\u00e9ndez i Pelayo n\u00famero 2 baix.<\/p>\n<p>\u201cLa guia reflexa de manera clara i molt senzilla tota la informaci\u00f3 <strong>per a facilitar a aquelles persones que estiguen interessades a crear una associaci\u00f3 que puguen fer-ho simplement seguint huit passos<\/strong>\u201d, ha manifestat la regidora, que ha recalcat que en les 13 p\u00e0gines d&#8217;aquesta es detallen de manera molt gr\u00e0fica els requisits, els formularis o les direccions on dirigir-se: des de l&#8217;elaboraci\u00f3 dels estatuts i la primera reuni\u00f3 oficial fins a la confirmaci\u00f3 telem\u00e0tica del Registre Municipal d&#8217;Associacions i la sol\u00b7licitud del Certificat Digital d&#8217;Associaci\u00f3 en el portal de la Generalitat Valenciana o en la web de la F\u00e0brica Nacional de Moneda i Timbre (FNMT).<\/p>\n<p>En aquest sentit, Vives ha explicat que per a elaborar el document <strong>s&#8217;han tingut en compte les novetats introdu\u00efdes arran de la implantaci\u00f3 de l&#8217;administraci\u00f3 electr\u00f2nica i, \u201cper descomptat\u201d, all\u00f2 que es disposa en la Llei org\u00e0nica 1\/2002, de 22 de mar\u00e7, reguladora del dret de l&#8217;associacionisme<\/strong> i els seus altres desenvolupaments legislatius. I que la iniciativa respon a una necessitat des de la Regidoria, perqu\u00e8 s\u00f3n freq\u00fcents les consultes de particulars respecte a la creaci\u00f3 d&#8217;entitats ciutadanes des de zero.[\/vc_column_text][\/vc_column][\/vc_row][vc_row][vc_column]<a href=\"https:\/\/www.elche.es\/va\/download\/guia-per-a-la-constitucio-duna-associacio\/?wpdmdl=232228&refresh=63ca8040259f51674215488\" target=\"_blank\" class=\"sc_button sc_button_square sc_button_style_filled style_original sc_button_size_large aligncenter btndentropagina margin_top_small margin_right_null margin_bottom_tiny margin_left_null\">Descarregar la guia per a la constituci\u00f3 d&#8217;una associaci\u00f3<\/a>[\/vc_column][\/vc_row][vc_row el_id=&#8221;DESTACADO_NOTICIA&#8221;][vc_column][vc_column_text el_class=&#8221;cuadronoticia&#8221;]<\/p>\n<h5>A m\u00e9s de la versi\u00f3 digital disponible en la web municipal, s&#8217;han editat 500 exemplars inicials en paper que podran arreplegar-se a les depend\u00e8ncies de la Regidoria, a la pla\u00e7a Men\u00e9ndez i Pelayo n\u00famero 2 baix<\/h5>\n<p>[\/vc_column_text][\/vc_column][\/vc_row][vc_row el_id=&#8221;TEXTO_FIN_NOTICIA&#8221;][vc_column][vc_column_text]\u201cEsperem que aquesta publicaci\u00f3 siga de gran utilitat per a la poblaci\u00f3, i que afavorisca la fundaci\u00f3 de noves associacions, que realitzen una gran labor i s\u00f3n molt necess\u00e0ries per a ajudar al fet que Elx siga una gran ciutat, <strong>amb un gran teixit associatiu fort, que treballa per a millorar la qualitat de vida de tots els il\u00b7licitans i les il\u00b7licitanes<\/strong>\u201d.<\/p>\n<p>La Guia F\u00e0cil per a la Constituci\u00f3 d&#8217;una Associaci\u00f3 ser\u00e0 <strong>presentada el dimecres 25 de gener, al Centre de Congressos Ciutat d\u2019Elx<\/strong>, a uns dos-cents alumnes dels cicles formatius de la fam\u00edlia professional de Serveis Socioculturals i a la Comunitat de l&#8217;IES Victoria Kent.<\/p>\n<h5>Pressupostos Participatius<\/h5>\n<p>En un altre ordre de coses, Vives ha recordat que la <strong>primera reuni\u00f3 dels Pressupostos Participatius<\/strong>, que es reprenen amb millores per a fer-los m\u00e9s efectius a l&#8217;hora d&#8217;executar els 800.000 euros de propostes ciutadanes per al present exercici, ser\u00e0 <strong>el dijous 26 de gener<\/strong>, a partir de les huit de la vesprada, al Centre C\u00edvic Candalix. Aix\u00ed mateix, l&#8217;edil ha recordat que els detalls de la iniciativa recuperada per l&#8217;Equip de Govern es troben en la web municipal.<\/p>\n<hr \/>\n<p>[\/vc_column_text][\/vc_column][\/vc_row][vc_row][vc_column width=&#8221;1\/6&#8243;][\/vc_column][vc_column width=&#8221;2\/3&#8243;]<audio class=\"sc_audio\" src=\"https:\/\/soundcloud.com\/ayuntamiento-de-elche\/participacion-ciudadana-lanza-una-guia-para-crear-asociaciones?si=5d32fedf99524e1fa84c2fe8cff848f9&#038;utm_source=clipboard&#038;utm_medium=text&#038;utm_campaign=social_sharing\" width=\"\" height=\"\"><\/audio>[\/vc_column][vc_column width=&#8221;1\/6&#8243;][\/vc_column][\/vc_row]<\/p>\n<\/div>","protected":false},"excerpt":{"rendered":"<p>[vc_row el_id=&#8221;SUBTITULAR_NOTICIA&#8221;][vc_column][vc_column_text] L&#8217;edil Puri Vives afirma que la iniciativa serveix per a promoure la participaci\u00f3 activa, i que aquestes entitats s\u00f3n necess\u00e0ries per a ajudar al fet que el municipi [&hellip;]<\/p>\n","protected":false},"author":131,"featured_media":233240,"comment_status":"closed","ping_status":"closed","sticky":false,"template":"","format":"standard","meta":{"footnotes":""},"categories":[391,1312,208],"tags":[],"class_list":["post-233236","post","type-post","status-publish","format-standard","has-post-thumbnail","hentry","category-home-va","category-noticias-va","category-participacio-ciutadana-va"],"_links":{"self":[{"href":"https:\/\/www.elche.es\/va\/wp-json\/wp\/v2\/posts\/233236","targetHints":{"allow":["GET"]}}],"collection":[{"href":"https:\/\/www.elche.es\/va\/wp-json\/wp\/v2\/posts"}],"about":[{"href":"https:\/\/www.elche.es\/va\/wp-json\/wp\/v2\/types\/post"}],"author":[{"embeddable":true,"href":"https:\/\/www.elche.es\/va\/wp-json\/wp\/v2\/users\/131"}],"replies":[{"embeddable":true,"href":"https:\/\/www.elche.es\/va\/wp-json\/wp\/v2\/comments?post=233236"}],"version-history":[{"count":0,"href":"https:\/\/www.elche.es\/va\/wp-json\/wp\/v2\/posts\/233236\/revisions"}],"wp:featuredmedia":[{"embeddable":true,"href":"https:\/\/www.elche.es\/va\/wp-json\/wp\/v2\/media\/233240"}],"wp:attachment":[{"href":"https:\/\/www.elche.es\/va\/wp-json\/wp\/v2\/media?parent=233236"}],"wp:term":[{"taxonomy":"category","embeddable":true,"href":"https:\/\/www.elche.es\/va\/wp-json\/wp\/v2\/categories?post=233236"},{"taxonomy":"post_tag","embeddable":true,"href":"https:\/\/www.elche.es\/va\/wp-json\/wp\/v2\/tags?post=233236"}],"curies":[{"name":"wp","href":"https:\/\/api.w.org\/{rel}","templated":true}]}}