{"id":233387,"date":"2023-01-20T11:00:04","date_gmt":"2023-01-20T10:00:04","guid":{"rendered":"https:\/\/www.elche.es\/2023\/01\/la-calaforra-acull-una-exposicio-de-fotografia-i-una-altra-de-dibuix-infantil-de-moros-i-cristians\/"},"modified":"2023-01-20T15:23:35","modified_gmt":"2023-01-20T14:23:35","slug":"la-calaforra-acull-una-exposicio-de-fotografia-i-una-altra-de-dibuix-infantil-de-moros-i-cristians","status":"publish","type":"post","link":"https:\/\/www.elche.es\/va\/2023\/01\/la-calaforra-acull-una-exposicio-de-fotografia-i-una-altra-de-dibuix-infantil-de-moros-i-cristians\/","title":{"rendered":"La Calaforra acull una exposici\u00f3 de fotografia i una altra de dibuix infantil de Moros i Cristians"},"content":{"rendered":"<div class=\"wpb-content-wrapper\"><p>[vc_row el_id=&#8221;SUBTITULAR_NOTICIA&#8221;][vc_column][vc_column_text]<\/p>\n<hr \/>\n<h4>La regidora de Festes, Mariola Galiana, i el president de l&#8217;entitat, Juli\u00e1n Fern\u00e1ndez, inauguren aquestes mostres, i en aquest mateix espai es podr\u00e0 votar el cartell anunciador dels Moros i Cristians 2023<\/h4>\n<hr \/>\n<p>[\/vc_column_text][\/vc_column][\/vc_row][vc_row el_id=&#8221;TEXTO_NOTICIA&#8221;][vc_column][vc_column_text]La Calaforra acull des d&#8217;aquest divendres l&#8217;exposici\u00f3 del concurs de fotografia de l&#8217;Associaci\u00f3 Festera de Moros i Cristians d&#8217;Elx, que ha comptat amb un total de 55 imatges. En aquest emblem\u00e0tic espai tamb\u00e9 s&#8217;han presentat els cartells que la ciutadania podr\u00e0 <strong>votar a les urnes instal\u00b7lades en l&#8217;immoble del qual eixir\u00e0 el que anuncie els Moros i Cristians 2023<\/strong>.<\/p>\n<p>L&#8217;edil de l&#8217;\u00e0rea, Mariola Galiana, acompanyada pel president de l&#8217;entitat, Juli\u00e1n Fern\u00e1ndez, ha inaugurat aquesta mostra, en la qual s&#8217;inclou de la de <strong>dibuix infantil composta per 270 il\u00b7lustracions i est\u00e0 dividides en tres categories per edat<\/strong>, que reflecteixen alguns dels moments m\u00e9s assenyalats d&#8217;aquesta Festa d&#8217;Inter\u00e9s Tur\u00edstic Auton\u00f2mic des de la mirada de les xiquetes i els xiquets il\u00b7licitans.[\/vc_column_text][\/vc_column][\/vc_row][vc_row type=&#8221;flexslider_slide&#8221; interval=&#8221;5&#8243; source=&#8221;media_library&#8221; images=&#8221;&#8221; img_size=&#8221;full&#8221; external_img_size=&#8221;&#8221; onclick=&#8221;link_image&#8221; custom_links_target=&#8221;_self&#8221; el_class=&#8221;galerianoticia&#8221; title=&#8221;&#8221; custom_srcs=&#8221;&#8221; custom_links=&#8221;&#8221;][vc_column][vc_gallery type=&#8221;flexslider_slide&#8221; interval=&#8221;5&#8243; images=&#8221;233384,233378,233380,233382&#8243; img_size=&#8221;full&#8221; el_class=&#8221;galerianoticia&#8221;][\/vc_column][\/vc_row][vc_row el_id=&#8221;TEXTO_FIN_NOTICIA&#8221;][vc_column][vc_column_text]Galiana ha convidat la poblaci\u00f3 a visitar aquests treballs que <strong>s&#8217;exhibiran fins al 5 de febrer i ha animat a votar el seu cartell favorit<\/strong> perqu\u00e8 es convertisca en la imatge de les festes de Moros i Cristians d&#8217;Elx tant dins com fora del municipi.<\/p>\n<p>Aix\u00ed mateix, ha agra\u00eft a Fern\u00e1ndez la disposici\u00f3 de l&#8217;Associaci\u00f3 que dirigeix per a fer m\u00e9s gran si cap el calendari fester de la localitat, i ha recordat que<strong> la deliberaci\u00f3 del concurs del cartell anunciador ser\u00e0 igualment a La Calaforra el pr\u00f2xim 31 de gener<\/strong>, mentre que l&#8217;endem\u00e0 el Gran Teatre acollir\u00e0 l\u2019entrega de premis dels diferents concursos.<\/p>\n<hr \/>\n<p>&nbsp;<\/p>\n<p>[\/vc_column_text][\/vc_column][\/vc_row][vc_row][vc_column width=&#8221;1\/6&#8243;][\/vc_column][vc_column width=&#8221;2\/3&#8243;]<audio class=\"sc_audio\" src=\"\" width=\"\" height=\"\"><\/audio>[\/vc_column][vc_column width=&#8221;1\/6&#8243;][\/vc_column][\/vc_row]<\/p>\n<\/div>","protected":false},"excerpt":{"rendered":"<p>[vc_row el_id=&#8221;SUBTITULAR_NOTICIA&#8221;][vc_column][vc_column_text] La regidora de Festes, Mariola Galiana, i el president de l&#8217;entitat, Juli\u00e1n Fern\u00e1ndez, inauguren aquestes mostres, i en aquest mateix espai es podr\u00e0 votar el cartell anunciador dels [&hellip;]<\/p>\n","protected":false},"author":131,"featured_media":233377,"comment_status":"closed","ping_status":"closed","sticky":false,"template":"","format":"standard","meta":{"footnotes":""},"categories":[191,391,1312],"tags":[],"class_list":["post-233387","post","type-post","status-publish","format-standard","has-post-thumbnail","hentry","category-festes-va","category-home-va","category-noticias-va"],"_links":{"self":[{"href":"https:\/\/www.elche.es\/va\/wp-json\/wp\/v2\/posts\/233387","targetHints":{"allow":["GET"]}}],"collection":[{"href":"https:\/\/www.elche.es\/va\/wp-json\/wp\/v2\/posts"}],"about":[{"href":"https:\/\/www.elche.es\/va\/wp-json\/wp\/v2\/types\/post"}],"author":[{"embeddable":true,"href":"https:\/\/www.elche.es\/va\/wp-json\/wp\/v2\/users\/131"}],"replies":[{"embeddable":true,"href":"https:\/\/www.elche.es\/va\/wp-json\/wp\/v2\/comments?post=233387"}],"version-history":[{"count":0,"href":"https:\/\/www.elche.es\/va\/wp-json\/wp\/v2\/posts\/233387\/revisions"}],"wp:featuredmedia":[{"embeddable":true,"href":"https:\/\/www.elche.es\/va\/wp-json\/wp\/v2\/media\/233377"}],"wp:attachment":[{"href":"https:\/\/www.elche.es\/va\/wp-json\/wp\/v2\/media?parent=233387"}],"wp:term":[{"taxonomy":"category","embeddable":true,"href":"https:\/\/www.elche.es\/va\/wp-json\/wp\/v2\/categories?post=233387"},{"taxonomy":"post_tag","embeddable":true,"href":"https:\/\/www.elche.es\/va\/wp-json\/wp\/v2\/tags?post=233387"}],"curies":[{"name":"wp","href":"https:\/\/api.w.org\/{rel}","templated":true}]}}