{"id":241054,"date":"2023-03-09T17:16:41","date_gmt":"2023-03-09T16:16:41","guid":{"rendered":"https:\/\/www.elche.es\/2023\/03\/lexposicio-nosaltres-pintem-mostra-fins-al-26-de-marc-a-les-clarisses-el-talent-pictoric-de-43-dones\/"},"modified":"2023-03-10T10:00:10","modified_gmt":"2023-03-10T09:00:10","slug":"lexposicio-nosaltres-pintem-mostra-fins-al-26-de-marc-a-les-clarisses-el-talent-pictoric-de-43-dones","status":"publish","type":"post","link":"https:\/\/www.elche.es\/va\/2023\/03\/lexposicio-nosaltres-pintem-mostra-fins-al-26-de-marc-a-les-clarisses-el-talent-pictoric-de-43-dones\/","title":{"rendered":"L&#8217;exposici\u00f3 \u2018Nosaltres pintem\u2019 mostra fins al 26 de mar\u00e7 a Les Clarisses el talent pict\u00f2ric de 43 dones"},"content":{"rendered":"<div class=\"wpb-content-wrapper\"><p>[vc_row el_id=&#8221;TEXTO_NOTICIA&#8221;][vc_column][vc_column_text]<\/p>\n<div>\n<p><span lang=\"ca-ES-valencia\">El talent femen\u00ed es dona cita al claustre del convent de Les Clarisses fins al 26 de mar\u00e7 amb l&#8217;exposici\u00f3 col\u00b7lectiva de pintura <strong>\u2018Nosaltres pintem\u2019, que exhibeix 43 treballs de tem\u00e0tica i t\u00e8cnica lliure<\/strong> realitzades pel mateix nombre d&#8217;artistes, s\u00f2cies de l&#8217;Associaci\u00f3 Belles arts Elx (ABAE).<\/span><\/p>\n<\/div>\n<p>[\/vc_column_text][\/vc_column][\/vc_row][vc_row type=&#8221;flexslider_slide&#8221; interval=&#8221;5&#8243; source=&#8221;media_library&#8221; images=&#8221;&#8221; img_size=&#8221;full&#8221; external_img_size=&#8221;&#8221; onclick=&#8221;link_image&#8221; custom_links_target=&#8221;_self&#8221; el_class=&#8221;galerianoticia&#8221; title=&#8221;&#8221; custom_srcs=&#8221;&#8221; custom_links=&#8221;&#8221;][vc_column][vc_gallery type=&#8221;flexslider_slide&#8221; interval=&#8221;5&#8243; images=&#8221;241027,241025,241023,241021,241019,241017,241015,241013,241011,241005,241003,241001,241007,240999,240997,240995,241009,240993&#8243; img_size=&#8221;full&#8221; el_class=&#8221;galerianoticia&#8221;][\/vc_column][\/vc_row][vc_row][vc_column][vc_column_text]<\/p>\n<div>\n<p><span lang=\"ca-ES-valencia\">L&#8217;exposici\u00f3, que sorgeix de la <strong>col\u00b7laboraci\u00f3 entre l&#8217;entitat i les Regidories de Cultura i d&#8217;Igualtat<\/strong> per l&#8217;efem\u00e8ride del 8M, Dia Internacional de la Dona, va ser inaugurada davant un nodrit nombre de persones per<strong> la titular de Cultura, Marga Ant\u00f3n<\/strong>, que va estar acompanyada pel president i per la vicepresidenta d\u2019ABAE \u2013associaci\u00f3 que va complir 25 anys en 2021\u2013, Juan Germ\u00e1n i \u00c1ngeles Mora.<\/span><\/p>\n<\/div>\n<p>[\/vc_column_text][\/vc_column][\/vc_row][vc_row source=&#8221;media_library&#8221; image=&#8221;&#8221; img_size=&#8221;medium&#8221; external_img_size=&#8221;&#8221; add_caption=&#8221;&#8221; alignment=&#8221;center&#8221; style=&#8221;&#8221; external_style=&#8221;&#8221; border_color=&#8221;grey&#8221; external_border_color=&#8221;grey&#8221; onclick=&#8221;link_image&#8221; img_link_target=&#8221;_self&#8221; el_class=&#8221;fotounicanoticiavertical&#8221; title=&#8221;&#8221; custom_src=&#8221;&#8221; caption=&#8221;&#8221; link=&#8221;&#8221; img_link_large=&#8221;&#8221;][vc_column][vc_single_image image=&#8221;241031&#8243; img_size=&#8221;medium&#8221; alignment=&#8221;center&#8221; onclick=&#8221;link_image&#8221; el_class=&#8221;fotounicanoticiavertical&#8221;][\/vc_column][\/vc_row][vc_row][vc_column][vc_column_text]<\/p>\n<div>\n<p><span lang=\"ca-ES-valencia\">Ant\u00f3n, que va rec\u00f3rrer la mostra al costat de Germ\u00e1n, va lloar la qualitat de les obres pict\u00f2riques i va convidar la ciutadania a <strong>descobrir-les en un marc incomparable com ho \u00e9s el claustre de l\u2019antic convent<\/strong>. El president d\u2019ABAE, per part seua, va agrair a l&#8217;Ajuntament d&#8217;Elx i a la seua Regidoria de Cultura el suport rebut per a aquesta i altres activitats organitzades per l&#8217;entitat que dirigeix. Abans de tancar l&#8217;acte, la poetessa il\u00b7licitana Felicidad Alarc\u00f3n va arrancar els aplaudiments dels presents recitant uns emotius versos.<\/span><\/p>\n<\/div>\n<div>\n<p><span lang=\"ca-ES-valencia\"><span lang=\"ca-ES-valencia\">D&#8217;altra banda, la responsable municipal de Cultura inaugurar\u00e0 <strong>el 9 de mar\u00e7 a les 18.30 hores<\/strong>, a la <strong>Sala Antiga Capella de l&#8217;Orde Tercer Francisc\u00e0<\/strong>, una <strong>exposici\u00f3 amb obres de l&#8217;alcoi\u00e0 Josep Sou<\/strong>, poeta, doctor en Belles arts, docent de Pintura Urbana a la Universitat Miguel Hern\u00e1ndez d&#8217;Elx (UMHE) fins a 2013 i director t\u00e8cnic de la C\u00e0tedra Antoni Mir\u00f3 d&#8217;Art Contemporani de la Universitat d&#8217;Alacant (UA).<\/span><\/span><\/p>\n<hr \/>\n<p><span lang=\"ca-ES-valencia\">\u00a0<\/span><\/p>\n<\/div>\n<p>[\/vc_column_text][\/vc_column][\/vc_row]<\/p>\n<\/div>","protected":false},"excerpt":{"rendered":"<p>[vc_row el_id=&#8221;TEXTO_NOTICIA&#8221;][vc_column][vc_column_text] El talent femen\u00ed es dona cita al claustre del convent de Les Clarisses fins al 26 de mar\u00e7 amb l&#8217;exposici\u00f3 col\u00b7lectiva de pintura \u2018Nosaltres pintem\u2019, que exhibeix 43 [&hellip;]<\/p>\n","protected":false},"author":131,"featured_media":241030,"comment_status":"closed","ping_status":"closed","sticky":false,"template":"","format":"standard","meta":{"footnotes":""},"categories":[2864,193,209,3205],"tags":[],"class_list":["post-241054","post","type-post","status-publish","format-standard","has-post-thumbnail","hentry","category-breus","category-cultura-va","category-igualtat-va","category-portada-derechos-sociales"],"_links":{"self":[{"href":"https:\/\/www.elche.es\/va\/wp-json\/wp\/v2\/posts\/241054","targetHints":{"allow":["GET"]}}],"collection":[{"href":"https:\/\/www.elche.es\/va\/wp-json\/wp\/v2\/posts"}],"about":[{"href":"https:\/\/www.elche.es\/va\/wp-json\/wp\/v2\/types\/post"}],"author":[{"embeddable":true,"href":"https:\/\/www.elche.es\/va\/wp-json\/wp\/v2\/users\/131"}],"replies":[{"embeddable":true,"href":"https:\/\/www.elche.es\/va\/wp-json\/wp\/v2\/comments?post=241054"}],"version-history":[{"count":0,"href":"https:\/\/www.elche.es\/va\/wp-json\/wp\/v2\/posts\/241054\/revisions"}],"wp:featuredmedia":[{"embeddable":true,"href":"https:\/\/www.elche.es\/va\/wp-json\/wp\/v2\/media\/241030"}],"wp:attachment":[{"href":"https:\/\/www.elche.es\/va\/wp-json\/wp\/v2\/media?parent=241054"}],"wp:term":[{"taxonomy":"category","embeddable":true,"href":"https:\/\/www.elche.es\/va\/wp-json\/wp\/v2\/categories?post=241054"},{"taxonomy":"post_tag","embeddable":true,"href":"https:\/\/www.elche.es\/va\/wp-json\/wp\/v2\/tags?post=241054"}],"curies":[{"name":"wp","href":"https:\/\/api.w.org\/{rel}","templated":true}]}}