{"id":247730,"date":"2023-04-25T14:14:52","date_gmt":"2023-04-25T12:14:52","guid":{"rendered":"https:\/\/www.elche.es\/2023\/04\/elx-ja-compta-amb-el-seu-pla-de-mobilitat-urbana-sostenible-lobjectiu-del-qual-es-garantir-un-aire-net-i-una-ciutat-saludable\/"},"modified":"2023-04-25T14:14:53","modified_gmt":"2023-04-25T12:14:53","slug":"elx-ja-compta-amb-el-seu-pla-de-mobilitat-urbana-sostenible-lobjectiu-del-qual-es-garantir-un-aire-net-i-una-ciutat-saludable","status":"publish","type":"post","link":"https:\/\/www.elche.es\/va\/2023\/04\/elx-ja-compta-amb-el-seu-pla-de-mobilitat-urbana-sostenible-lobjectiu-del-qual-es-garantir-un-aire-net-i-una-ciutat-saludable\/","title":{"rendered":"Elx ja compta amb el seu Pla de Mobilitat Urbana Sostenible l&#8217;objectiu del qual \u00e9s garantir un aire net i una ciutat saludable"},"content":{"rendered":"<div class=\"wpb-content-wrapper\"><p>[vc_row el_id=&#8221;SUBTITULAR_NOTICIA&#8221;][vc_column][vc_column_text]<\/p>\n<hr \/>\n<h4>La regidora Esther D\u00edez explica que es tracta d&#8217;una important eina per a reduir fins a un 50% les emissions contaminants i per a propiciar barris molt m\u00e9s saludables, amables i verds a trav\u00e9s d&#8217;una nova utilitzaci\u00f3 de l&#8217;espai p\u00fablic<\/h4>\n<hr \/>\n<p>[\/vc_column_text][\/vc_column][\/vc_row][vc_row el_id=&#8221;TEXTO_FIN_NOTICIA&#8221;][vc_column][vc_column_text]<strong>Elx ja compta amb el seu Pla de Mobilitat Urbana Sostenible (PMUS)<\/strong> \u201cuna eina fonamental per a garantir una ciutat m\u00e9s verda i saludable, aix\u00ed com per a reduir fins a un 50% les emissions contaminants al nostre municipi en 2030\u201d. Aix\u00ed ho ha anunciat la <strong>regidora de Mobilitat, Esther D\u00edez<\/strong>, que ha recordat que aquest document, que ser\u00e0 ratificat en el Ple del pr\u00f2xim dimarts, \u00e9s obligatori per a les ciutats de la Comunitat Valenciana de m\u00e9s de 20.000 habitants.<\/p>\n<p>\u201cEl PMUS d&#8217;Elx pret\u00e9n transformar la <strong>mobilitat al municipi per a garantir barris molt m\u00e9s saludables<\/strong>, amables i verds a trav\u00e9s d&#8217;una nova jerarquitzaci\u00f3 i nova utilitzaci\u00f3 de l&#8217;espai p\u00fablic\u201d, ha explicat la regidora.<\/p>\n<p><strong>D\u00edez ha indicat que els objectius estrat\u00e8gics<\/strong> s\u00f3n potenciar la mobilitat a peu, l&#8217;\u00fas de la bicicleta, millorar la xarxa de transport p\u00fablic, fomentar la intermodalitat, racionalitzar l&#8217;\u00fas del vehicle privat, garantir de forma ordenada la c\u00e0rrega i desc\u00e0rrega, educar i sensibilitzar cap a valors de mobilitat sostenible, fomentar els combustibles i tecnologies menys contaminants i impulsar la mobilitat intel\u00b7ligent.<\/p>\n<p>\u201cEn resum, la meta \u00e9s reduir les emissions contaminants a Elx, que en un 80% provenen del tr\u00e0nsit privat\u201d, ha indicat la regidora, que ha apuntat que entre els objectius ambientals que es fixen est\u00e0 reduir la quota de despla\u00e7aments en vehicles privats (a l\u2019\u00e0mbit urb\u00e0 i interurb\u00e0), <strong>reduir el consum de combustible associat al transport, reduir les emissions de di\u00f2xid de carboni i dels contaminant PM10.<\/strong><\/p>\n<p>D\u00edez ha recordat que <strong>els contaminants PM10 s\u00f3n els que s&#8217;utilitzen per a mesurar la qualitat de l&#8217;aire i s\u00f3n part\u00edcules<\/strong> especialment xicotetes que penetren en l&#8217;organisme de manera m\u00e9s directa i generen malalties i patologies associades a la contaminaci\u00f3 urbana.<\/p>\n<p>Tamb\u00e9 es pret\u00e9n amb aquest pla <strong>reduir la contaminaci\u00f3 ac\u00fastica<\/strong>, optimitzar l&#8217;ocupaci\u00f3 de l&#8217;espai p\u00fablic pel que fa al vehicle privat de motor i reduir l&#8217;accidentalitat.<\/p>\n<h5>Com dur a terme aqueixes metes<\/h5>\n<p>Esther D\u00edez ha indicat que \u201cper a aconseguir les metes tra\u00e7ades amb el PMUS es dur\u00e0 a terme la <strong>protecci\u00f3 de les zones residencials amb la reducci\u00f3 de l&#8217;\u00fas del vehicle privat<\/strong> per a propiciar que circule per les zones perif\u00e8riques de manera que no tinga afecci\u00f3 al cor dels barris, que \u00e9s on resideixen les persones\u201d.<\/p>\n<p>Al costat d&#8217;aix\u00f2, <strong>es recuperar\u00e0 l&#8217;espai p\u00fablic com a element central de la vida urbana als barris<\/strong>. Tamb\u00e9 es fomentar\u00e0 un canvi modal en la mobilitat interna del municipi i per aix\u00f2 es fixen diferents anells en els quals dur a terme aquesta mena d&#8217;actuacions.<\/p>\n<p>\u201cTamb\u00e9 es garantir\u00e0 l&#8217;accessibilitat, <strong>el dret de totes les persones independentment de la seua condici\u00f3 f\u00edsica a poder moure&#8217;s per la ciutat<\/strong>. Alhora, es busca una mobilitat que siga sensible amb el patrimoni i amb el paisatge, com en el cas del Palmerar, que necessita que es pacifique el tr\u00e0nsit al seu voltant el m\u00e0xim possible\u201d, ha destacat la regidora.<\/p>\n<p>En el PMUS es contemplen sis tipologies de viari depenent de cadascuna de les zones de la ciutat. Es fixa una ronda interior en un primer anell per a continuar amb la <strong>conversi\u00f3 en zona de vianants del centre de la ciutat i els vials del Palmerar passen a tindre un nou tractament.<\/strong><\/p>\n<p>En una seg\u00fcent fase es creen corredors verds a Carr\u00fas i al Pla i posteriorment a Altabix, on es reconvertiran els carrers durs en altres amb elements per al <strong>transport alternatiu, amb voreres m\u00e9s amples, vegetaci\u00f3 i mobiliari urb\u00e0.<\/strong><\/p>\n<p>\u201cA trav\u00e9s de totes les mesures que s&#8217;exposen es preveu aconseguir una reducci\u00f3 de fins al 50% de les emissions contaminants l&#8217;any 2030\u201d, ha apuntat D\u00edez, que ha puntualitzat que en el cas del <strong>di\u00f2xid de carboni, la reducci\u00f3 seria del 50% mentre que en cas del PM10 seria del 40%.<\/strong><\/p>\n<h5>32.000 metres quadrats d&#8217;espai p\u00fablic m\u00e9s<\/h5>\n<p>La responsable de Mobilitat ha indicat que amb el PMUS es guanyen m\u00e9s de 32.000 metres quadrats d&#8217;espai p\u00fablic, \u201cespai que estem recuperant al cor dels barris per a la ciutadania per a posar en valor tamb\u00e9 nostre comer\u00e7 dels barris, <strong>impulsar la seguretat, la sostenibilitat i, per descomptat, l&#8217;accessibilitat<\/strong>\u201d.<\/p>\n<p>\u201cEl PMUS ha sigut una prioritat d&#8217;aquest Equip de Govern, una eina per a garantir la mobilitat sostenible d&#8217;aquesta d\u00e8cada sobre els criteris d&#8217;una ciutat verda, amable i saludable. En aquest document es plasmen una s\u00e8rie de mesures, algunes de les quals ja estem duent a terme com el desenvolupament del carril bici o la conversi\u00f3 en zona de vianants del centre. Volem amb tot aix\u00f2 garantir el <strong>dret de la ciutadania a respirar un aire net i viure en una ciutat verda i saludable<\/strong>\u201d, ha concl\u00f2s.<\/p>\n<hr \/>\n<p>&nbsp;[\/vc_column_text][\/vc_column][\/vc_row]<\/p>\n<\/div>","protected":false},"excerpt":{"rendered":"<p>[vc_row el_id=&#8221;SUBTITULAR_NOTICIA&#8221;][vc_column][vc_column_text] La regidora Esther D\u00edez explica que es tracta d&#8217;una important eina per a reduir fins a un 50% les emissions contaminants i per a propiciar barris molt m\u00e9s [&hellip;]<\/p>\n","protected":false},"author":131,"featured_media":247706,"comment_status":"closed","ping_status":"closed","sticky":false,"template":"","format":"standard","meta":{"footnotes":""},"categories":[391,217,1312],"tags":[],"class_list":["post-247730","post","type-post","status-publish","format-standard","has-post-thumbnail","hentry","category-home-va","category-mobilitat","category-noticias-va"],"_links":{"self":[{"href":"https:\/\/www.elche.es\/va\/wp-json\/wp\/v2\/posts\/247730","targetHints":{"allow":["GET"]}}],"collection":[{"href":"https:\/\/www.elche.es\/va\/wp-json\/wp\/v2\/posts"}],"about":[{"href":"https:\/\/www.elche.es\/va\/wp-json\/wp\/v2\/types\/post"}],"author":[{"embeddable":true,"href":"https:\/\/www.elche.es\/va\/wp-json\/wp\/v2\/users\/131"}],"replies":[{"embeddable":true,"href":"https:\/\/www.elche.es\/va\/wp-json\/wp\/v2\/comments?post=247730"}],"version-history":[{"count":0,"href":"https:\/\/www.elche.es\/va\/wp-json\/wp\/v2\/posts\/247730\/revisions"}],"wp:featuredmedia":[{"embeddable":true,"href":"https:\/\/www.elche.es\/va\/wp-json\/wp\/v2\/media\/247706"}],"wp:attachment":[{"href":"https:\/\/www.elche.es\/va\/wp-json\/wp\/v2\/media?parent=247730"}],"wp:term":[{"taxonomy":"category","embeddable":true,"href":"https:\/\/www.elche.es\/va\/wp-json\/wp\/v2\/categories?post=247730"},{"taxonomy":"post_tag","embeddable":true,"href":"https:\/\/www.elche.es\/va\/wp-json\/wp\/v2\/tags?post=247730"}],"curies":[{"name":"wp","href":"https:\/\/api.w.org\/{rel}","templated":true}]}}