{"id":256133,"date":"2023-07-04T12:39:48","date_gmt":"2023-07-04T10:39:48","guid":{"rendered":"https:\/\/www.elche.es\/2023\/07\/lajuntament-inicia-el-desbloqueig-de-les-24-noves-llicencies-de-taxi-concedides-per-la-generalitat\/"},"modified":"2023-07-04T12:39:59","modified_gmt":"2023-07-04T10:39:59","slug":"lajuntament-inicia-el-desbloqueig-de-les-24-noves-llicencies-de-taxi-concedides-per-la-generalitat","status":"publish","type":"post","link":"https:\/\/www.elche.es\/va\/2023\/07\/lajuntament-inicia-el-desbloqueig-de-les-24-noves-llicencies-de-taxi-concedides-per-la-generalitat\/","title":{"rendered":"L&#8217;Ajuntament inicia el desbloqueig de les 24 noves llic\u00e8ncies de taxi concedides per la Generalitat"},"content":{"rendered":"<div class=\"wpb-content-wrapper\"><p>[vc_row el_id=&#8221;SUBTITULAR_NOTICIA&#8221;][vc_column][vc_column_text]<\/p>\n<hr \/>\n<h4>Les autoritzacions es van atorgar abans de la pand\u00e8mia i ara comen\u00e7a un proc\u00e9s intern que es prolongar\u00e0 durant almenys un any<\/h4>\n<hr \/>\n<p>[\/vc_column_text][\/vc_column][\/vc_row][vc_row el_id=&#8221;TEXTO_NOTICIA&#8221;][vc_column][vc_column_text]L&#8217;Ajuntament ha iniciat el proc\u00e9s de desbloqueig de les <strong>24 noves llic\u00e8ncies de taxi concedides abans de la pand\u00e8mia per la Generalitat Valenciana<\/strong>. Una s\u00e8rie d&#8217;autoritzacions que, en paraules del <strong>regidor de Mobilitat Urbana, Jos\u00e9 Claudio Guilabert<\/strong>, l&#8217;anterior responsable de l&#8217;\u00e0rea \u201ctenia al calaix i es va negar a traure-les\u201d.<\/p>\n<p>El proc\u00e9s intern comen\u00e7a ara i es prolongar\u00e0 durant almenys un any. Amb aquestes noves llic\u00e8ncies, \u201cel nombre d&#8217;autoritzacions s&#8217;ampliaria fins a 228 i aix\u00ed es podr\u00e0 complir amb la r\u00e0tio correcta <strong>d&#8217;1 taxi per cada 1.000 habitants<\/strong>\u201d. Una manera de donar resposta a les necessitats per a tractar de millorar el servei \u201cdavant la situaci\u00f3 de cues a l&#8217;aeroport, saturaci\u00f3 a les pedanies o falta de taxis a les parades\u201d.[\/vc_column_text][\/vc_column][\/vc_row][vc_row el_id=&#8221;DESTACADO_NOTICIA&#8221;][vc_column][vc_column_text el_class=&#8221;cuadronoticia&#8221;]<\/p>\n<h5>El 17 de juliol es realitzar\u00e0 l&#8217;examen de capacitaci\u00f3 per a ser conductor de taxi, que permetr\u00e0 als titulars contractar m\u00e9s persones per a prestar el servei<\/h5>\n<p>[\/vc_column_text][\/vc_column][\/vc_row][vc_row el_id=&#8221;TEXTO_FIN_NOTICIA&#8221;][vc_column][vc_column_text]D&#8217;altra banda, s&#8217;han posat en marxa <strong>mesures consensuades amb les mateixes associacions de taxis<\/strong> davant els problemes de prove\u00efment en l&#8217;aeroport. D&#8217;aquesta manera, <strong>els taxis que es troben de descans a Elx i l&#8217;aeroport poden prestar ajuda de manera volunt\u00e0ria<\/strong> per a descongestionar el servei. \u201cEstem plantejant totes les alternatives possibles per a prestar el millor servei, que al seu torn suposa oferir una millor imatge de la ciutat\u201d.<\/p>\n<p>D&#8217;altra banda, ha anunciat que <strong>el pr\u00f2xim 17 de juliol de 2023 a les 8.30 hores a l&#8217;edifici Altabix de la Universitat Miguel Hern\u00e1ndez es realitzar\u00e0 l&#8217;examen de capacitaci\u00f3 per a ser conductor de taxi<\/strong>. Una prova a la qual estan cridades 210 persones i amb la qual \u201ces pret\u00e9n donar a curt termini un alleujament als usuaris per la falta de taxis i permetre els titulars de les llic\u00e8ncies poder contractar m\u00e9s persones per a prestar el servei. La idea \u00e9s que aquest estiu ja puguen estar operatius.<\/p>\n<p>Guilbert ha assegurat que des que aquest govern ha pres possessi\u00f3 \u201c<strong>el sector del taxi s&#8217;ha convertit en una prioritat<\/strong>\u201d.<\/p>\n<hr \/>\n<p>[\/vc_column_text][\/vc_column][\/vc_row][vc_row][vc_column width=&#8221;1\/6&#8243;][\/vc_column][vc_column width=&#8221;2\/3&#8243;]<audio class=\"sc_audio\" src=\"https:\/\/soundcloud.com\/ayuntamiento-de-elche\/nuevas-licencias-para-los-taxis-en-elche?si=82b4427a6ba94074a07905091fd9c325&#038;utm_source=clipboard&#038;utm_medium=text&#038;utm_campaign=social_sharing\" width=\"\" height=\"\"><\/audio>[\/vc_column][vc_column width=&#8221;1\/6&#8243;][\/vc_column][\/vc_row]<\/p>\n<\/div>","protected":false},"excerpt":{"rendered":"<p>[vc_row el_id=&#8221;SUBTITULAR_NOTICIA&#8221;][vc_column][vc_column_text] Les autoritzacions es van atorgar abans de la pand\u00e8mia i ara comen\u00e7a un proc\u00e9s intern que es prolongar\u00e0 durant almenys un any [\/vc_column_text][\/vc_column][\/vc_row][vc_row el_id=&#8221;TEXTO_NOTICIA&#8221;][vc_column][vc_column_text]L&#8217;Ajuntament ha iniciat el proc\u00e9s [&hellip;]<\/p>\n","protected":false},"author":131,"featured_media":256126,"comment_status":"closed","ping_status":"closed","sticky":false,"template":"","format":"standard","meta":{"footnotes":""},"categories":[391,1312],"tags":[],"class_list":["post-256133","post","type-post","status-publish","format-standard","has-post-thumbnail","hentry","category-home-va","category-noticias-va"],"_links":{"self":[{"href":"https:\/\/www.elche.es\/va\/wp-json\/wp\/v2\/posts\/256133","targetHints":{"allow":["GET"]}}],"collection":[{"href":"https:\/\/www.elche.es\/va\/wp-json\/wp\/v2\/posts"}],"about":[{"href":"https:\/\/www.elche.es\/va\/wp-json\/wp\/v2\/types\/post"}],"author":[{"embeddable":true,"href":"https:\/\/www.elche.es\/va\/wp-json\/wp\/v2\/users\/131"}],"replies":[{"embeddable":true,"href":"https:\/\/www.elche.es\/va\/wp-json\/wp\/v2\/comments?post=256133"}],"version-history":[{"count":2,"href":"https:\/\/www.elche.es\/va\/wp-json\/wp\/v2\/posts\/256133\/revisions"}],"predecessor-version":[{"id":256135,"href":"https:\/\/www.elche.es\/va\/wp-json\/wp\/v2\/posts\/256133\/revisions\/256135"}],"wp:featuredmedia":[{"embeddable":true,"href":"https:\/\/www.elche.es\/va\/wp-json\/wp\/v2\/media\/256126"}],"wp:attachment":[{"href":"https:\/\/www.elche.es\/va\/wp-json\/wp\/v2\/media?parent=256133"}],"wp:term":[{"taxonomy":"category","embeddable":true,"href":"https:\/\/www.elche.es\/va\/wp-json\/wp\/v2\/categories?post=256133"},{"taxonomy":"post_tag","embeddable":true,"href":"https:\/\/www.elche.es\/va\/wp-json\/wp\/v2\/tags?post=256133"}],"curies":[{"name":"wp","href":"https:\/\/api.w.org\/{rel}","templated":true}]}}