{"id":256447,"date":"2023-07-06T14:08:45","date_gmt":"2023-07-06T12:08:45","guid":{"rendered":"https:\/\/www.elche.es\/2023\/07\/la-regidoria-de-cultura-presenta-la-programacio-de-nits-destiu-a-la-terrassa-de-lescorxador\/"},"modified":"2023-07-06T14:08:54","modified_gmt":"2023-07-06T12:08:54","slug":"la-regidoria-de-cultura-presenta-la-programacio-de-nits-destiu-a-la-terrassa-de-lescorxador","status":"publish","type":"post","link":"https:\/\/www.elche.es\/va\/2023\/07\/la-regidoria-de-cultura-presenta-la-programacio-de-nits-destiu-a-la-terrassa-de-lescorxador\/","title":{"rendered":"La Regidoria de Cultura presenta la programaci\u00f3 de \u201cNits d\u2019estiu\u201d a la terrassa de L\u2019Escorxador"},"content":{"rendered":"<div class=\"wpb-content-wrapper\"><p>[vc_row el_id=&#8221;SUBTITULAR_NOTICIA&#8221;][vc_column][vc_column_text]<\/p>\n<hr \/>\n<h4>La regidora de Cultura, Irene Ruiz, assegura que les activitats proposades \u201ces caracteritzen per la seua varietat, qualitat cultural i estan dirigides a tota la fam\u00edlia\u201d<\/h4>\n<hr \/>\n<p>[\/vc_column_text][\/vc_column][\/vc_row][vc_row el_id=&#8221;TEXTO_NOTICIA&#8221;][vc_column][vc_column_text]La regidora de Cultura, Irene Ruiz, ha presentat la programaci\u00f3 per als mesos de <strong>juliol i agost a la terrassa de L\u2019Escorxador<\/strong>. Unes activitats que \u201ces caracteritzen per la seua varietat, qualitat cultural i estan dirigides a tota la fam\u00edlia\u201d, assegura Ruiz. Precisament, les projeccions en aquest espai comencen el divendres amb la pel\u00b7l\u00edcula <em>Canta 2<\/em>, enfocada al p\u00fablic infantil.<\/p>\n<p>El dissabte 8 de juliol continuar\u00e0 amb el concert de Colectivo Da Silva i Tri\u00e1ngulo de Amor Bizarro. Les sessions es conjuguen amb l&#8217;activitat del <strong>Festival Internacional de Teatre<\/strong>, una altra oferta cultural que L\u2019Escorxador ofereix al municipi. Tamb\u00e9 prossegueix l&#8217;escola d&#8217;estiu amb \u201cArt amb molt de conte\u201d i la formaci\u00f3 \u201cDansa per a tots\u201d a c\u00e0rrec d&#8217;OtraDanza.<\/p>\n<p>A partir del 10 de juliol s&#8217;obrin les inscripcions per al <strong>taller \u201cLa Persist\u00e8ncia de la mem\u00f2ria\u201d<\/strong>, dirigit a professionals d&#8217;arts esc\u00e8niques, impartit per Paco Maci\u00e0 de la Companyia Ferrovi\u00e0ria.[\/vc_column_text][\/vc_column][\/vc_row][vc_row source=&#8221;media_library&#8221; image=&#8221;&#8221; img_size=&#8221;full&#8221; external_img_size=&#8221;&#8221; add_caption=&#8221;&#8221; alignment=&#8221;left&#8221; style=&#8221;&#8221; external_style=&#8221;&#8221; border_color=&#8221;grey&#8221; external_border_color=&#8221;grey&#8221; onclick=&#8221;link_image&#8221; img_link_target=&#8221;_self&#8221; el_class=&#8221;fotounicanoticia&#8221; title=&#8221;&#8221; custom_src=&#8221;&#8221; caption=&#8221;&#8221; link=&#8221;&#8221; img_link_large=&#8221;&#8221;][vc_column][vc_single_image image=&#8221;256407&#8243; img_size=&#8221;full&#8221; onclick=&#8221;link_image&#8221; el_class=&#8221;fotounicanoticia&#8221;][\/vc_column][\/vc_row][vc_row][vc_column][vc_column_text]A m\u00e9s, L\u2019Escorxador forma part del <strong>projecte de resid\u00e8ncies art\u00edstiques per a les companyies professionals de la Comunitat Valenciana<\/strong> amb \u201cImpuls a la dansa\u201d, festival de dansa i arts del moviment. I el pr\u00f2xim 17 de juliol s&#8217;incorpora Bernat Maci\u00e0, que ser\u00e0 companyia resident fins al pr\u00f2xim 16 de setembre a la Sala Esc\u00e8niques 1.<\/p>\n<p>El 5 d&#8217;agost ser\u00e0 l&#8217;\u00faltim concert de la gira de Columpio Asesino. <strong>La programaci\u00f3 durar\u00e0 fins al 12 d&#8217;agost<\/strong>, amb els concerts de Joe Crep\u00fasculo, Delaporte, Meneo i Ley DJ, \u201csessions que tindran molt d&#8217;\u00e8xit\u201d, comenta Ruiz.[\/vc_column_text][\/vc_column][\/vc_row][vc_row el_id=&#8221;DESTACADO_NOTICIA&#8221;][vc_column][vc_column_text el_class=&#8221;cuadronoticia&#8221;]<\/p>\n<h5>\u201cPer als mesos de juliol i agost s&#8217;espera que l&#8217;aflu\u00e8ncia a l\u2019Escorxador siga de m\u00e9s de 10.000 persones\u201d, comenta Ruiz<\/h5>\n<p>[\/vc_column_text][\/vc_column][\/vc_row][vc_row el_id=&#8221;TEXTO_FIN_NOTICIA&#8221;][vc_column][vc_column_text]La regidora de Cultura ha assegurat que en menys d&#8217;un mes s<strong>&#8216;ha aconseguit vendre el 80% de les entrades<\/strong>. \u201cLa programaci\u00f3 \u00e9s molt potent, L\u2019Escorxador continua sent un punt de trobada cultural i mant\u00e9 una intensa activitat\u201d. Des de la Regidoria de l&#8217;\u00e0rea esperen que l&#8217;aflu\u00e8ncia per als mesos de juliol i agost siga de m\u00e9s de 10.000 persones, \u201canimem la gent al fet que vinga a con\u00e9ixer la terrassa, que vinguen amb xiquets o amb amics\u201d, afig Ruiz.<\/p>\n<p><strong>Les entrades dels concerts tindran un preu de 5 euros<\/strong>, ja que la filosofia de la Regidoria de Cultura i de L\u2019Escorxador \u00e9s oferir una programaci\u00f3 de qualitat i accessible per a la ciutadania.<\/p>\n<p>Irene Ruiz i el director de L\u2019Escorxador, han posat en com\u00fa les seues idees per a all\u00f2 que ambd\u00f3s volen veure aquests pr\u00f2xims mesos \u201cestem reajustant l&#8217;equip i veient les millors possibilitats\u201d, explica la regidora.<\/p>\n<hr \/>\n<p>&nbsp;<\/p>\n<p>[\/vc_column_text][\/vc_column][\/vc_row][vc_row][vc_column]<audio class=\"sc_audio\" src=\"https:\/\/soundcloud.com\/ayuntamiento-de-elche\/la-concejalia-de-cultura-presenta-la-programacion-de-nits-destiu-en-la-terraza-de-lescorxado?si=ca9c187994e44e72a5117bc59e71a8cd&#038;utm_source=clipboard&#038;utm_medium=text&#038;utm_campaign=social_sharing\" width=\"\" height=\"\"><\/audio>[\/vc_column][\/vc_row]<\/p>\n<\/div>","protected":false},"excerpt":{"rendered":"<p>[vc_row el_id=&#8221;SUBTITULAR_NOTICIA&#8221;][vc_column][vc_column_text] La regidora de Cultura, Irene Ruiz, assegura que les activitats proposades \u201ces caracteritzen per la seua varietat, qualitat cultural i estan dirigides a tota la fam\u00edlia\u201d [\/vc_column_text][\/vc_column][\/vc_row][vc_row el_id=&#8221;TEXTO_NOTICIA&#8221;][vc_column][vc_column_text]La [&hellip;]<\/p>\n","protected":false},"author":139,"featured_media":256413,"comment_status":"closed","ping_status":"closed","sticky":false,"template":"","format":"standard","meta":{"footnotes":""},"categories":[193,391,1312],"tags":[],"class_list":["post-256447","post","type-post","status-publish","format-standard","has-post-thumbnail","hentry","category-cultura-va","category-home-va","category-noticias-va"],"_links":{"self":[{"href":"https:\/\/www.elche.es\/va\/wp-json\/wp\/v2\/posts\/256447","targetHints":{"allow":["GET"]}}],"collection":[{"href":"https:\/\/www.elche.es\/va\/wp-json\/wp\/v2\/posts"}],"about":[{"href":"https:\/\/www.elche.es\/va\/wp-json\/wp\/v2\/types\/post"}],"author":[{"embeddable":true,"href":"https:\/\/www.elche.es\/va\/wp-json\/wp\/v2\/users\/139"}],"replies":[{"embeddable":true,"href":"https:\/\/www.elche.es\/va\/wp-json\/wp\/v2\/comments?post=256447"}],"version-history":[{"count":2,"href":"https:\/\/www.elche.es\/va\/wp-json\/wp\/v2\/posts\/256447\/revisions"}],"predecessor-version":[{"id":256449,"href":"https:\/\/www.elche.es\/va\/wp-json\/wp\/v2\/posts\/256447\/revisions\/256449"}],"wp:featuredmedia":[{"embeddable":true,"href":"https:\/\/www.elche.es\/va\/wp-json\/wp\/v2\/media\/256413"}],"wp:attachment":[{"href":"https:\/\/www.elche.es\/va\/wp-json\/wp\/v2\/media?parent=256447"}],"wp:term":[{"taxonomy":"category","embeddable":true,"href":"https:\/\/www.elche.es\/va\/wp-json\/wp\/v2\/categories?post=256447"},{"taxonomy":"post_tag","embeddable":true,"href":"https:\/\/www.elche.es\/va\/wp-json\/wp\/v2\/tags?post=256447"}],"curies":[{"name":"wp","href":"https:\/\/api.w.org\/{rel}","templated":true}]}}