{"id":256595,"date":"2023-07-07T13:33:10","date_gmt":"2023-07-07T11:33:10","guid":{"rendered":"https:\/\/www.elche.es\/2023\/07\/la-final-del-festival-de-la-canco-semmarcara-per-primera-vegada-dins-de-les-festes-delx\/"},"modified":"2023-07-07T13:33:20","modified_gmt":"2023-07-07T11:33:20","slug":"la-final-del-festival-de-la-canco-semmarcara-per-primera-vegada-dins-de-les-festes-delx","status":"publish","type":"post","link":"https:\/\/www.elche.es\/va\/2023\/07\/la-final-del-festival-de-la-canco-semmarcara-per-primera-vegada-dins-de-les-festes-delx\/","title":{"rendered":"La final del festival de la can\u00e7\u00f3 s&#8217;emmarcar\u00e0 per primera vegada dins de les Festes d&#8217;Elx"},"content":{"rendered":"<div class=\"wpb-content-wrapper\"><p>[vc_row el_id=&#8221;SUBTITULAR_NOTICIA&#8221;][vc_column][vc_column_text]<\/p>\n<hr \/>\n<h4>L\u2019hort de Baix acollir\u00e0 el pr\u00f2xim 6 d&#8217;agost la tercera edici\u00f3 del concurs en el qual col\u00b7labora l&#8217;Ajuntament<\/h4>\n<hr \/>\n<p>[\/vc_column_text][\/vc_column][\/vc_row][vc_row el_id=&#8221;TEXTO_NOTICIA&#8221;][vc_column][vc_column_text]L&#8217;hort de Baix acollir\u00e0 el pr\u00f2xim 6 d&#8217;agost la final del concurs del <strong>festival de la can\u00e7\u00f3 \u201cFestes d\u2019Elx\u201d<\/strong>, que arriba a la seua tercera edici\u00f3 de la m\u00e0 de la Regidoria de Festejos de l&#8217;Ajuntament d&#8217;Elx i de l&#8217;Escola de M\u00fasica EMYC. A m\u00e9s, enguany i per primera vegada, se celebrar\u00e0 en plenes festes d&#8217;agost.<\/p>\n<p>Aix\u00ed ho ha anunciat <strong>la regidora de l&#8217;\u00e0rea, Inma Mora<\/strong>, acompanyada del <strong>director de l&#8217;escola musical, Manuel Ramos i la cantant Oriana Quintero<\/strong>. \u201cEnguany recuperem l&#8217;ess\u00e8ncia i la tradici\u00f3 del festival de la can\u00e7\u00f3, emmarcant el concurs dins de les festes d&#8217;Elx, just el dia despr\u00e9s del preg\u00f3 al balc\u00f3 de l&#8217;Ajuntament\u201d, ha destacat Mora.[\/vc_column_text][\/vc_column][\/vc_row][vc_row el_id=&#8221;DESTACADO_NOTICIA&#8221;][vc_column][vc_single_image image=&#8221;256579&#8243; img_size=&#8221;full&#8221; onclick=&#8221;link_image&#8221; el_class=&#8221;fotounicanoticia&#8221;][\/vc_column][\/vc_row][vc_row][vc_column][vc_column_text]El certamen constar\u00e0 de dos categories: Juvenil (des de 8 a 15 anys) i Adult (des de 16 a 25 anys). En la final es triar\u00e0 la guanyadora o el guanyador de cada categoria durant una final en la qual hi haur\u00e0 una vintena de participants, seleccionats pr\u00e8viament per un jurat expert que valorar\u00e0 els artistes de manera global. <strong>El termini d&#8217;inscripci\u00f3 comen\u00e7a el dilluns 17 de juliol a les 9.00 hores<\/strong> i els interessats hauran d&#8217;enviar un v\u00eddeo cantant d&#8217;un m\u00e0xim de dos minuts al correu electr\u00f2nic <a href=\"mailto:emyc.talent.academy@gmail.com\" target=\"_blank\" rel=\"noopener\"><strong>emyc.talent.academy@gmail.com<\/strong><\/a>.<\/p>\n<p>&nbsp;[\/vc_column_text][\/vc_column][\/vc_row][vc_row][vc_column][vc_column_text el_class=&#8221;cuadronoticia&#8221;]<\/p>\n<h5>Aquesta iniciativa vol servir de reclam tur\u00edstic i d&#8217;incentiu de la cultura vocal en el municipi<\/h5>\n<p>[\/vc_column_text][\/vc_column][\/vc_row][vc_row el_id=&#8221;TEXTO_FIN_NOTICIA&#8221;][vc_column][vc_column_text]Ramos ha assegurat que aquest concurs \u201cs&#8217;ha convertit en refer\u00e8ncia a l\u00e0mbit local, comarcal i provincial i serveix de trampol\u00ed perqu\u00e8 els artistes facen el salt a la televisi\u00f3 nacional\u201d. <strong>L&#8217;objectiu, ha dit, \u00e9s \u201cincentivar la cultura vocal a Elx i qu\u00e8 millor que fer-ho un 6 d&#8217;agost<\/strong>, dia en qu\u00e8 se celebra la tradicional prova de veus del Misteri\u201d. Tamb\u00e9 com a reclam tur\u00edstic a les persones que visiten el municipi aquests dies.<\/p>\n<h5>Premiats<\/h5>\n<p>En la categoria infantil els premiats rebran un diploma, l&#8217;enregistrament d&#8217;una audici\u00f3 i un videoclip en un estudi professional, per\u00f2 a m\u00e9s en categoria d&#8217;adults tamb\u00e9 rebran premis en met\u00e0l\u00b7lic de 300, 200 i 100 euros que servisquen d&#8217;ajuda en els seus estudis de cant.<\/p>\n<p>Les <strong>entrades s\u00f3n gratu\u00eftes<\/strong> i es permetr\u00e0 l&#8217;acc\u00e9s al recinte fins a completar l&#8217;aforament de l&#8217;hort de Baix.<\/p>\n<hr \/>\n<p>&nbsp;<\/p>\n<p>[\/vc_column_text][\/vc_column][\/vc_row]<\/p>\n<\/div>","protected":false},"excerpt":{"rendered":"<p>[vc_row el_id=&#8221;SUBTITULAR_NOTICIA&#8221;][vc_column][vc_column_text] L\u2019hort de Baix acollir\u00e0 el pr\u00f2xim 6 d&#8217;agost la tercera edici\u00f3 del concurs en el qual col\u00b7labora l&#8217;Ajuntament [\/vc_column_text][\/vc_column][\/vc_row][vc_row el_id=&#8221;TEXTO_NOTICIA&#8221;][vc_column][vc_column_text]L&#8217;hort de Baix acollir\u00e0 el pr\u00f2xim 6 d&#8217;agost la [&hellip;]<\/p>\n","protected":false},"author":131,"featured_media":256584,"comment_status":"closed","ping_status":"closed","sticky":false,"template":"","format":"standard","meta":{"footnotes":""},"categories":[193,191,391,1312],"tags":[],"class_list":["post-256595","post","type-post","status-publish","format-standard","has-post-thumbnail","hentry","category-cultura-va","category-festes-va","category-home-va","category-noticias-va"],"_links":{"self":[{"href":"https:\/\/www.elche.es\/va\/wp-json\/wp\/v2\/posts\/256595","targetHints":{"allow":["GET"]}}],"collection":[{"href":"https:\/\/www.elche.es\/va\/wp-json\/wp\/v2\/posts"}],"about":[{"href":"https:\/\/www.elche.es\/va\/wp-json\/wp\/v2\/types\/post"}],"author":[{"embeddable":true,"href":"https:\/\/www.elche.es\/va\/wp-json\/wp\/v2\/users\/131"}],"replies":[{"embeddable":true,"href":"https:\/\/www.elche.es\/va\/wp-json\/wp\/v2\/comments?post=256595"}],"version-history":[{"count":2,"href":"https:\/\/www.elche.es\/va\/wp-json\/wp\/v2\/posts\/256595\/revisions"}],"predecessor-version":[{"id":256597,"href":"https:\/\/www.elche.es\/va\/wp-json\/wp\/v2\/posts\/256595\/revisions\/256597"}],"wp:featuredmedia":[{"embeddable":true,"href":"https:\/\/www.elche.es\/va\/wp-json\/wp\/v2\/media\/256584"}],"wp:attachment":[{"href":"https:\/\/www.elche.es\/va\/wp-json\/wp\/v2\/media?parent=256595"}],"wp:term":[{"taxonomy":"category","embeddable":true,"href":"https:\/\/www.elche.es\/va\/wp-json\/wp\/v2\/categories?post=256595"},{"taxonomy":"post_tag","embeddable":true,"href":"https:\/\/www.elche.es\/va\/wp-json\/wp\/v2\/tags?post=256595"}],"curies":[{"name":"wp","href":"https:\/\/api.w.org\/{rel}","templated":true}]}}