{"id":256744,"date":"2023-07-10T13:07:08","date_gmt":"2023-07-10T11:07:08","guid":{"rendered":"https:\/\/www.elche.es\/2023\/07\/lajuntament-firma-el-pacte-territorial-per-locupacio-a-elx-amb-els-sindicats-i-la-patronal\/"},"modified":"2023-07-10T13:07:17","modified_gmt":"2023-07-10T11:07:17","slug":"lajuntament-firma-el-pacte-territorial-per-locupacio-a-elx-amb-els-sindicats-i-la-patronal","status":"publish","type":"post","link":"https:\/\/www.elche.es\/va\/2023\/07\/lajuntament-firma-el-pacte-territorial-per-locupacio-a-elx-amb-els-sindicats-i-la-patronal\/","title":{"rendered":"L&#8217;Ajuntament firma el pacte territorial per l&#8217;ocupaci\u00f3 a Elx amb els sindicats i la patronal"},"content":{"rendered":"<div class=\"wpb-content-wrapper\"><p>[vc_row el_id=&#8221;SUBTITULAR_NOTICIA&#8221;][vc_column][vc_column_text]<\/p>\n<hr \/>\n<h4>Els objectius generals se centren en el desenvolupament d&#8217;actuacions en mat\u00e8ria de foment de l&#8217;ocupaci\u00f3, formaci\u00f3 de persones desocupades i ocupades i el foment de l&#8217;emprenedoria<\/h4>\n<hr \/>\n<p>[\/vc_column_text][\/vc_column][\/vc_row][vc_row el_id=&#8221;TEXTO_NOTICIA&#8221;][vc_column][vc_column_text]<strong>L&#8217;alcalde d&#8217;Elx, Pablo Ruz; la secret\u00e0ria general de CCOO Vinalop\u00f3-Vega Baixa; el secretari general d&#8217;UGT Muntanya-Vinalop\u00f3-Vega Baixa, Ismael Senent i el president de la Confederaci\u00f3 Empresarial de la Comunitat Valenciana (CEV) a Alacant, Joaqu\u00edn P\u00e9rez<\/strong>, han firmat el nou pacte territorial en mat\u00e8ria d&#8217;ocupaci\u00f3 i desenvolupament local participatiu i sostenible del terme municipal d&#8217;Elx.<\/p>\n<p>Un pacte amb el qual s\u2019adapta l&#8217;acord territorial del 14 de maig de 2019 a les disposicions establides en el Decret 235\/2022, de 30 de desembre i publicat l&#8217;11 de gener d&#8217;enguany en el Diari Oficial de la Generalitat Valenciana pel qual es regulen l&#8217;adopci\u00f3 i el reconeixement dels pactes territorials per l&#8217;ocupaci\u00f3 i desenvolupament local participatiu i sostenible de la Comunitat Valenciana com a <strong>instruments que garantisquen un creixement d&#8217;ocupaci\u00f3 de qualitat i un desenvolupament local sostenible.<\/strong>[\/vc_column_text][\/vc_column][\/vc_row][vc_row type=&#8221;flexslider_slide&#8221; interval=&#8221;5&#8243; source=&#8221;media_library&#8221; images=&#8221;&#8221; img_size=&#8221;full&#8221; external_img_size=&#8221;&#8221; onclick=&#8221;link_image&#8221; custom_links_target=&#8221;_self&#8221; el_class=&#8221;galerianoticia&#8221; title=&#8221;&#8221; custom_srcs=&#8221;&#8221; custom_links=&#8221;&#8221;][vc_column][vc_gallery type=&#8221;flexslider_slide&#8221; interval=&#8221;5&#8243; images=&#8221;256733,256729&#8243; img_size=&#8221;full&#8221; el_class=&#8221;galerianoticia&#8221;][\/vc_column][\/vc_row][vc_row][vc_column][vc_column_text]L&#8217;\u00e0mbit territorial d&#8217;actuaci\u00f3 d&#8217;aquest pacte \u00e9s el municipi d&#8217;Elx i els objectius generals se centren en <strong>el desenvolupament d&#8217;actuacions en mat\u00e8ria de foment de l&#8217;ocupaci\u00f3, la formaci\u00f3 de persones desocupades i ocupades i el foment de l&#8217;emprenedoria.<\/strong><\/p>\n<p>Un pacte que a m\u00e9s vol incidir de manera espec\u00edfica en el foment del desenvolupament sostenible social i econ\u00f2mic del territori, l&#8217;ocupabilitat, la igualtat d&#8217;oportunitats i la inserci\u00f3 laboral. Tamb\u00e9 en la millora de la qualitat de l&#8217;ocupaci\u00f3, la gesti\u00f3 dels recursos humans, la contractaci\u00f3, promoci\u00f3 dels drets laborals i la connexi\u00f3 entre les necessitats del teixit empresarial i les persones demandants d&#8217;ocupaci\u00f3.<\/p>\n<p>A m\u00e9s, d&#8217;atendre les persones <strong>fomentant la inclusi\u00f3 social de col\u00b7lectius desfavorits<\/strong>, la promoci\u00f3 de qualificacions professionals de la poblaci\u00f3 i la seua adequaci\u00f3 i afavorir el desenvolupament del model productiu mitjan\u00e7ant l&#8217;impuls de sectors existents i el suport a noves activitats, especialment de major valor afegit, en el context del desenvolupament local.[\/vc_column_text][\/vc_column][\/vc_row][vc_row el_id=&#8221;DESTACADO_NOTICIA&#8221;][vc_column][vc_column_text el_class=&#8221;cuadronoticia&#8221;]<\/p>\n<h5>El govern municipal treballa de manera paral\u00b7lela en un pacte municipal per l&#8217;ocupaci\u00f3 amb mesures directes en la creaci\u00f3 de llocs treball i incidint en la poblaci\u00f3 jove<\/h5>\n<p>[\/vc_column_text][\/vc_column][\/vc_row][vc_row el_id=&#8221;TEXTO_FIN_NOTICIA&#8221;][vc_column][vc_column_text]L&#8217;alcalde ha assenyalat que de manera paral\u00b7lela el govern municipal continua treballant en el desenvolupament d&#8217;un pacte municipal per l&#8217;ocupaci\u00f3, amb mesures directes per al foment de llocs de treball, incidint a m\u00e9s en <strong>la desocupaci\u00f3 juvenil com una de les majors preocupacions, ja que la taxa aconsegueix el 30% entre la poblaci\u00f3 de 18 a 25 anys.<\/strong><\/p>\n<p>Des dels sindicats CCOO i UGT, han incidit en la necessitat de consensuar mesures econ\u00f2miques i d&#8217;ocupaci\u00f3 per a posar projectes de vida en marxa, a m\u00e9s de l&#8217;aposta per la formaci\u00f3. <strong>\u201cHem de donar resposta a les necessitats de les empreses i dels treballadors desenvolupant una mena de formaci\u00f3 amb la qual obtindre professionals ben formats i que les empreses siguen competitives\u201d<\/strong>, ha subratllat Carmen Palomar. \u201cEls poders p\u00fablics han d&#8217;oferir eines que afavorisquen la formaci\u00f3, l&#8217;ocupabilitat i l&#8217;emprenedoria\u201d, ha apuntat Ismael Senent.<\/p>\n<p>A m\u00e9s, des de la patronal han destacat la import\u00e0ncia d&#8217;aquest pacte per a la ciutat i han posat el focus en el treball conjunt per a la creaci\u00f3 d&#8217;una ocupaci\u00f3 digna.<\/p>\n<hr \/>\n<p>&nbsp;<\/p>\n<p>[\/vc_column_text][\/vc_column][\/vc_row][vc_row][vc_column width=&#8221;1\/6&#8243;][\/vc_column][vc_column width=&#8221;2\/3&#8243;]<audio class=\"sc_audio\" src=\"https:\/\/soundcloud.com\/ayuntamiento-de-elche\/audio-alcalde-pacto-territorial?si=8fc25f475bd343538c656274ac7f5a73&#038;utm_source=clipboard&#038;utm_medium=text&#038;utm_campaign=social_sharing\" width=\"\" height=\"\"><\/audio>[\/vc_column][vc_column width=&#8221;1\/6&#8243;][\/vc_column][\/vc_row]<\/p>\n<\/div>","protected":false},"excerpt":{"rendered":"<p>[vc_row el_id=&#8221;SUBTITULAR_NOTICIA&#8221;][vc_column][vc_column_text] Els objectius generals se centren en el desenvolupament d&#8217;actuacions en mat\u00e8ria de foment de l&#8217;ocupaci\u00f3, formaci\u00f3 de persones desocupades i ocupades i el foment de l&#8217;emprenedoria [\/vc_column_text][\/vc_column][\/vc_row][vc_row el_id=&#8221;TEXTO_NOTICIA&#8221;][vc_column][vc_column_text]L&#8217;alcalde [&hellip;]<\/p>\n","protected":false},"author":139,"featured_media":256736,"comment_status":"closed","ping_status":"closed","sticky":false,"template":"","format":"standard","meta":{"footnotes":""},"categories":[391,1312],"tags":[],"class_list":["post-256744","post","type-post","status-publish","format-standard","has-post-thumbnail","hentry","category-home-va","category-noticias-va"],"_links":{"self":[{"href":"https:\/\/www.elche.es\/va\/wp-json\/wp\/v2\/posts\/256744","targetHints":{"allow":["GET"]}}],"collection":[{"href":"https:\/\/www.elche.es\/va\/wp-json\/wp\/v2\/posts"}],"about":[{"href":"https:\/\/www.elche.es\/va\/wp-json\/wp\/v2\/types\/post"}],"author":[{"embeddable":true,"href":"https:\/\/www.elche.es\/va\/wp-json\/wp\/v2\/users\/139"}],"replies":[{"embeddable":true,"href":"https:\/\/www.elche.es\/va\/wp-json\/wp\/v2\/comments?post=256744"}],"version-history":[{"count":2,"href":"https:\/\/www.elche.es\/va\/wp-json\/wp\/v2\/posts\/256744\/revisions"}],"predecessor-version":[{"id":256746,"href":"https:\/\/www.elche.es\/va\/wp-json\/wp\/v2\/posts\/256744\/revisions\/256746"}],"wp:featuredmedia":[{"embeddable":true,"href":"https:\/\/www.elche.es\/va\/wp-json\/wp\/v2\/media\/256736"}],"wp:attachment":[{"href":"https:\/\/www.elche.es\/va\/wp-json\/wp\/v2\/media?parent=256744"}],"wp:term":[{"taxonomy":"category","embeddable":true,"href":"https:\/\/www.elche.es\/va\/wp-json\/wp\/v2\/categories?post=256744"},{"taxonomy":"post_tag","embeddable":true,"href":"https:\/\/www.elche.es\/va\/wp-json\/wp\/v2\/tags?post=256744"}],"curies":[{"name":"wp","href":"https:\/\/api.w.org\/{rel}","templated":true}]}}