{"id":256984,"date":"2023-07-12T13:11:34","date_gmt":"2023-07-12T11:11:34","guid":{"rendered":"https:\/\/www.elche.es\/2023\/07\/la-regidoria-de-cultura-presenta-la-programacio-de-concerts-a-les-platges-del-14-de-juliol-al-26-dagost\/"},"modified":"2023-07-12T15:27:23","modified_gmt":"2023-07-12T13:27:23","slug":"la-regidoria-de-cultura-presenta-la-programacio-de-concerts-a-les-platges-del-14-de-juliol-al-26-dagost","status":"publish","type":"post","link":"https:\/\/www.elche.es\/va\/2023\/07\/la-regidoria-de-cultura-presenta-la-programacio-de-concerts-a-les-platges-del-14-de-juliol-al-26-dagost\/","title":{"rendered":"La Regidoria de Cultura presenta la programaci\u00f3 de concerts a les platges del 14 de juliol al 26 d&#8217;agost"},"content":{"rendered":"<div class=\"wpb-content-wrapper\"><p>[vc_row el_id=&#8221;SUBTITULAR_NOTICIA&#8221;][vc_column][vc_column_text]<\/p>\n<hr \/>\n<h4>La regidora de l&#8217;\u00e0rea, Irene Ruiz, afirma que \u201cvolem fomentar la cultura i ampliar l&#8217;oferta en tot el municipi i aix\u00f2 inclou les nostres platges i pedanies\u201d<\/h4>\n<hr \/>\n<p>[\/vc_column_text][\/vc_column][\/vc_row][vc_row el_id=&#8221;TEXTO_NOTICIA&#8221;][vc_column][vc_column_text]La Regidoria de Cultura ha presentat la <strong>programaci\u00f3 de concerts per a aquest estiu a les platges dels Arenals, l&#8217;Altet i la Marina<\/strong>, que comen\u00e7aran el 14 de juliol i finalitzaran el 26 d&#8217;agost, de la m\u00e0 de grups il\u00b7licitans. <strong>La regidora de l&#8217;\u00e0rea<\/strong>, Irene Ruiz, afig que aquestes actuacions musicals \u201cdonen resposta a una necessitat i demanda dels ve\u00efns\u201d.<\/p>\n<p><strong>Els concerts seran un total de 12, es desenvoluparan els caps de setmana<\/strong> i englobaran gran quantitat de g\u00e8neres musicals.[\/vc_column_text][\/vc_column][\/vc_row][vc_row link=&#8221;https:\/\/vimeo.com\/51589652&#8243; el_width=&#8221;100&#8243; el_aspect=&#8221;169&#8243; align=&#8221;left&#8221; el_class=&#8221;videonoticia&#8221; title=&#8221;&#8221;][vc_column][vc_video link=&#8221;https:\/\/www.youtube.com\/watch?v=ViJdXHoubTQ&#8221; el_class=&#8221;videonoticia&#8221;][\/vc_column][\/vc_row][vc_row el_id=&#8221;DESTACADO_NOTICIA&#8221;][vc_column][vc_column_text el_class=&#8221;cuadronoticia&#8221;]<\/p>\n<h5>Les actuacions musicals inclouran g\u00e8neres com el pop mel\u00f2dic, el <em>jazz-dance<\/em> o el <em>rock<\/em><\/h5>\n<p>[\/vc_column_text][\/vc_column][\/vc_row][vc_row][vc_column][vc_column_text]\u201cPodrem gaudir de la <strong>m\u00fasica coral<\/strong> amb Coral Il\u00b7licitana, Coral Dama d&#8217;Elx i Coral Amics Cantors. El <strong>g\u00e8nere de la sarsuela<\/strong> de la m\u00e0 de l&#8217;Agrupaci\u00f3 L\u00edrica Jos\u00e9 Chazarra, \u00e8xits del pop mel\u00f2dic d&#8217;Antonio Caballero,<strong> el ritme <em>jazz-dance<\/em><\/strong> de Passapogas Hammond Band, <strong>el <em>rock<\/em> i el <em>blues<\/em><\/strong> de les bandes il\u00b7licitanes The Jumpers, Fandango Rock &amp; Blues Band, Crossroads, <strong>el <em>jazz<\/em> m\u00e9s animat<\/strong> amb Mambo\u00fala o Tarantinos Duet i <strong>el <em>ska<\/em> amb m\u00e9s ritme<\/strong> d&#8217;Extensores Autom\u00e1ticos\u201d, explica Ruiz.<\/p>\n<p>[\/vc_column_text][\/vc_column][\/vc_row][vc_row source=&#8221;media_library&#8221; image=&#8221;&#8221; img_size=&#8221;medium&#8221; external_img_size=&#8221;&#8221; add_caption=&#8221;&#8221; alignment=&#8221;center&#8221; style=&#8221;&#8221; external_style=&#8221;&#8221; border_color=&#8221;grey&#8221; external_border_color=&#8221;grey&#8221; onclick=&#8221;link_image&#8221; img_link_target=&#8221;_self&#8221; el_class=&#8221;fotounicanoticiavertical&#8221; title=&#8221;&#8221; custom_src=&#8221;&#8221; caption=&#8221;&#8221; link=&#8221;&#8221; img_link_large=&#8221;&#8221;][vc_column][vc_single_image image=&#8221;257017&#8243; img_size=&#8221;medium&#8221; alignment=&#8221;center&#8221; onclick=&#8221;link_image&#8221; el_class=&#8221;fotounicanoticiavertical&#8221;][\/vc_column][\/vc_row][vc_row el_id=&#8221;TEXTO_FIN_NOTICIA&#8221;][vc_column][vc_column_text]Aquestes activitats musicals es desenvoluparan <strong>als Arenals a l&#8217;avinguda Sant Bartolom\u00e9 de Tirajana, a l&#8217;Altet seran a la pla\u00e7a Major i a la Marina a la pla\u00e7a de l&#8217;Esgl\u00e9sia<\/strong>. Tots comen\u00e7aran a partir de les 22.00 hores.<\/p>\n<p>Amb aquesta iniciativa \u201cvolem fomentar la cultura i ampliar l&#8217;oferta en tot el municipi i aix\u00f2 inclou les nostres platges i pedanies\u201d, afig Irene Ruiz.<\/p>\n<hr \/>\n<p>&nbsp;<\/p>\n<p>[\/vc_column_text][\/vc_column][\/vc_row][vc_row][vc_column width=&#8221;1\/6&#8243;][\/vc_column][vc_column width=&#8221;2\/3&#8243;]<audio class=\"sc_audio\" src=\"https:\/\/soundcloud.com\/ayuntamiento-de-elche\/irene-ruiz-conciertos-en-las-playas?si=19653ea7d91a44838c88216f544949c0&#038;utm_source=clipboard&#038;utm_medium=text&#038;utm_campaign=social_sharing\" width=\"\" height=\"\"><\/audio>[\/vc_column][vc_column width=&#8221;1\/6&#8243;][\/vc_column][\/vc_row]<\/p>\n<\/div>","protected":false},"excerpt":{"rendered":"<p>[vc_row el_id=&#8221;SUBTITULAR_NOTICIA&#8221;][vc_column][vc_column_text] La regidora de l&#8217;\u00e0rea, Irene Ruiz, afirma que \u201cvolem fomentar la cultura i ampliar l&#8217;oferta en tot el municipi i aix\u00f2 inclou les nostres platges i pedanies\u201d [\/vc_column_text][\/vc_column][\/vc_row][vc_row [&hellip;]<\/p>\n","protected":false},"author":139,"featured_media":256972,"comment_status":"closed","ping_status":"closed","sticky":false,"template":"","format":"standard","meta":{"footnotes":""},"categories":[193,391,1312],"tags":[],"class_list":["post-256984","post","type-post","status-publish","format-standard","has-post-thumbnail","hentry","category-cultura-va","category-home-va","category-noticias-va"],"_links":{"self":[{"href":"https:\/\/www.elche.es\/va\/wp-json\/wp\/v2\/posts\/256984","targetHints":{"allow":["GET"]}}],"collection":[{"href":"https:\/\/www.elche.es\/va\/wp-json\/wp\/v2\/posts"}],"about":[{"href":"https:\/\/www.elche.es\/va\/wp-json\/wp\/v2\/types\/post"}],"author":[{"embeddable":true,"href":"https:\/\/www.elche.es\/va\/wp-json\/wp\/v2\/users\/139"}],"replies":[{"embeddable":true,"href":"https:\/\/www.elche.es\/va\/wp-json\/wp\/v2\/comments?post=256984"}],"version-history":[{"count":4,"href":"https:\/\/www.elche.es\/va\/wp-json\/wp\/v2\/posts\/256984\/revisions"}],"predecessor-version":[{"id":257016,"href":"https:\/\/www.elche.es\/va\/wp-json\/wp\/v2\/posts\/256984\/revisions\/257016"}],"wp:featuredmedia":[{"embeddable":true,"href":"https:\/\/www.elche.es\/va\/wp-json\/wp\/v2\/media\/256972"}],"wp:attachment":[{"href":"https:\/\/www.elche.es\/va\/wp-json\/wp\/v2\/media?parent=256984"}],"wp:term":[{"taxonomy":"category","embeddable":true,"href":"https:\/\/www.elche.es\/va\/wp-json\/wp\/v2\/categories?post=256984"},{"taxonomy":"post_tag","embeddable":true,"href":"https:\/\/www.elche.es\/va\/wp-json\/wp\/v2\/tags?post=256984"}],"curies":[{"name":"wp","href":"https:\/\/api.w.org\/{rel}","templated":true}]}}