{"id":257527,"date":"2023-07-17T13:23:54","date_gmt":"2023-07-17T11:23:54","guid":{"rendered":"https:\/\/www.elche.es\/2023\/07\/ixen-a-la-venda-les-entrades-per-als-concerts-de-les-festes-delx-2023\/"},"modified":"2023-07-17T13:24:06","modified_gmt":"2023-07-17T11:24:06","slug":"ixen-a-la-venda-les-entrades-per-als-concerts-de-les-festes-delx-2023","status":"publish","type":"post","link":"https:\/\/www.elche.es\/va\/2023\/07\/ixen-a-la-venda-les-entrades-per-als-concerts-de-les-festes-delx-2023\/","title":{"rendered":"Ixen a la venda les entrades per als concerts de les Festes d&#8217;Elx 2023"},"content":{"rendered":"<div class=\"wpb-content-wrapper\"><p>[vc_row el_id=&#8221;SUBTITULAR_NOTICIA&#8221;][vc_column][vc_column_text]<\/p>\n<hr \/>\n<h4>L&#8217;Ajuntament d&#8217;Elx, al costat de Pandora Producciones, anuncia el programa musical NITS DE FESTA ELX, LA FESTA INFINITA, que es prolongar\u00e0 del 5 al 14 d&#8217;agost a l\u2019aparcament de la UMH d&#8217;Elx<\/h4>\n<hr \/>\n<p>[\/vc_column_text][\/vc_column][\/vc_row][vc_row el_id=&#8221;TEXTO_NOTICIA&#8221;][vc_column][vc_column_text]<strong>La regidora de Festejos, Inma Mora, ha anunciat de manera oficial la venda d&#8217;entrades per a alguns dels concerts de les festes d&#8217;agost 2023<\/strong>, que ja va presentar a l&#8217;abril l&#8217;anterior equip de govern. Estaran disponibles el 17 de juliol a partir de les 11.00 hores i es podran adquirir les entrades per als concerts de Mal\u00fa, World Star DJ\u2019s, Omar Montes i Luis Fonsi a trav\u00e9s de les webs nitsdefestaelx.com i entradasatualcance.com.<\/p>\n<p>\u201cLes entrades tindran preus molt assequibles i populars,<strong> entre els 15 i els 20\u20ac en entrades anticipades m\u00e9s despeses de distribuci\u00f3, o 25\u20ac en taquilla el dia del concert<\/strong>. A m\u00e9s, els ciutadans d&#8217;Elx podran beneficiar-se d&#8217;una Oferta de llan\u00e7ament denominada Pack d&#8217;Entrades de Grup fins al 20 de juliol amb descomptes que faran encara m\u00e9s assequibles els preus de les entrades d&#8217;aquests concerts\u201d, explica la regidora<\/p>\n<p><strong>L&#8217;esplanada de la Universitat Miguel Hern\u00e1ndez d&#8217;Elx (UMHE) torna a acollir la Barraca Popular del 5 al 14 d&#8217;agos<\/strong>t i musicalitzar\u00e0 les Festes d&#8217;Agost d&#8217;Elx \u201camb un programa nou i amb diferents g\u00e8neres musicals, amb la finalitat de satisfer els diferents gustos i edats gr\u00e0cies a un elenc de reconeguts artistes del panorama nacional i internacional: Mal\u00fa, el festival World Star Djs amb Nervo, Yves V, Brian Cross, Abel Ramos, Hajj, Remember Fest amb Dj Neil i Chumi Dj, Dorian, Mag d&#8217;Oz, Omar Montes, Luis Fonsi, Rosario Flores, Vicco i nits de m\u00fasica Dj tematitzades cada dia componen el cartell per a la Barraca 2023\u201d, declara Inma Mora.<\/p>\n<p>[\/vc_column_text][\/vc_column][\/vc_row][vc_row type=&#8221;flexslider_slide&#8221; interval=&#8221;5&#8243; source=&#8221;media_library&#8221; images=&#8221;&#8221; img_size=&#8221;full&#8221; external_img_size=&#8221;&#8221; onclick=&#8221;link_image&#8221; custom_links_target=&#8221;_self&#8221; el_class=&#8221;galerianoticia&#8221; title=&#8221;&#8221; custom_srcs=&#8221;&#8221; custom_links=&#8221;&#8221;][vc_column][vc_gallery type=&#8221;flexslider_slide&#8221; interval=&#8221;5&#8243; images=&#8221;257516,257514,257512,257510,257508&#8243; img_size=&#8221;full&#8221; el_class=&#8221;galerianoticia&#8221;][\/vc_column][\/vc_row][vc_row][vc_column][vc_column_text]La regidora de Festejos ha desglossat <strong>la programaci\u00f3 de la Barraca Popular que arrancar\u00e0 la nit del dissabte 5 d&#8217;agost a partir de les 23.45 hores amb Mal\u00fa.<\/strong><\/p>\n<p>\u201cEl 6 d&#8217;agost, Elx viur\u00e0 una experi\u00e8ncia \u00fanica amb World Star Djs a les 23.00 hores, amb un cartell carregat d&#8217;artistes de primer nivell, dins dels quals es troben les djs australianes Nervo que, en els \u00faltims anys han aconseguit un reconeixement internacional en el panorama musical, ja que han participat en festivals de m\u00fasica electr\u00f2nica com ara \u2018Tomorrowland\u2019 i s\u00f3n discj\u00f2queis de refer\u00e8ncia a la discoteca \u2018Ushuaia\u2019 d&#8217;Eivissa\u201d \u2013 continua Mora -\u201ctamb\u00e9 compartiran escenari amb artistes com: el reconegut <strong>Dj Belga Yves V o Brian Cross<\/strong> un dels DJs espanyols amb major projecci\u00f3 a l\u2019\u00e0mbit mundial. Abel Ramos el productor espanyol de la revoluci\u00f3 musical, <strong>Ryan Spicer, Hajj i el Dj Javi Guzm\u00e1n<\/strong>\u201d.<\/p>\n<p><strong>\u201cRemember Fest posar\u00e0 en valor la Festa dels 80 i 90 en versi\u00f3 DJ<\/strong>. La cita tindr\u00e0 lloc el dilluns 7 d&#8217;agost a les 23.00 hores i comptar\u00e0 amb l&#8217;actuaci\u00f3 en directe de dos grans artistes que ens faran tornar al decenni m\u00e9s important i regenerador de la m\u00fasica\u201d, diu la regidora.<\/p>\n<p>[\/vc_column_text][\/vc_column][\/vc_row][vc_row el_id=&#8221;DESTACADO_NOTICIA&#8221;][vc_column][vc_column_text el_class=&#8221;cuadronoticia&#8221;]<\/p>\n<h5>Les entrades per a aquests concerts es podran adquirir a partir de les 11.00 hores del 17 de juliol en les webs de nitsdefestaelx.com i entradasatualcance.com<\/h5>\n<p>[\/vc_column_text][\/vc_column][\/vc_row][vc_row el_id=&#8221;TEXTO_FIN_NOTICIA&#8221;][vc_column][vc_column_text]El dimarts, 8 d&#8217;agost a partir de les 23.00 hores \u00e9s la nit de la m\u00fasica <em>indie<\/em> gr\u00e0cies a l&#8217;actuaci\u00f3 de <strong>Dorian<\/strong>, la banda catalana, i el concert ser\u00e0 d&#8217;acc\u00e9s gratu\u00eft fins a completar aforament, igual que la nit del 9 d&#8217;agost amb la llegend\u00e0ria banda M\u00e4go d&#8217;Oz.<\/p>\n<p>El <em>reggaeton<\/em> tindr\u00e0 cabuda a la Barraca amb <strong>Omar Montes<\/strong> el dijous, 10 d&#8217;agost a partir de les 23.00 hores i el divendres, 11 d&#8217;agost, a les 23.00 hores \u00e9s el torn de Luis Fonsi; i la m\u00fasica flamenca arribar\u00e0 el dissabte, 12 d&#8217;agost a les 23.00 hores amb la reconeguda cantant <strong>Rosario Flores<\/strong>, gratu\u00eft fins a completar aforament.<\/p>\n<p>El diumenge, 13 d&#8217;agost despr\u00e9s de la Nit de l&#8217;Alb\u00e0 \u00e9s el torn per a m\u00fasica m\u00e9s juvenil amb <strong>Vicco i la seua reeixida can\u00e7\u00f3 <em>Nochentera<\/em><\/strong>, a partir de la 01.00 hores; i, finalment, el dilluns 14 d&#8217;agost a partir de les 23.00 hores La Festa Infinita tirar\u00e0 el tel\u00f3 final a la Barraca amb una nit repleta de<strong> discj\u00f2queis residents a Elx<\/strong>.<\/p>\n<p>\u201cEsperem que siguen unes grans festes, assequibles per a tots els il\u00b7licitans i que gaudim el m\u00e0xim possible dels artistes que ens acompanyen\u201d, insisteix Mora.<\/p>\n<hr \/>\n<p>&nbsp;<\/p>\n<p>[\/vc_column_text][\/vc_column][\/vc_row][vc_row][vc_column width=&#8221;1\/6&#8243;][\/vc_column][vc_column width=&#8221;2\/3&#8243;]<audio class=\"sc_audio\" src=\"https:\/\/soundcloud.com\/ayuntamiento-de-elche\/inma-mora-entradas-conciertos?si=c1654b37e48a4a73b64613658a646e6f&#038;utm_source=clipboard&#038;utm_medium=text&#038;utm_campaign=social_sharing\" width=\"\" height=\"\"><\/audio>[\/vc_column][vc_column width=&#8221;1\/6&#8243;][\/vc_column][\/vc_row]<\/p>\n<\/div>","protected":false},"excerpt":{"rendered":"<p>[vc_row el_id=&#8221;SUBTITULAR_NOTICIA&#8221;][vc_column][vc_column_text] L&#8217;Ajuntament d&#8217;Elx, al costat de Pandora Producciones, anuncia el programa musical NITS DE FESTA ELX, LA FESTA INFINITA, que es prolongar\u00e0 del 5 al 14 d&#8217;agost a l\u2019aparcament [&hellip;]<\/p>\n","protected":false},"author":139,"featured_media":257507,"comment_status":"closed","ping_status":"closed","sticky":false,"template":"","format":"standard","meta":{"footnotes":""},"categories":[191,391,1312],"tags":[],"class_list":["post-257527","post","type-post","status-publish","format-standard","has-post-thumbnail","hentry","category-festes-va","category-home-va","category-noticias-va"],"_links":{"self":[{"href":"https:\/\/www.elche.es\/va\/wp-json\/wp\/v2\/posts\/257527","targetHints":{"allow":["GET"]}}],"collection":[{"href":"https:\/\/www.elche.es\/va\/wp-json\/wp\/v2\/posts"}],"about":[{"href":"https:\/\/www.elche.es\/va\/wp-json\/wp\/v2\/types\/post"}],"author":[{"embeddable":true,"href":"https:\/\/www.elche.es\/va\/wp-json\/wp\/v2\/users\/139"}],"replies":[{"embeddable":true,"href":"https:\/\/www.elche.es\/va\/wp-json\/wp\/v2\/comments?post=257527"}],"version-history":[{"count":2,"href":"https:\/\/www.elche.es\/va\/wp-json\/wp\/v2\/posts\/257527\/revisions"}],"predecessor-version":[{"id":257529,"href":"https:\/\/www.elche.es\/va\/wp-json\/wp\/v2\/posts\/257527\/revisions\/257529"}],"wp:featuredmedia":[{"embeddable":true,"href":"https:\/\/www.elche.es\/va\/wp-json\/wp\/v2\/media\/257507"}],"wp:attachment":[{"href":"https:\/\/www.elche.es\/va\/wp-json\/wp\/v2\/media?parent=257527"}],"wp:term":[{"taxonomy":"category","embeddable":true,"href":"https:\/\/www.elche.es\/va\/wp-json\/wp\/v2\/categories?post=257527"},{"taxonomy":"post_tag","embeddable":true,"href":"https:\/\/www.elche.es\/va\/wp-json\/wp\/v2\/tags?post=257527"}],"curies":[{"name":"wp","href":"https:\/\/api.w.org\/{rel}","templated":true}]}}