{"id":258680,"date":"2023-07-26T14:27:17","date_gmt":"2023-07-26T12:27:17","guid":{"rendered":"https:\/\/www.elche.es\/2023\/07\/l11a-edicio-del-rural-filmfest-se-celebrara-del-28-de-juliol-al-6-dagost\/"},"modified":"2023-07-26T14:27:26","modified_gmt":"2023-07-26T12:27:26","slug":"l11a-edicio-del-rural-filmfest-se-celebrara-del-28-de-juliol-al-6-dagost","status":"publish","type":"post","link":"https:\/\/www.elche.es\/va\/2023\/07\/l11a-edicio-del-rural-filmfest-se-celebrara-del-28-de-juliol-al-6-dagost\/","title":{"rendered":"L&#8217;11a edici\u00f3 del Rural FilmFest se celebrar\u00e0 del 28 de juliol al 6 d&#8217;agost"},"content":{"rendered":"<div class=\"wpb-content-wrapper\"><p>[vc_row el_id=&#8221;SUBTITULAR_NOTICIA&#8221;][vc_column][vc_column_text]<\/p>\n<hr \/>\n<h4>L&#8217;edil d&#8217;Agricultura i Medi Ambient, Juan de Dios Navarro, al costat dels directors del festival de cinema itinerant, Jaume Quiles i Alberto Guti\u00e9rrez, han presentat la programaci\u00f3 que compta amb m\u00e9s de 73 projeccions de curtmetratges i llargmetratges<\/h4>\n<hr \/>\n<p>[\/vc_column_text][\/vc_column][\/vc_row][vc_row el_id=&#8221;TEXTO_NOTICIA&#8221;][vc_column][vc_column_text]<strong>La Regidoria d&#8217;Agricultura i Medi Ambient presenta l&#8217;edici\u00f3 n\u00famero 11 del Rural FilmFest al Camp d&#8217;Elx<\/strong> del 28 de juliol al 6 d&#8217;agost. Relacionat amb el m\u00f3n rural, el medi ambient, la sostenibilitat, els recursos naturals i culturals. <strong>Seran 10 dies en qu\u00e8 pel\u00b7l\u00edcules de g\u00e8nere documental, ficci\u00f3 i animaci\u00f3<\/strong> recorreran les pedanies del Pla de Sant Josep, Perleta, Asprella, Torrellano, els Arenals del Sol, la Foia, la Baia i finalitzaran en la Marina.<\/p>\n<p>Seran m\u00e9s de 73 curtmetratges i llargmetratges els que es projectaran durant el festival, produ\u00efts per directors de fins a 41 pa\u00efsos (Ucra\u00efna, Hong Kong, el Canad\u00e0\u2026).[\/vc_column_text][\/vc_column][\/vc_row][vc_row source=&#8221;media_library&#8221; image=&#8221;&#8221; img_size=&#8221;full&#8221; external_img_size=&#8221;&#8221; add_caption=&#8221;&#8221; alignment=&#8221;left&#8221; style=&#8221;&#8221; external_style=&#8221;&#8221; border_color=&#8221;grey&#8221; external_border_color=&#8221;grey&#8221; onclick=&#8221;link_image&#8221; img_link_target=&#8221;_self&#8221; el_class=&#8221;fotounicanoticia&#8221; title=&#8221;&#8221; custom_src=&#8221;&#8221; caption=&#8221;&#8221; link=&#8221;&#8221; img_link_large=&#8221;&#8221;][vc_column][vc_single_image image=&#8221;258644&#8243; img_size=&#8221;full&#8221; onclick=&#8221;link_image&#8221; el_class=&#8221;fotounicanoticia&#8221;][\/vc_column][\/vc_row][vc_row][vc_column][vc_column_text]<strong>A m\u00e9s, visitaran el municipi els representants de 16 de les pel\u00b7l\u00edcules<\/strong> que, durant els matins, participaran en nombroses activitats a l&#8217;entorn del Camp d&#8217;Elx \u201cpromocionant la nostra poblaci\u00f3, el nostre camp i posant en valor les nostres pedanies, que tots els que vinguen de fora puguen con\u00e9ixer la nostra gastronomia, la nostra cultura, les nostres tradicions i els nostres llocs m\u00e9s emblem\u00e0tics dels quals estem tan orgullosos\u201d, afirma l&#8217;edil de l&#8217;\u00e0rea <strong>Juan de Dios Navarro.<\/strong>[\/vc_column_text][\/vc_column][\/vc_row][vc_row el_id=&#8221;DESTACADO_NOTICIA&#8221;][vc_column][vc_column_text el_class=&#8221;cuadronoticia&#8221;]<\/p>\n<h5>Els films recorreran les pedanies del Pla de Sant Josep, Perleta, Asprella, Torrellano, els Arenals del Sol, la Marina, la Foia i la Baia<\/h5>\n<p>[\/vc_column_text][\/vc_column][\/vc_row][vc_row el_id=&#8221;TEXTO_FIN_NOTICIA&#8221;][vc_column][vc_column_text]El festival tindr\u00e0 una secci\u00f3 oficial a les 22.00 hores, una infantil en les pedanies de Perleta i la Baia a les 19.00, i una secci\u00f3 intergeneracional del concurs de curts gravats amb m\u00f2bil, en el qual persones de totes les edats poden participar.<\/p>\n<p><strong>Camp d\u2019Elx Rural FilmFest \u00e9s un espai de divulgaci\u00f3 a trav\u00e9s del cinema dels valors del m\u00f3n rural de qualsevol part del planeta.<\/strong> Este inter\u00e9s s&#8217;evidencia amb els nombrosos cineastes, tant nacionals com internacionals. \u00c9s un gran aparador de l&#8217;entorn rural local que permet mostrar la seua riquesa agr\u00edcola i cultural, aix\u00ed com compartir tant els productes com les elaboracions t\u00edpiques de les pedanies d&#8217;Elx, donant valor al camp il\u00b7licit\u00e0 com a motor econ\u00f2mic i palanca cultural del terme municipal.<\/p>\n<hr \/>\n<p>[\/vc_column_text][\/vc_column][\/vc_row][vc_row][vc_column width=&#8221;1\/6&#8243;][\/vc_column][vc_column width=&#8221;2\/3&#8243;]<audio class=\"sc_audio\" src=\"https:\/\/soundcloud.com\/ayuntamiento-de-elche\/juan-de-dios-navarro-rural-film-fest?si=f43a72e9cf374ad38399b78ea9f5172e&#038;utm_source=clipboard&#038;utm_medium=text&#038;utm_campaign=social_sharing\" width=\"\" height=\"\"><\/audio>[\/vc_column][vc_column width=&#8221;1\/6&#8243;][\/vc_column][\/vc_row]<\/p>\n<\/div>","protected":false},"excerpt":{"rendered":"<p>[vc_row el_id=&#8221;SUBTITULAR_NOTICIA&#8221;][vc_column][vc_column_text] L&#8217;edil d&#8217;Agricultura i Medi Ambient, Juan de Dios Navarro, al costat dels directors del festival de cinema itinerant, Jaume Quiles i Alberto Guti\u00e9rrez, han presentat la programaci\u00f3 que [&hellip;]<\/p>\n","protected":false},"author":131,"featured_media":258654,"comment_status":"closed","ping_status":"closed","sticky":false,"template":"","format":"standard","meta":{"footnotes":""},"categories":[391,211,1312],"tags":[],"class_list":["post-258680","post","type-post","status-publish","format-standard","has-post-thumbnail","hentry","category-home-va","category-medi-ambient-va","category-noticias-va"],"_links":{"self":[{"href":"https:\/\/www.elche.es\/va\/wp-json\/wp\/v2\/posts\/258680","targetHints":{"allow":["GET"]}}],"collection":[{"href":"https:\/\/www.elche.es\/va\/wp-json\/wp\/v2\/posts"}],"about":[{"href":"https:\/\/www.elche.es\/va\/wp-json\/wp\/v2\/types\/post"}],"author":[{"embeddable":true,"href":"https:\/\/www.elche.es\/va\/wp-json\/wp\/v2\/users\/131"}],"replies":[{"embeddable":true,"href":"https:\/\/www.elche.es\/va\/wp-json\/wp\/v2\/comments?post=258680"}],"version-history":[{"count":2,"href":"https:\/\/www.elche.es\/va\/wp-json\/wp\/v2\/posts\/258680\/revisions"}],"predecessor-version":[{"id":258682,"href":"https:\/\/www.elche.es\/va\/wp-json\/wp\/v2\/posts\/258680\/revisions\/258682"}],"wp:featuredmedia":[{"embeddable":true,"href":"https:\/\/www.elche.es\/va\/wp-json\/wp\/v2\/media\/258654"}],"wp:attachment":[{"href":"https:\/\/www.elche.es\/va\/wp-json\/wp\/v2\/media?parent=258680"}],"wp:term":[{"taxonomy":"category","embeddable":true,"href":"https:\/\/www.elche.es\/va\/wp-json\/wp\/v2\/categories?post=258680"},{"taxonomy":"post_tag","embeddable":true,"href":"https:\/\/www.elche.es\/va\/wp-json\/wp\/v2\/tags?post=258680"}],"curies":[{"name":"wp","href":"https:\/\/api.w.org\/{rel}","templated":true}]}}