{"id":264667,"date":"2023-09-26T13:21:26","date_gmt":"2023-09-26T11:21:26","guid":{"rendered":"https:\/\/www.elche.es\/2023\/09\/el-govern-municipal-inicia-totes-les-actuacions-de-mobilitat-incloses-en-la-segona-convocatoria-dajudes-europees\/"},"modified":"2023-09-26T13:21:34","modified_gmt":"2023-09-26T11:21:34","slug":"el-govern-municipal-inicia-totes-les-actuacions-de-mobilitat-incloses-en-la-segona-convocatoria-dajudes-europees","status":"publish","type":"post","link":"https:\/\/www.elche.es\/va\/2023\/09\/el-govern-municipal-inicia-totes-les-actuacions-de-mobilitat-incloses-en-la-segona-convocatoria-dajudes-europees\/","title":{"rendered":"El govern municipal inicia totes les actuacions de Mobilitat incloses en la segona convocat\u00f2ria d&#8217;ajudes europees"},"content":{"rendered":"<div class=\"wpb-content-wrapper\"><p>[vc_row el_id=&#8221;SUBTITULAR_NOTICIA&#8221;][vc_column][vc_column_text]<\/p>\n<hr \/>\n<h4>El projecte del bescanviador d&#8217;autobusos en Doctor Caro ja est\u00e0 en Contractaci\u00f3 amb la intenci\u00f3 de comen\u00e7ar els treballs al m\u00e9s prompte possible<\/h4>\n<hr \/>\n<p>[\/vc_column_text][\/vc_column][\/vc_row][vc_row el_id=&#8221;TEXTO_NOTICIA&#8221;][vc_column][vc_column_text]L&#8217;Ajuntament d&#8217;Elx ha iniciat totes les <strong>actuacions contemplades en la segona convocat\u00f2ria d&#8217;ajudes europees en mat\u00e8ria de Mobilitat<\/strong>. Segons el regidor de l&#8217;\u00e0rea, Claudio Guilabert, \u201camb el comen\u00e7ament de totes aquestes es dona per completada la primera fita d&#8217;aquesta convocat\u00f2ria, que era tindre a 24 de setembre de 2023 tots els projectes iniciats\u201d.<\/p>\n<p>Guilabert ha assenyalat que el <strong>projecte de la Zona de Baixes Emissions (ZBE) ja s&#8217;ha iniciat amb la redacci\u00f3 amb l&#8217;ordenan\u00e7a<\/strong>. \u201cAquesta ZBE \u00e9s limitada i se centrar\u00e0 en implantar els mecanismes en zones per als vianants del centre, sense limitar la circulaci\u00f3\u201d.<\/p>\n<p>El projecte del tancament de l&#8217;anell perimetral patir\u00e0 una s\u00e8rie de modificacions despr\u00e9s de comptar amb l&#8217;opini\u00f3 dels t\u00e8cnics i la Unitat de Tr\u00e0nsit de la Policia Local sobre els punts de major congesti\u00f3. Segons el regidor,<strong> a l\u2019avinguda de la Universitat i al carrer Sucre es traslladaran els carrils bici a un altre punt de les vies<\/strong> per a evitar l&#8217;eliminaci\u00f3 de les zones centrals amb jardins.[\/vc_column_text][\/vc_column][\/vc_row][vc_row el_id=&#8221;DESTACADO_NOTICIA&#8221;][vc_column][vc_column_text el_class=&#8221;cuadronoticia&#8221;]<\/p>\n<h5>El tancament de l&#8217;anell perimetral inclou una s\u00e8rie de modificacions als carrils bici de l&#8217;avinguda de la Universitat i carrer Sucre<\/h5>\n<p>[\/vc_column_text][\/vc_column][\/vc_row][vc_row el_id=&#8221;TEXTO_FIN_NOTICIA&#8221;][vc_column][vc_column_text]Les actuacions de <strong>plataformes \u00faniques a la zona del Raval, el Pla i el Centre es troben ja en Contractaci\u00f3 per a iniciar el proc\u00e9s d&#8217;adjudicaci\u00f3 al m\u00e9s prompte possible<\/strong>. A m\u00e9s, s&#8217;ha apostat per continuar avan\u00e7ant en la implantaci\u00f3 de 55 noves estacions de BiciElx amb 750 noves bicicletes, tamb\u00e9 a les pedanies. \u201cHem sol\u00b7licitat un informe sobre els punts de major mobilitat i petici\u00f3 d&#8217;aquest servei per a poder implantar-lo en les pedanies\u201d.<\/p>\n<p>El regidor tamb\u00e9 ha destacat el desbloqueig del <strong>projecte de bescanviador d&#8217;autobusos als carrers Doctor Caro i Alfredo Llopis<\/strong>. \u201cJa es troba en contractaci\u00f3 i \u00e9s una prioritat absoluta\u201d, ha afirmat Guilabert, que ha assenyalat que el projecte no patir\u00e0 modificacions \u201cperqu\u00e8 s&#8217;adequa a la zona i \u00e9s similar al que es vol posar en marxa en la zona del centre de salut de Sant Ferm\u00ed\u201d. \u201cVolem agilitzar els terminis i tirar endavant projectes que s\u00f3n bons per a Elx\u201d.<\/p>\n<p>A m\u00e9s, el passat 31 d&#8217;agost van entrar en funcionament els <strong>sis nous autobusos el\u00e8ctrics.<\/strong><\/p>\n<hr \/>\n<p>&nbsp;<\/p>\n<p>[\/vc_column_text][\/vc_column][\/vc_row][vc_row][vc_column width=&#8221;1\/6&#8243;][\/vc_column][vc_column width=&#8221;2\/3&#8243;]<audio class=\"sc_audio\" src=\"https:\/\/soundcloud.com\/ayuntamiento-de-elche\/acciones-de-movilidad?si=3c3fcd8ea8544fa2a0392cde4c918459&#038;utm_source=clipboard&#038;utm_medium=text&#038;utm_campaign=social_sharing\" width=\"\" height=\"\"><\/audio>[\/vc_column][vc_column width=&#8221;1\/6&#8243;][\/vc_column][\/vc_row]<\/p>\n<\/div>","protected":false},"excerpt":{"rendered":"<p>[vc_row el_id=&#8221;SUBTITULAR_NOTICIA&#8221;][vc_column][vc_column_text] El projecte del bescanviador d&#8217;autobusos en Doctor Caro ja est\u00e0 en Contractaci\u00f3 amb la intenci\u00f3 de comen\u00e7ar els treballs al m\u00e9s prompte possible [\/vc_column_text][\/vc_column][\/vc_row][vc_row el_id=&#8221;TEXTO_NOTICIA&#8221;][vc_column][vc_column_text]L&#8217;Ajuntament d&#8217;Elx ha iniciat [&hellip;]<\/p>\n","protected":false},"author":131,"featured_media":264638,"comment_status":"closed","ping_status":"closed","sticky":false,"template":"","format":"standard","meta":{"footnotes":""},"categories":[391,217,1312],"tags":[],"class_list":["post-264667","post","type-post","status-publish","format-standard","has-post-thumbnail","hentry","category-home-va","category-mobilitat","category-noticias-va"],"_links":{"self":[{"href":"https:\/\/www.elche.es\/va\/wp-json\/wp\/v2\/posts\/264667","targetHints":{"allow":["GET"]}}],"collection":[{"href":"https:\/\/www.elche.es\/va\/wp-json\/wp\/v2\/posts"}],"about":[{"href":"https:\/\/www.elche.es\/va\/wp-json\/wp\/v2\/types\/post"}],"author":[{"embeddable":true,"href":"https:\/\/www.elche.es\/va\/wp-json\/wp\/v2\/users\/131"}],"replies":[{"embeddable":true,"href":"https:\/\/www.elche.es\/va\/wp-json\/wp\/v2\/comments?post=264667"}],"version-history":[{"count":2,"href":"https:\/\/www.elche.es\/va\/wp-json\/wp\/v2\/posts\/264667\/revisions"}],"predecessor-version":[{"id":264669,"href":"https:\/\/www.elche.es\/va\/wp-json\/wp\/v2\/posts\/264667\/revisions\/264669"}],"wp:featuredmedia":[{"embeddable":true,"href":"https:\/\/www.elche.es\/va\/wp-json\/wp\/v2\/media\/264638"}],"wp:attachment":[{"href":"https:\/\/www.elche.es\/va\/wp-json\/wp\/v2\/media?parent=264667"}],"wp:term":[{"taxonomy":"category","embeddable":true,"href":"https:\/\/www.elche.es\/va\/wp-json\/wp\/v2\/categories?post=264667"},{"taxonomy":"post_tag","embeddable":true,"href":"https:\/\/www.elche.es\/va\/wp-json\/wp\/v2\/tags?post=264667"}],"curies":[{"name":"wp","href":"https:\/\/api.w.org\/{rel}","templated":true}]}}