{"id":265490,"date":"2023-10-06T10:09:09","date_gmt":"2023-10-06T08:09:09","guid":{"rendered":"https:\/\/www.elche.es\/2023\/10\/la-v-edicio-de-superxef-senior-comptara-amb-22-participants\/"},"modified":"2023-10-06T10:09:18","modified_gmt":"2023-10-06T08:09:18","slug":"la-v-edicio-de-superxef-senior-comptara-amb-22-participants","status":"publish","type":"post","link":"https:\/\/www.elche.es\/va\/2023\/10\/la-v-edicio-de-superxef-senior-comptara-amb-22-participants\/","title":{"rendered":"La V edici\u00f3 de \u2018Superxef S\u00e9nior\u2019 comptar\u00e0 amb 22 participants"},"content":{"rendered":"<div class=\"wpb-content-wrapper\"><p>[vc_row el_id=&#8221;SUBTITULAR_NOTICIA&#8221;][vc_column][vc_column_text]<\/p>\n<hr \/>\n<h4>Aquesta setmana s&#8217;han sortejat els dies de cuinat, en qu\u00e8 els millors plats passaran a la final del 9 de novembre a l&#8217;Escola Municipal d&#8217;Hostaleria<\/h4>\n<hr \/>\n<p>[\/vc_column_text][\/vc_column][\/vc_row][vc_row el_id=&#8221;TEXTO_NOTICIA&#8221;][vc_column][vc_column_text]El pr\u00f2xim 7 de novembre arranca la <strong>V edici\u00f3 del concurs \u2018Superxef S\u00e9nior\u2019<\/strong> en el qual mostraran els seus dots culin\u00e0ries un total de <strong>22 persones majors de 60 anys, empadronades a Elx i que no han exercit professionalment la labor de cuiner o cuinera.<\/strong> Aquesta setmana s&#8217;ha dut a terme el sorteig per a determinar els dies de cuinat de cadascun dels participants, que elaboraran les seues receptes el 7 i 8 de novembre. Els sis millors plats passaran a <strong>la gran final, que se celebrar\u00e0 el dia 9 a l&#8217;Escola Municipal d&#8217;Hostaleria.<\/strong><\/p>\n<p>Aquest certamen est\u00e0 organitzat per la <strong>Regidoria d&#8217;Inf\u00e0ncia, Majors i Fam\u00edlia i compta amb el patrocini Dialprix,<\/strong> que \u00e9s l&#8217;encarregada de proporcionar tots els ingredients i productes que utilitzen els participants de Superxef S\u00e9nior. \u201cTots els participants d&#8217;aquesta nova edici\u00f3 estan molt emocionats i felices de formar part d&#8217;aquest esdeveniment\u201d, ha subratllat <strong>l&#8217;edil de l&#8217;\u00e0rea, Aurora Rodil.<\/strong>[\/vc_column_text][\/vc_column][\/vc_row][vc_row el_id=&#8221;DESTACADO_NOTICIA&#8221;][vc_column][vc_column_text el_class=&#8221;cuadronoticia&#8221;]<\/p>\n<h5>Totes les receptes es recopilaran en un llibre de cuina que s&#8217;entregar\u00e0 com a record a tots els participants<\/h5>\n<p>[\/vc_column_text][\/vc_column][\/vc_row][vc_row el_id=&#8221;TEXTO_FIN_NOTICIA&#8221;][vc_column][vc_column_text]Igual que en anteriors edicions, aquest concurs compta amb <strong>un jurat compost per xefs<\/strong> de la talla de Susi D\u00edaz i Chema Garc\u00eda de La Finca, Fran Castell de Confiteria Castell, Od\u00f3n Mart\u00ednez de El Grana\u00edno, Tom\u00e1s L\u00f3pez de Mestizaje, Jos\u00e9 Galera de El Antojito, Noelia Pascual de Cachito, Carmen Canals de La Later\u00eda i Adri\u00e1n Aliaga de Martino.<\/p>\n<p><strong>Totes les receptes es recopilaran en un llibre de cuina<\/strong> que s&#8217;entregar\u00e0 com a record a tots els participants.<\/p>\n<hr \/>\n<p>[\/vc_column_text][\/vc_column][\/vc_row][vc_row][vc_column width=&#8221;1\/6&#8243;][\/vc_column][vc_column width=&#8221;2\/3&#8243;]<audio class=\"sc_audio\" src=\"https:\/\/soundcloud.com\/ayuntamiento-de-elche\/aurora-rodil-v-edicion-superchef-senior?si=a4e47e50f65c42faa12246fe303bb76d&#038;utm_source=clipboard&#038;utm_medium=text&#038;utm_campaign=social_sharing\" width=\"\" height=\"\"><\/audio>[\/vc_column][vc_column width=&#8221;1\/6&#8243;][\/vc_column][\/vc_row]<\/p>\n<\/div>","protected":false},"excerpt":{"rendered":"<p>[vc_row el_id=&#8221;SUBTITULAR_NOTICIA&#8221;][vc_column][vc_column_text] Aquesta setmana s&#8217;han sortejat els dies de cuinat, en qu\u00e8 els millors plats passaran a la final del 9 de novembre a l&#8217;Escola Municipal d&#8217;Hostaleria [\/vc_column_text][\/vc_column][\/vc_row][vc_row el_id=&#8221;TEXTO_NOTICIA&#8221;][vc_column][vc_column_text]El pr\u00f2xim [&hellip;]<\/p>\n","protected":false},"author":131,"featured_media":265483,"comment_status":"closed","ping_status":"closed","sticky":false,"template":"","format":"standard","meta":{"footnotes":""},"categories":[391,890,1312],"tags":[],"class_list":["post-265490","post","type-post","status-publish","format-standard","has-post-thumbnail","hentry","category-home-va","category-mayores-va","category-noticias-va"],"_links":{"self":[{"href":"https:\/\/www.elche.es\/va\/wp-json\/wp\/v2\/posts\/265490","targetHints":{"allow":["GET"]}}],"collection":[{"href":"https:\/\/www.elche.es\/va\/wp-json\/wp\/v2\/posts"}],"about":[{"href":"https:\/\/www.elche.es\/va\/wp-json\/wp\/v2\/types\/post"}],"author":[{"embeddable":true,"href":"https:\/\/www.elche.es\/va\/wp-json\/wp\/v2\/users\/131"}],"replies":[{"embeddable":true,"href":"https:\/\/www.elche.es\/va\/wp-json\/wp\/v2\/comments?post=265490"}],"version-history":[{"count":2,"href":"https:\/\/www.elche.es\/va\/wp-json\/wp\/v2\/posts\/265490\/revisions"}],"predecessor-version":[{"id":265492,"href":"https:\/\/www.elche.es\/va\/wp-json\/wp\/v2\/posts\/265490\/revisions\/265492"}],"wp:featuredmedia":[{"embeddable":true,"href":"https:\/\/www.elche.es\/va\/wp-json\/wp\/v2\/media\/265483"}],"wp:attachment":[{"href":"https:\/\/www.elche.es\/va\/wp-json\/wp\/v2\/media?parent=265490"}],"wp:term":[{"taxonomy":"category","embeddable":true,"href":"https:\/\/www.elche.es\/va\/wp-json\/wp\/v2\/categories?post=265490"},{"taxonomy":"post_tag","embeddable":true,"href":"https:\/\/www.elche.es\/va\/wp-json\/wp\/v2\/tags?post=265490"}],"curies":[{"name":"wp","href":"https:\/\/api.w.org\/{rel}","templated":true}]}}