{"id":265679,"date":"2023-10-10T11:00:38","date_gmt":"2023-10-10T09:00:38","guid":{"rendered":"https:\/\/www.elche.es\/2023\/10\/ajuntament-i-policia-local-confirmen-les-mesures-de-seguretat-i-certificacions-a-la-fira-de-sant-andreu\/"},"modified":"2023-10-10T11:00:45","modified_gmt":"2023-10-10T09:00:45","slug":"ajuntament-i-policia-local-confirmen-les-mesures-de-seguretat-i-certificacions-a-la-fira-de-sant-andreu","status":"publish","type":"post","link":"https:\/\/www.elche.es\/va\/2023\/10\/ajuntament-i-policia-local-confirmen-les-mesures-de-seguretat-i-certificacions-a-la-fira-de-sant-andreu\/","title":{"rendered":"Ajuntament i Policia Local confirmen les mesures de seguretat i certificacions a la fira de Sant Andreu"},"content":{"rendered":"<div class=\"wpb-content-wrapper\"><p>[vc_row el_id=&#8221;SUBTITULAR_NOTICIA&#8221;][vc_column][vc_column_text]<\/p>\n<hr \/>\n<h4>La fira comen\u00e7a hui, divendres 6 d&#8217;octubre,\u00a0 i romandr\u00e0 oberta fins al 19 de novembre<\/h4>\n<hr \/>\n<p>[\/vc_column_text][\/vc_column][\/vc_row][vc_row el_id=&#8221;TEXTO_NOTICIA&#8221;][vc_column][vc_column_text]Els enginyers municipals i agents de la Unitat d&#8217;Activitats de la Policia Local d&#8217;Elx (UAC) han inspeccionat les 78 atraccions que componen la fira de Sant Andreu i que obri les seues portes aquesta vesprada, 6 d&#8217;octubre,\u00a0 enfront de l&#8217;IES Vicente Verd\u00fa, i fins al pr\u00f2xim 19 de novembre.<\/p>\n<p>Tant els enginyers de l&#8217;Ajuntament, acompanyats per l&#8217;enginyer de la instal\u00b7laci\u00f3 <strong>han comprovat la seguretat de cadascuna de les atraccions, els certificats i fitxes t\u00e8cniques de les revisions<\/strong>, aix\u00ed com els sistemes t\u00e8cnics d&#8217;extintors i eixides d&#8217;emerg\u00e8ncia.[\/vc_column_text][\/vc_column][\/vc_row][vc_row type=&#8221;flexslider_slide&#8221; interval=&#8221;5&#8243; source=&#8221;media_library&#8221; images=&#8221;&#8221; img_size=&#8221;full&#8221; external_img_size=&#8221;&#8221; onclick=&#8221;link_image&#8221; custom_links_target=&#8221;_self&#8221; el_class=&#8221;galerianoticia&#8221; title=&#8221;&#8221; custom_srcs=&#8221;&#8221; custom_links=&#8221;&#8221;][vc_column][vc_gallery type=&#8221;flexslider_slide&#8221; interval=&#8221;5&#8243; images=&#8221;265572,265570,265568&#8243; img_size=&#8221;full&#8221; el_class=&#8221;galerianoticia&#8221;][\/vc_column][\/vc_row][vc_row el_id=&#8221;TEXTO_FIN_NOTICIA&#8221;][vc_column][vc_column_text]Els t\u00e8cnics i la Policia han verificat que el projecte presentat al Consistori es correspon amb la realitat. <strong>La seguretat est\u00e0 testada amb els certificats i revisions que s&#8217;aporten des de l&#8217;organitzaci\u00f3 de la fira.<\/strong><\/p>\n<p>L&#8217;inspector de la Policia Local, Jos\u00e9 Antonio Corrales ha explicat que \u201cs&#8217;ha procedit a realitzar la inspecci\u00f3 de la fira, i tot all\u00f2 presentat \u00e9s correcte. La fira comen\u00e7a hui, 6 d&#8217;octubre, fins al pr\u00f2xim 19 de novembre i consta de 78 atraccions de fira. Les inspeccions que es realitzen s\u00f3n tant de documentaci\u00f3 com inspeccions t\u00e8cniques una vegada que ja estan muntats els aparells de fira. I <strong>no hi ha cap defici\u00e8ncia ressenyable<\/strong>\u201d.<\/p>\n<hr \/>\n<p>[\/vc_column_text][\/vc_column][\/vc_row][vc_row][vc_column width=&#8221;1\/6&#8243;][\/vc_column][vc_column width=&#8221;2\/3&#8243;]<audio class=\"sc_audio\" src=\"https:\/\/soundcloud.com\/ayuntamiento-de-elche\/jose-antonio-corrales-el-inspector-de-la-policia-local?si=a4e47e50f65c42faa12246fe303bb76d&#038;utm_source=clipboard&#038;utm_medium=text&#038;utm_campaign=social_sharing\" width=\"\" height=\"\"><\/audio>[\/vc_column][vc_column width=&#8221;1\/6&#8243;][\/vc_column][\/vc_row]<\/p>\n<\/div>","protected":false},"excerpt":{"rendered":"<p>[vc_row el_id=&#8221;SUBTITULAR_NOTICIA&#8221;][vc_column][vc_column_text] La fira comen\u00e7a hui, divendres 6 d&#8217;octubre,\u00a0 i romandr\u00e0 oberta fins al 19 de novembre [\/vc_column_text][\/vc_column][\/vc_row][vc_row el_id=&#8221;TEXTO_NOTICIA&#8221;][vc_column][vc_column_text]Els enginyers municipals i agents de la Unitat d&#8217;Activitats de la Policia [&hellip;]<\/p>\n","protected":false},"author":131,"featured_media":265575,"comment_status":"closed","ping_status":"closed","sticky":false,"template":"","format":"standard","meta":{"footnotes":""},"categories":[391,1312,238],"tags":[],"class_list":["post-265679","post","type-post","status-publish","format-standard","has-post-thumbnail","hentry","category-home-va","category-noticias-va","category-policia-local-va"],"_links":{"self":[{"href":"https:\/\/www.elche.es\/va\/wp-json\/wp\/v2\/posts\/265679","targetHints":{"allow":["GET"]}}],"collection":[{"href":"https:\/\/www.elche.es\/va\/wp-json\/wp\/v2\/posts"}],"about":[{"href":"https:\/\/www.elche.es\/va\/wp-json\/wp\/v2\/types\/post"}],"author":[{"embeddable":true,"href":"https:\/\/www.elche.es\/va\/wp-json\/wp\/v2\/users\/131"}],"replies":[{"embeddable":true,"href":"https:\/\/www.elche.es\/va\/wp-json\/wp\/v2\/comments?post=265679"}],"version-history":[{"count":2,"href":"https:\/\/www.elche.es\/va\/wp-json\/wp\/v2\/posts\/265679\/revisions"}],"predecessor-version":[{"id":265681,"href":"https:\/\/www.elche.es\/va\/wp-json\/wp\/v2\/posts\/265679\/revisions\/265681"}],"wp:featuredmedia":[{"embeddable":true,"href":"https:\/\/www.elche.es\/va\/wp-json\/wp\/v2\/media\/265575"}],"wp:attachment":[{"href":"https:\/\/www.elche.es\/va\/wp-json\/wp\/v2\/media?parent=265679"}],"wp:term":[{"taxonomy":"category","embeddable":true,"href":"https:\/\/www.elche.es\/va\/wp-json\/wp\/v2\/categories?post=265679"},{"taxonomy":"post_tag","embeddable":true,"href":"https:\/\/www.elche.es\/va\/wp-json\/wp\/v2\/tags?post=265679"}],"curies":[{"name":"wp","href":"https:\/\/api.w.org\/{rel}","templated":true}]}}