{"id":265735,"date":"2023-10-10T13:09:04","date_gmt":"2023-10-10T11:09:04","guid":{"rendered":"https:\/\/www.elche.es\/2023\/10\/la-celestina-de-fernando-de-rojas-una-versio-mai-abans-vista-de-la-mitica-obra-de-teatral-arriba-al-gran-teatre-delx-el-divendres-13-doctubre\/"},"modified":"2023-10-13T12:05:33","modified_gmt":"2023-10-13T10:05:33","slug":"la-celestina-de-fernando-de-rojas-una-versio-mai-abans-vista-de-la-mitica-obra-de-teatral-arriba-al-gran-teatre-delx-el-divendres-13-doctubre","status":"publish","type":"post","link":"https:\/\/www.elche.es\/va\/2023\/10\/la-celestina-de-fernando-de-rojas-una-versio-mai-abans-vista-de-la-mitica-obra-de-teatral-arriba-al-gran-teatre-delx-el-divendres-13-doctubre\/","title":{"rendered":"La Celestina de Fernando de Rojas, una versi\u00f3 mai abans vista de la m\u00edtica obra de teatral arriba al Gran Teatre d&#8217;Elx el divendres 14 d&#8217;octubre"},"content":{"rendered":"<div class=\"wpb-content-wrapper\"><p>[vc_row el_id=&#8221;SUBTITULAR_NOTICIA&#8221;][vc_column][vc_column_text]<\/p>\n<hr>\n<h4>Els cines Odeon projecten aquesta setmana la pel\u00b7l\u00edcula <em>El Gato con Botas: El \u00faltimo deseo<\/em>, una pel\u00b7l\u00edcula infantil per a gaudir en fam\u00edlia on coneixerem una mica m\u00e9s sobre la hist\u00f2ria oculta del llegendari Gat Amb Botes<\/h4>\n<hr>\n<p>[\/vc_column_text][\/vc_column][\/vc_row][vc_row el_id=&#8221;TEXTO_NOTICIA&#8221;][vc_column][vc_column_text]<\/p>\n<p>L\u2019Escorxador dona inici a la programaci\u00f3 de l&#8217;\u00faltim trimestre de l&#8217;any amb un <strong>espectacle de ball inspirat en la vida i obra de la pintora mexicana Frida Kahlo<\/strong>. Una creaci\u00f3 plena de colors i matisos igual que la seua obra pict\u00f2rica. Tamb\u00e9 es realitzar\u00e0 un taller per als m\u00e9s xicotets de la casa \u201cMenuts i menudes artistes\u201d, un taller amb diferents activitats d&#8217;entreteniment i aprenentatge.<\/p>\n<p>El Centre Cultural les Clarisses continua el <strong>cicle de m\u00fasica amb el concert de piano i clarinet<\/strong> que tindr\u00e0 lloc el dissabte, 14 d&#8217;octubre, al Pati dels Tarongers. D&#8217;altra banda, a la sala cultural la Llotja tindr\u00e0 lloc el <strong>concert de Vicente Pomares \u201cXe qu\u2019agust\u201d.<\/strong><\/p>\n<p>Al Gran Teatre destaquen els seus espectacles de com\u00e8dia com <strong><em>Chungo<\/em>, de Luis Zahera, reconegut actor i c\u00f2mic que ens delectar\u00e0 amb el seu xou el dia 13 d&#8217;octubre i <em>Los d\u00edas ajenos de Bob<\/em><\/strong>, una obra que promet provocar un terratr\u00e9mol de riures entre els espectadors el dia 15 d&#8217;octubre.<\/p>\n<p>[\/vc_column_text][\/vc_column][\/vc_row][vc_row source=&#8221;media_library&#8221; image=&#8221;&#8221; img_size=&#8221;medium&#8221; external_img_size=&#8221;&#8221; add_caption=&#8221;&#8221; alignment=&#8221;center&#8221; style=&#8221;&#8221; external_style=&#8221;&#8221; border_color=&#8221;grey&#8221; external_border_color=&#8221;grey&#8221; onclick=&#8221;link_image&#8221; img_link_target=&#8221;_self&#8221; el_class=&#8221;fotounicanoticiavertical&#8221; title=&#8221;&#8221; custom_src=&#8221;&#8221; caption=&#8221;&#8221; link=&#8221;&#8221; img_link_large=&#8221;&#8221;][vc_column][vc_single_image image=&#8221;265721&#8243; img_size=&#8221;medium&#8221; alignment=&#8221;center&#8221; onclick=&#8221;link_image&#8221; el_class=&#8221;fotounicanoticiavertical&#8221;][\/vc_column][\/vc_row][vc_row][vc_column][vc_column_text]<\/p>\n<h4>GRAN TEATRE<\/h4>\n<p><strong><em>Chungo<\/em>, Luiz Zahera<\/strong><\/p>\n<p>13 d&#8217;octubre a les 20.30 h.<\/p>\n<p>Luis Zahera, reconegut i guardonat actor gallec, repassa la seua carrera amb el seu xou d&#8217;humor<em> Chungo<\/em>. Una ocasi\u00f3 on descobrirem un artista replet d'&lt;&lt;hist\u00f2ries i hist\u00e8ries&gt;&gt;, totes aquestes en clau d&#8217;humor, amb innombrables an\u00e8cdotes tant de la seua vida professional com personal.<\/p>\n<p><strong><em>La Celestina<\/em><\/strong><\/p>\n<p>14 d&#8217;octubre a les 20.00 h.<\/p>\n<p>Aquesta nova versi\u00f3 es mostra des del punt de vista de Celestina. He buscat el dinamisme de l&#8217;acci\u00f3, el ritme dels conflictes, la rapidesa del pas del temps, per a reflectir la idea central de l&#8217;obra: el <em>carpe diem<\/em>.<\/p>\n<p><em><strong>Los d\u00edas ajenos de Bob<\/strong><\/em><\/p>\n<p>15 d&#8217;octubre a les 19.00 h.<\/p>\n<p>Una butaca, un llum dempeus, i un munt de llibres emblem\u00e0tics. Bob Pop, amb el seu vestit desenfadat i les seues m\u00edtiques ulleres de pasta, es prepara per a provocar a l&#8217;espectador un volc\u00e0 de riures i sotracs.<\/p>\n<p>[\/vc_column_text][\/vc_column][\/vc_row][vc_row source=&#8221;media_library&#8221; image=&#8221;&#8221; img_size=&#8221;medium&#8221; external_img_size=&#8221;&#8221; add_caption=&#8221;&#8221; alignment=&#8221;center&#8221; style=&#8221;&#8221; external_style=&#8221;&#8221; border_color=&#8221;grey&#8221; external_border_color=&#8221;grey&#8221; onclick=&#8221;link_image&#8221; img_link_target=&#8221;_self&#8221; el_class=&#8221;fotounicanoticiavertical&#8221; title=&#8221;&#8221; custom_src=&#8221;&#8221; caption=&#8221;&#8221; link=&#8221;&#8221; img_link_large=&#8221;&#8221;][vc_column][vc_single_image image=&#8221;265717&#8243; img_size=&#8221;medium&#8221; alignment=&#8221;center&#8221; onclick=&#8221;link_image&#8221; el_class=&#8221;fotounicanoticiavertical&#8221;][\/vc_column][\/vc_row][vc_row][vc_column][vc_column_text]<\/p>\n<h4>CINES ODEON<\/h4>\n<p><strong>Filmoteca: <em>Novembre<\/em><\/strong><\/p>\n<p>Del 11 al 15 d&#8217;octubre<\/p>\n<p>17.30 \/ 20.00 \/ 22.30<\/p>\n<p>Cinc dies en el cor dels serveis antiterroristes francesos durant la cerca dels sospitosos despr\u00e9s dels atemptats del 13 de novembre de 2015 a Par\u00eds.<\/p>\n<p><strong>Infantil: <em>El gato con botas: El \u00faltimo deseo<\/em><\/strong><\/p>\n<p>Dissabte 14 d&#8217;octubre a les 17.30 h i 20.00 h.<\/p>\n<p>Diumenge 15 d&#8217;octubre a les 17.30 h.<\/p>\n<p>El Gat amb Botes descobreix que la seua passi\u00f3 per l&#8217;aventura li ha passat factura: ha consumit huit de les seues nou vides, per aix\u00f2 empr\u00e9n un viatge \u00e8pic per a trobar el m\u00edtic \u00daltim Desig i restaurar les seues nou vides.<\/p>\n<p>[\/vc_column_text][\/vc_column][\/vc_row][vc_row source=&#8221;media_library&#8221; image=&#8221;&#8221; img_size=&#8221;full&#8221; external_img_size=&#8221;&#8221; add_caption=&#8221;&#8221; alignment=&#8221;left&#8221; style=&#8221;&#8221; external_style=&#8221;&#8221; border_color=&#8221;grey&#8221; external_border_color=&#8221;grey&#8221; onclick=&#8221;link_image&#8221; img_link_target=&#8221;_self&#8221; el_class=&#8221;fotounicanoticia&#8221; title=&#8221;&#8221; custom_src=&#8221;&#8221; caption=&#8221;&#8221; link=&#8221;&#8221; img_link_large=&#8221;&#8221;][vc_column][vc_single_image image=&#8221;265726&#8243; img_size=&#8221;full&#8221; onclick=&#8221;link_image&#8221; el_class=&#8221;fotounicanoticia&#8221;][\/vc_column][\/vc_row][vc_row][vc_column][vc_column_text]<\/p>\n<h4>SALA CULTURAL LA LLOTJA<\/h4>\n<p><em><strong>Xe qu\u2019agust<\/strong><\/em><\/p>\n<p>Dissabte 14 d&#8217;octubre a les 20.00 h.<\/p>\n<p>Cicle de m\u00fasica \u201c\u00c1ngel Alfosea\u201d<\/p>\n<p>Vicente Pomares<\/p>\n<p>[\/vc_column_text][\/vc_column][\/vc_row][vc_row][vc_column][vc_column_text]<\/p>\n<p><strong>L\u2019ESCORXADOR<\/strong><\/p>\n<p><em><strong>Frida&amp;Diego<\/strong><\/em><\/p>\n<p>Divendres 13 d&#8217;octubre a les 19.30 h.<\/p>\n<p>De Mar\u00eda Jes\u00fas Porto (Work in progress del projecte Teixint municipis del CIRCUIT BUCLES + CCCE L\u2019Escorxador)<\/p>\n<p>Dansa + col\u00b7loqui<\/p>\n<p>Duraci\u00f3: 65 minuts<\/p>\n<p>Espectacle no recomanat per a menors de 13 anys.<\/p>\n<p>Entrada amb invitaci\u00f3, que s&#8217;arreplega una hora abans de l&#8217;obra a la taquilla de l\u2019Escorxador.<\/p>\n<p><strong>II October Rock Elx<\/strong><\/p>\n<p>Dissabte 14 d&#8217;octubre a les 21.00 h.<\/p>\n<p>M\u00fasica<\/p>\n<p>Espectacle no recomanat per a menors de 13 anys<\/p>\n<p>Entrada lliure fins a completar l&#8217;aforament.<\/p>\n<p><strong>Menuts i menudes artistes<\/strong><\/p>\n<p><strong>Carabasses llumin\u00e0ries<\/strong><\/p>\n<p>15 d&#8217;octubre d&#8217;11.00h a 13.00 h.<\/p>\n<p>Per a sol\u00b7licitar places escriure per WhatsApp al 684082555 el dilluns de la setmana en la qual s&#8217;impartir\u00e0 el taller, a partir de les 9.00 h.<\/p>\n<p>[\/vc_column_text][\/vc_column][\/vc_row][vc_row source=&#8221;media_library&#8221; image=&#8221;&#8221; img_size=&#8221;medium&#8221; external_img_size=&#8221;&#8221; add_caption=&#8221;&#8221; alignment=&#8221;center&#8221; style=&#8221;&#8221; external_style=&#8221;&#8221; border_color=&#8221;grey&#8221; external_border_color=&#8221;grey&#8221; onclick=&#8221;link_image&#8221; img_link_target=&#8221;_self&#8221; el_class=&#8221;fotounicanoticiavertical&#8221; title=&#8221;&#8221; custom_src=&#8221;&#8221; caption=&#8221;&#8221; link=&#8221;&#8221; img_link_large=&#8221;&#8221;][vc_column][vc_single_image image=&#8221;262619&#8243; img_size=&#8221;medium&#8221; alignment=&#8221;center&#8221; onclick=&#8221;link_image&#8221; el_class=&#8221;fotounicanoticiavertical&#8221;][\/vc_column][\/vc_row][vc_row][vc_column][vc_column_text]<\/p>\n<h4>CENTRE CULTURAL LES CLARISSES<\/h4>\n<p><strong>Pati dels Tarongers<\/strong><\/p>\n<p><strong>Cicle de M\u00fasica<\/strong><\/p>\n<p>Dissabte 14 d&#8217;octubre a les 21.00 h.<\/p>\n<p>Akra Duo<\/p>\n<p>Concert de piano i clarinet<\/p>\n<p>Jessica Sempere (Piano)<\/p>\n<p>Eduardo Moreno (Clarinet)<\/p>\n<p>[\/vc_column_text][\/vc_column][\/vc_row][vc_row][vc_column][vc_column_text]<\/p>\n<h4>EL RAVAL (PLA\u00c7A)<\/h4>\n<p><em><strong>Cuc\u00fa canta t\u00fa<\/strong><\/em><\/p>\n<p>15 d&#8217;octubre a les 12.00 h.<\/p>\n<p>Trebol teatre<\/p>\n<p>Teatre infantil<\/p>\n<p>[\/vc_column_text][\/vc_column][\/vc_row][vc_row][vc_column][vc_column_text]<\/p>\n<h4>PU\u00c7OL<\/h4>\n<p><strong><em>\u00a1Jes\u00fas, vaya novio!<\/em><\/strong><\/p>\n<p>14 d&#8217;octubre a les 18.30 h.<\/p>\n<p>Teatre Zero<\/p>\n<p>Teatre<\/p>\n<p>[\/vc_column_text][\/vc_column][\/vc_row][vc_row source=&#8221;media_library&#8221; image=&#8221;&#8221; img_size=&#8221;medium&#8221; external_img_size=&#8221;&#8221; add_caption=&#8221;&#8221; alignment=&#8221;center&#8221; style=&#8221;&#8221; external_style=&#8221;&#8221; border_color=&#8221;grey&#8221; external_border_color=&#8221;grey&#8221; onclick=&#8221;link_image&#8221; img_link_target=&#8221;_self&#8221; el_class=&#8221;fotounicanoticiavertical&#8221; title=&#8221;&#8221; custom_src=&#8221;&#8221; caption=&#8221;&#8221; link=&#8221;&#8221; img_link_large=&#8221;&#8221;][vc_column][vc_single_image image=&#8221;265728&#8243; img_size=&#8221;medium&#8221; alignment=&#8221;center&#8221; onclick=&#8221;link_image&#8221; el_class=&#8221;fotounicanoticiavertical&#8221;][\/vc_column][\/vc_row][vc_row el_id=&#8221;TEXTO_FIN_NOTICIA&#8221;][vc_column][vc_column_text]<\/p>\n<h4>LA CARRETA<\/h4>\n<p><strong>XIII M\u00e0gia Elx<\/strong><\/p>\n<p>13, 14 i 15 d&#8217;octubre<\/p>\n<p>18.00 h i 12.00 h<\/p>\n<p>Festival de m\u00e0gia familiar<\/p>\n<p>Divendres: <em>Un show de magia, pero m\u00e1s chulo<\/em> (Mag Iv\u00e1n Santa Cruz)<\/p>\n<p>Dissabte: <em>Koko espectaculaaarrr<\/em> (Mag Koko)<\/p>\n<p>Diumenge: <em>Yo soy el mago<\/em> (Mag Jos\u00e9 Mar\u00eda Alc\u00e1zar)<\/p>\n<hr>\n<p>[\/vc_column_text][\/vc_column][\/vc_row]<\/p>\n<\/div>","protected":false},"excerpt":{"rendered":"<p>[vc_row el_id=&#8221;SUBTITULAR_NOTICIA&#8221;][vc_column][vc_column_text] Els cines Odeon projecten aquesta setmana la pel\u00b7l\u00edcula El Gato con Botas: El \u00faltimo deseo, una pel\u00b7l\u00edcula infantil per a gaudir en fam\u00edlia on coneixerem una mica m\u00e9s [&hellip;]<\/p>\n","protected":false},"author":131,"featured_media":265720,"comment_status":"closed","ping_status":"closed","sticky":false,"template":"","format":"standard","meta":{"footnotes":""},"categories":[193,391,1312],"tags":[],"class_list":["post-265735","post","type-post","status-publish","format-standard","has-post-thumbnail","hentry","category-cultura-va","category-home-va","category-noticias-va"],"_links":{"self":[{"href":"https:\/\/www.elche.es\/va\/wp-json\/wp\/v2\/posts\/265735","targetHints":{"allow":["GET"]}}],"collection":[{"href":"https:\/\/www.elche.es\/va\/wp-json\/wp\/v2\/posts"}],"about":[{"href":"https:\/\/www.elche.es\/va\/wp-json\/wp\/v2\/types\/post"}],"author":[{"embeddable":true,"href":"https:\/\/www.elche.es\/va\/wp-json\/wp\/v2\/users\/131"}],"replies":[{"embeddable":true,"href":"https:\/\/www.elche.es\/va\/wp-json\/wp\/v2\/comments?post=265735"}],"version-history":[{"count":5,"href":"https:\/\/www.elche.es\/va\/wp-json\/wp\/v2\/posts\/265735\/revisions"}],"predecessor-version":[{"id":265949,"href":"https:\/\/www.elche.es\/va\/wp-json\/wp\/v2\/posts\/265735\/revisions\/265949"}],"wp:featuredmedia":[{"embeddable":true,"href":"https:\/\/www.elche.es\/va\/wp-json\/wp\/v2\/media\/265720"}],"wp:attachment":[{"href":"https:\/\/www.elche.es\/va\/wp-json\/wp\/v2\/media?parent=265735"}],"wp:term":[{"taxonomy":"category","embeddable":true,"href":"https:\/\/www.elche.es\/va\/wp-json\/wp\/v2\/categories?post=265735"},{"taxonomy":"post_tag","embeddable":true,"href":"https:\/\/www.elche.es\/va\/wp-json\/wp\/v2\/tags?post=265735"}],"curies":[{"name":"wp","href":"https:\/\/api.w.org\/{rel}","templated":true}]}}