{"id":266272,"date":"2023-10-17T13:39:32","date_gmt":"2023-10-17T11:39:32","guid":{"rendered":"https:\/\/www.elche.es\/2023\/10\/el-centre-de-congressos-acull-la-trobada-empresarial-mes-contactes-mes-negoci-per-a-establir-llacos-entre-professionals\/"},"modified":"2023-10-17T13:39:38","modified_gmt":"2023-10-17T11:39:38","slug":"el-centre-de-congressos-acull-la-trobada-empresarial-mes-contactes-mes-negoci-per-a-establir-llacos-entre-professionals","status":"publish","type":"post","link":"https:\/\/www.elche.es\/va\/2023\/10\/el-centre-de-congressos-acull-la-trobada-empresarial-mes-contactes-mes-negoci-per-a-establir-llacos-entre-professionals\/","title":{"rendered":"El Centre de Congressos acull la trobada empresarial \u2018M\u00e9s contactes, m\u00e9s negoci\u2019 per a establir lla\u00e7os entre professionals"},"content":{"rendered":"<div class=\"wpb-content-wrapper\"><p>[vc_row el_id=&#8221;SUBTITULAR_NOTICIA&#8221;][vc_column][vc_column_text]<\/p>\n<hr \/>\n<h4>L&#8217;esdeveniment impulsat per la Regidoria de Promoci\u00f3 Econ\u00f2mica, se celebra este dijous amb l&#8217;objectiu d&#8217;augmentar les possibilitats de contacte comercial, incrementar vendes a trav\u00e9s de nous contactes i dinamitzar l&#8217;economia local<\/h4>\n<hr \/>\n<p>[\/vc_column_text][\/vc_column][\/vc_row][vc_row el_id=&#8221;TEXTO_FIN_NOTICIA&#8221;][vc_column][vc_column_text]El Centre de Congressos \u2018Ciutat d\u2019Elx\u2019 acull aquest dijous 19 d&#8217;octubre la <strong>trobada empresarial i de <em>networking<\/em> \u2018M\u00e9s contactes, m\u00e9s negoci\u2019,<\/strong> un esdeveniment en el qual es donaran cita m\u00e9s de 150 empreses del sector serveis de tota la prov\u00edncia d&#8217;Alacant.<\/p>\n<p>Un esdeveniment l\u2019objectiu principal del qual \u00e9s<strong> augmentar les possibilitats de contacte comercial, incrementar les vendes a trav\u00e9s de nous contactes<\/strong> i dinamitzar l&#8217;economia local. \u201cElx com a ciutat emprenedora i d&#8217;inversi\u00f3 ha d&#8217;estar al costat d&#8217;aquestes iniciatives empresarials que fomenten les relacions entre els diferents sectors i connecten negocis per a crear sinergies de col\u00b7laboraci\u00f3 i econ\u00f2miques\u201d, ha subratllat <strong>el regidor de Promoci\u00f3 Econ\u00f2mica, Samuel Ruiz<\/strong>. \u201cEs tracta de moure l&#8217;economia per a fer cr\u00e9ixer les empreses i com a conseq\u00fc\u00e8ncia, augmentar la contractaci\u00f3 de persones en desocupaci\u00f3\u201d.<\/p>\n<p>La jornada <strong>comen\u00e7ar\u00e0 a les 10 del mat\u00ed i s&#8217;estableixen diverses rondes de trobades on es posen en contacte empresaris per a ampliar, refor\u00e7ar i generar nous vincles entre professionals<\/strong>, de manera que es consolide una aut\u00e8ntica xarxa de relacions i cooperaci\u00f3. Els participants realitzaran entrevistes de 10 \u2013 15 minuts aproximadament, per a con\u00e9ixer en directe altres empresaris de la prov\u00edncia i poder establir relacions comercials.<\/p>\n<p>Aquest esdeveniment empresarial est\u00e0 <strong>organitzat per l&#8217;Ajuntament d&#8217;Elx i l&#8217;Associaci\u00f3 d&#8217;Empreses de Serveis d&#8217;Elx i Comarca (AESEC).<\/strong><\/p>\n<hr \/>\n<p>&nbsp;<\/p>\n<p>[\/vc_column_text][\/vc_column][\/vc_row][vc_row][vc_column width=&#8221;1\/6&#8243;][\/vc_column][vc_column width=&#8221;2\/3&#8243;]<audio class=\"sc_audio\" src=\"https:\/\/soundcloud.com\/ayuntamiento-de-elche\/mas-contactos-mas-negocio?si=69e3e2e29eca428bb67e18f68179eecf&#038;utm_source=clipboard&#038;utm_medium=text&#038;utm_campaign=social_sharing\" width=\"\" height=\"\"><\/audio>[\/vc_column][vc_column width=&#8221;1\/6&#8243;][\/vc_column][\/vc_row]<\/p>\n<\/div>","protected":false},"excerpt":{"rendered":"<p>[vc_row el_id=&#8221;SUBTITULAR_NOTICIA&#8221;][vc_column][vc_column_text] L&#8217;esdeveniment impulsat per la Regidoria de Promoci\u00f3 Econ\u00f2mica, se celebra este dijous amb l&#8217;objectiu d&#8217;augmentar les possibilitats de contacte comercial, incrementar vendes a trav\u00e9s de nous contactes i [&hellip;]<\/p>\n","protected":false},"author":131,"featured_media":266229,"comment_status":"closed","ping_status":"closed","sticky":false,"template":"","format":"standard","meta":{"footnotes":""},"categories":[391,1312,183],"tags":[],"class_list":["post-266272","post","type-post","status-publish","format-standard","has-post-thumbnail","hentry","category-home-va","category-noticias-va","category-pomocio-economica"],"_links":{"self":[{"href":"https:\/\/www.elche.es\/va\/wp-json\/wp\/v2\/posts\/266272","targetHints":{"allow":["GET"]}}],"collection":[{"href":"https:\/\/www.elche.es\/va\/wp-json\/wp\/v2\/posts"}],"about":[{"href":"https:\/\/www.elche.es\/va\/wp-json\/wp\/v2\/types\/post"}],"author":[{"embeddable":true,"href":"https:\/\/www.elche.es\/va\/wp-json\/wp\/v2\/users\/131"}],"replies":[{"embeddable":true,"href":"https:\/\/www.elche.es\/va\/wp-json\/wp\/v2\/comments?post=266272"}],"version-history":[{"count":2,"href":"https:\/\/www.elche.es\/va\/wp-json\/wp\/v2\/posts\/266272\/revisions"}],"predecessor-version":[{"id":266274,"href":"https:\/\/www.elche.es\/va\/wp-json\/wp\/v2\/posts\/266272\/revisions\/266274"}],"wp:featuredmedia":[{"embeddable":true,"href":"https:\/\/www.elche.es\/va\/wp-json\/wp\/v2\/media\/266229"}],"wp:attachment":[{"href":"https:\/\/www.elche.es\/va\/wp-json\/wp\/v2\/media?parent=266272"}],"wp:term":[{"taxonomy":"category","embeddable":true,"href":"https:\/\/www.elche.es\/va\/wp-json\/wp\/v2\/categories?post=266272"},{"taxonomy":"post_tag","embeddable":true,"href":"https:\/\/www.elche.es\/va\/wp-json\/wp\/v2\/tags?post=266272"}],"curies":[{"name":"wp","href":"https:\/\/api.w.org\/{rel}","templated":true}]}}