{"id":266386,"date":"2023-10-18T09:56:10","date_gmt":"2023-10-18T07:56:10","guid":{"rendered":"https:\/\/www.elche.es\/2023\/10\/agredeixen-un-agent-fora-de-servei-amb-el-cristall-duna-botella-trencada-quan-impedia-la-fugida-en-un-robatori\/"},"modified":"2023-10-18T09:56:16","modified_gmt":"2023-10-18T07:56:16","slug":"agredeixen-un-agent-fora-de-servei-amb-el-cristall-duna-botella-trencada-quan-impedia-la-fugida-en-un-robatori","status":"publish","type":"post","link":"https:\/\/www.elche.es\/va\/2023\/10\/agredeixen-un-agent-fora-de-servei-amb-el-cristall-duna-botella-trencada-quan-impedia-la-fugida-en-un-robatori\/","title":{"rendered":"Agredeixen un agent fora de servei amb el cristall d&#8217;una botella trencada quan impedia la fugida en un robatori"},"content":{"rendered":"<div class=\"wpb-content-wrapper\"><p>[vc_row el_id=&#8221;SUBTITULAR_NOTICIA&#8221;][vc_column][vc_column_text]<\/p>\n<hr \/>\n<h4>El sospit\u00f3s va fugir i es va resistir a ser detingut, mentre que el policia local va requerir deu punts de sutura per a la seua curaci\u00f3<\/h4>\n<hr \/>\n<p>[\/vc_column_text][\/vc_column][\/vc_row][vc_row el_id=&#8221;TEXTO_NOTICIA&#8221;][vc_column][vc_column_text]La Policia Local d&#8217;Elx ha detingut <strong>un home de 17 anys per agredir un agent fora de servei amb el cristall d&#8217;una botella fracturada quan impedia la fugida en un robatori<\/strong>. El mes de setembre passat, mentre l&#8217;agent circulava amb el seu vehicle particular pel carrer Porta d&#8217;Alacant va observar un home amb caputxa i el rostre cobert com portava a la seua m\u00e0 una botella de vidre mentre discutia i donava veus al qual semblava ser el responsable de l&#8217;establiment 24 hores que estava just darrere d&#8217;ells.<\/p>\n<p>El mateix agent fora de servei va veure segons m\u00e9s tard com trencava la botella contra el s\u00f2l i empunyava el coll de vidre per a marxar-se despr\u00e9s per la part posterior del col\u00b7legi Ferr\u00e1ndez Cruz. D&#8217;aquesta manera, va donar la volta a l&#8217;illa, es va identificar com a policia i li va donar l&#8217;alt alhora que baixava del vehicle per a interceptar-lo.<\/p>\n<p>Davant d&#8217;aquest fet, l&#8217;implicat es va abalan\u00e7ar contra ell i sense mediar paraula <strong>li va clavar el coll de la botella a l&#8217;abdomen i va iniciar la fugida<\/strong>. L&#8217;agent va iniciar una persecuci\u00f3 fins que el va agafar a la pla\u00e7a Jaume I, on va tornar a demanar-li que cessara la seua actitud, per\u00f2 el sospit\u00f3s es va posar en gu\u00e0rdia amb els bra\u00e7os enlaire i punys tancats, amb la intenci\u00f3 de tornar a agredir-lo. Finalment, va poder reduir-lo despr\u00e9s d&#8217;oposar gran resist\u00e8ncia.<\/p>\n<p>Al seu torn, la Sala Operativa 092 havia rebut <strong>av\u00eds d&#8217;un robatori en un establiment 24 hores<\/strong> i que el subjecte havia tornat despr\u00e9s de la sostracci\u00f3 amb una botella de cristall per a agredir l&#8217;amo. La patrulla que es dirigia al lloc va ser requerida per uns vianants que van informar que un policia tenia retingut el subjecte.<\/p>\n<p>Quan van arribar els agents, es van trobar al company sagnant abundantment per la zona abdominal mentre retenia l&#8217;implicat. Va ser auxiliat pels companys i es va sol\u00b7licitar suport sanitari per al seu trasllat a l&#8217;hospital, on va requerir de deu punts de sutura per a la seua curaci\u00f3.<\/p>\n<p><strong>El sospit\u00f3s va ser detingut i traslladat a depend\u00e8ncies policials.<\/strong>[\/vc_column_text][\/vc_column][\/vc_row][vc_row el_id=&#8221;TEXTO_FIN_NOTICIA&#8221;][vc_column][vc_column_text]<\/p>\n<hr \/>\n<p>[\/vc_column_text][\/vc_column][\/vc_row]<\/p>\n<\/div>","protected":false},"excerpt":{"rendered":"<p>[vc_row el_id=&#8221;SUBTITULAR_NOTICIA&#8221;][vc_column][vc_column_text] El sospit\u00f3s va fugir i es va resistir a ser detingut, mentre que el policia local va requerir deu punts de sutura per a la seua curaci\u00f3 [\/vc_column_text][\/vc_column][\/vc_row][vc_row [&hellip;]<\/p>\n","protected":false},"author":131,"featured_media":255198,"comment_status":"closed","ping_status":"closed","sticky":false,"template":"","format":"standard","meta":{"footnotes":""},"categories":[2864,238],"tags":[],"class_list":["post-266386","post","type-post","status-publish","format-standard","has-post-thumbnail","hentry","category-breus","category-policia-local-va"],"_links":{"self":[{"href":"https:\/\/www.elche.es\/va\/wp-json\/wp\/v2\/posts\/266386","targetHints":{"allow":["GET"]}}],"collection":[{"href":"https:\/\/www.elche.es\/va\/wp-json\/wp\/v2\/posts"}],"about":[{"href":"https:\/\/www.elche.es\/va\/wp-json\/wp\/v2\/types\/post"}],"author":[{"embeddable":true,"href":"https:\/\/www.elche.es\/va\/wp-json\/wp\/v2\/users\/131"}],"replies":[{"embeddable":true,"href":"https:\/\/www.elche.es\/va\/wp-json\/wp\/v2\/comments?post=266386"}],"version-history":[{"count":2,"href":"https:\/\/www.elche.es\/va\/wp-json\/wp\/v2\/posts\/266386\/revisions"}],"predecessor-version":[{"id":266388,"href":"https:\/\/www.elche.es\/va\/wp-json\/wp\/v2\/posts\/266386\/revisions\/266388"}],"wp:featuredmedia":[{"embeddable":true,"href":"https:\/\/www.elche.es\/va\/wp-json\/wp\/v2\/media\/255198"}],"wp:attachment":[{"href":"https:\/\/www.elche.es\/va\/wp-json\/wp\/v2\/media?parent=266386"}],"wp:term":[{"taxonomy":"category","embeddable":true,"href":"https:\/\/www.elche.es\/va\/wp-json\/wp\/v2\/categories?post=266386"},{"taxonomy":"post_tag","embeddable":true,"href":"https:\/\/www.elche.es\/va\/wp-json\/wp\/v2\/tags?post=266386"}],"curies":[{"name":"wp","href":"https:\/\/api.w.org\/{rel}","templated":true}]}}