{"id":266527,"date":"2023-10-18T14:06:42","date_gmt":"2023-10-18T12:06:42","guid":{"rendered":"https:\/\/www.elche.es\/2023\/10\/el-festival-medieval-torna-a-ocupar-els-carrers-i-les-places-i-gira-entorn-del-paper-de-la-dona\/"},"modified":"2023-10-18T14:18:48","modified_gmt":"2023-10-18T12:18:48","slug":"el-festival-medieval-torna-a-ocupar-els-carrers-i-les-places-i-gira-entorn-del-paper-de-la-dona","status":"publish","type":"post","link":"https:\/\/www.elche.es\/va\/2023\/10\/el-festival-medieval-torna-a-ocupar-els-carrers-i-les-places-i-gira-entorn-del-paper-de-la-dona\/","title":{"rendered":"El Festival Medieval torna a ocupar els carrers i les places i gira entorn del paper de la dona"},"content":{"rendered":"<div class=\"wpb-content-wrapper\"><p>[vc_row type=&#8221;square&#8221; style_color=&#8221;original&#8221; style=&#8221;filled&#8221; size=&#8221;large&#8221; icon=&#8221;inherit&#8221; color=&#8221;&#8221; bg_color=&#8221;&#8221; align=&#8221;center&#8221; link=&#8221;&#8221; target=&#8221;_blank&#8221; popup=&#8221;&#8221; rel=&#8221;&#8221; id=&#8221;&#8221; class=&#8221;btndentronoticia&#8221; animation=&#8221;none&#8221; width=&#8221;&#8221; height=&#8221;&#8221; top=&#8221;small&#8221; bottom=&#8221;small&#8221; left=&#8221;huge&#8221; right=&#8221;huge&#8221;][vc_column]<a href=\"https:\/\/www.elche.es\/wp-content\/uploads\/2023\/09\/Programacion_FME_2023.pdf\" target=\"_blank\" class=\"sc_button sc_button_square sc_button_style_filled style_original sc_button_size_large aligncenter btndentronoticia margin_top_small margin_right_huge margin_bottom_small margin_left_huge\">Consulta ac\u00ed la programaci\u00f3<\/a>[\/vc_column][\/vc_row][vc_row el_id=&#8221;SUBTITULAR_NOTICIA&#8221;][vc_column][vc_column_text]<\/p>\n<hr \/>\n<h4>En aquesta XXVIII edici\u00f3 el lema principal \u00e9s \u2018Mulier lux mundi\u2019 amb un cartell obra de l&#8217;artista il\u00b7licit\u00e0 Antonio Mora<\/h4>\n<hr \/>\n<p>[\/vc_column_text][\/vc_column][\/vc_row][vc_row el_id=&#8221;TEXTO_NOTICIA&#8221;][vc_column][vc_column_text]\u2018Mulier lux mundi\u2019 o \u2018La dona \u00e9s la llum del m\u00f3n\u2019 \u00e9s el lema del XXVIII Festival Medieval d&#8217;Elx. <strong>Una edici\u00f3 que se celebrar\u00e0 del 24 al 31 d&#8217;octubre, que dona el protagonisme a la creaci\u00f3 art\u00edstica entorn del paper de la dona<\/strong> i que t\u00e9 en la m\u00fasica un dels principals fils conductors gr\u00e0cies a concerts dedicats a les dones creadores com <em>Ellas en Bizancio<\/em> del prestigi\u00f3s grup DeMusica Ensemble i <em>Las hijas del trueno<\/em> del Projecte EVOCA que tindran lloc a Les Clarisses.<\/p>\n<p>Segons la <strong>regidora de Cultura, Irene Ruiz<\/strong>, el Festival Medieval \u00e9s el \u201cpunt de trobada m\u00e9s important de la tardor a la Comunitat Valenciana quant a m\u00fasica, teatre o dansa\u201d. \u201cVolem potenciar aquest festival per a continuar sent referent cultural i reclam tur\u00edstic i abans de res traure la cultura al carrer per a fer part\u00edcips a tots\u201d.[\/vc_column_text][\/vc_column][\/vc_row][vc_row][vc_column width=&#8221;1\/3&#8243;][vc_single_image image=&#8221;266440&#8243; img_size=&#8221;medium&#8221; alignment=&#8221;center&#8221; onclick=&#8221;link_image&#8221; el_class=&#8221;fotounicanoticiavertical&#8221;][\/vc_column][vc_column width=&#8221;1\/3&#8243;][vc_single_image image=&#8221;266438&#8243; img_size=&#8221;medium&#8221; alignment=&#8221;center&#8221; onclick=&#8221;link_image&#8221; el_class=&#8221;fotounicanoticiavertical&#8221;][\/vc_column][vc_column width=&#8221;1\/3&#8243;][vc_single_image image=&#8221;266436&#8243; img_size=&#8221;medium&#8221; alignment=&#8221;center&#8221; onclick=&#8221;link_image&#8221; el_class=&#8221;fotounicanoticiavertical&#8221;][\/vc_column][\/vc_row][vc_row][vc_column][vc_column_text]<strong>En la programaci\u00f3 destaca la pres\u00e8ncia del gaiter gallec Hevia al Gran Teatre<\/strong> amb la seua m\u00fasica c\u00e8ltica i el concert de m\u00fasica antiga a c\u00e0rrec del reconegut especialista Marcel P\u00e9r\u00e8s, l&#8217;Ensemble La Danserye. A Santa Maria tindr\u00e0 lloc el concert \u201cSixena\u201d a c\u00e0rrec de la Capella de Ministrers sota la direcci\u00f3 del reconegut Carles Magraner. Tamb\u00e9 es podr\u00e0 gaudir del teatre amb <em>Ma\u00f1anas de abril y mayo<\/em> del Teatre Fern\u00e1n G\u00f3mez, Centre Cultural de la Vila i Teatre de Malta i el muntatge en valenci\u00e0 <em>Curial i G\u00fcelfa<\/em> de Bambolina Teatre Practicable.<\/p>\n<p>A m\u00e9s, <strong>els m\u00e9s xicotets podran veure <em>El gran traje <\/em>de la LaSal Teatre<\/strong> al llarg de la setmana a la Sala municipal La Tramoia i a Les Clarisses es podr\u00e0 gaudir de <em>Las aventures de Mart\u00edn<\/em> d&#8217;Ensemble Musicantes &amp; Tantatach\u00e1n Teatre, dirigit a p\u00fablic familiar.[\/vc_column_text][\/vc_column][\/vc_row][vc_row el_id=&#8221;DESTACADO_NOTICIA&#8221;][vc_column][vc_column_text el_class=&#8221;cuadronoticia&#8221;]<\/p>\n<h5>Segons l&#8217;alcalde Pablo Ruz, aquest festival \u00e9s una \u201cmostra del comprom\u00eds amb la cultura per a tots\u201d<\/h5>\n<p>[\/vc_column_text][\/vc_column][\/vc_row][vc_row][vc_column][vc_column_text]\u201cEl carrer recupera protagonisme en aquesta edici\u00f3 del festival\u201d, ha apuntat Ruiz, amb l&#8217;espectacle de dansa <em>Indala + Ne\u00f8nymus<\/em> de David Vento Danse Theater, la <em>Procesi\u00f3n de las Sibilas<\/em> del grup il\u00b7licit\u00e0 NSM Teatre, <em>Creadoras de la edad media<\/em> de la companyia il\u00b7licitana Maracaibo Teatre i el gran \u201cEspectacle Piromusical de Clausura\u201d a c\u00e0rrec de Pirot\u00e8cnia Pe\u00f1arroja que tindr\u00e0 lloc a Traspalau. <strong>No faltar\u00e0 el Mercat Medieval, que cada any convoca milers d&#8217;il\u00b7licitans i turistes. Se celebrar\u00e0 del 26 al 29 d&#8217;octubre a l&#8217;entorn de la bas\u00edlica de Santa Maria, on hi haur\u00e0 m\u00e9s de 150 parades.<\/strong><\/p>\n<p>Dins de la programaci\u00f3 destaca tamb\u00e9 la<strong> I Trobada de M\u00fasiques Antigues i Patrimoni que forma part dels cursos d&#8217;hivern de la UMH<\/strong> per a l&#8217;aproximaci\u00f3 del Misteri d\u2019Elx als m\u00fasics il\u00b7licitans trav\u00e9s dels seus arxius musicals hist\u00f2rics i estaran impartits La Danserye, al costat de l&#8217;Ensemble i Marcel Peres.[\/vc_column_text][\/vc_column][\/vc_row][vc_row type=&#8221;flexslider_slide&#8221; interval=&#8221;5&#8243; source=&#8221;media_library&#8221; images=&#8221;&#8221; img_size=&#8221;full&#8221; external_img_size=&#8221;&#8221; onclick=&#8221;link_image&#8221; custom_links_target=&#8221;_self&#8221; el_class=&#8221;galerianoticia&#8221; title=&#8221;&#8221; custom_srcs=&#8221;&#8221; custom_links=&#8221;&#8221;][vc_column][vc_gallery type=&#8221;flexslider_slide&#8221; interval=&#8221;5&#8243; images=&#8221;266454,266456&#8243; img_size=&#8221;full&#8221; el_class=&#8221;galerianoticia&#8221;][\/vc_column][\/vc_row][vc_row el_id=&#8221;TEXTO_FIN_NOTICIA&#8221;][vc_column][vc_column_text]L&#8217;objectiu del curs \u00e9s <strong>con\u00e9ixer els instruments que van ser utilitzats en la representaci\u00f3 del Misteri d\u2019Elx en \u00e8poques anteriors<\/strong>. Es tocaran els repertoris i funcions que els ministrers van exercir en la seua \u00e8poca. Les classes seran presencials a l&#8217;aula pla\u00e7a de Baix, on tindran lloc els primers assajos i lli\u00e7ons magistrals. Els dies 28 i 29, es desenvoluparan els tallers al centre cultural les Clarisses. Finalment, a la bas\u00edlica de Santa Maria els alumnes del curs realitzaran un concert.<\/p>\n<h5>Lemes en llat\u00ed<\/h5>\n<p><strong>L&#8217;autor dels tres cartells \u00e9s l&#8217;artista il\u00b7licit\u00e0 Antonio Mora, que tamb\u00e9 va ser el responsable del cartell de les Festes d&#8217;Agost de 2023<\/strong>. Mora ha assenyalat que en aquests \u201ces representen diferents matisos, diferents cares de la dona en totes les seues formes i rostres\u201d. La proposta ha dit s\u00f3n tres cartells amb diferent composici\u00f3 que \u201cpretenen representar les mil maneres en les quals es mostra la dona en tota la seua esplendor i for\u00e7a emotiva\u201d.<\/p>\n<p><strong>Els cartells porten el lema en llat\u00ed<\/strong> de \u2018Omnia vincit amor\u2019 o \u2018L&#8217;amor ho conquista tot\u2019; \u2018Si vis amari, ama\u2019 o \u2018Si vols ser estimat, estima\u2019 i \u2018Mulier lux mundi\u2019 o \u2018La dona \u00e9s la llum del m\u00f3n\u2019.<\/p>\n<p>Per part seua, <strong>l&#8217;alcalde Pablo Ruz<\/strong> ha assenyalat que en aquesta ocasi\u00f3 s&#8217;han triat textos en llat\u00ed. \u201c\u00c9s important des de l&#8217;administraci\u00f3 reivindicar el paper del llat\u00ed i relacionar-lo amb l&#8217;Edat mitjana, que no \u00e9s un per\u00edode t\u00e8tric i fosc sin\u00f3 el per\u00edode de les universitats, de l&#8217;esplendor d&#8217;Europa, els c\u00f2dexs o la Festa. \u00c9s un moment esplendor\u00f3s que cal reivindicar\u201d.<\/p>\n<p>A m\u00e9s, ha destacat la import\u00e0ncia de traure la cultura al carrer. \u201cEixe \u00e9s el millor escenari per a promoure la cultura\u201d, ha subratllat l&#8217;alcalde, que ha indicat que aquest festival \u00e9s una <strong>\u201cmostra del comprom\u00eds amb una cultura per a tots\u201d. I ha afegit que la cultura \u00e9s \u201cllibertat, un deure i la pedra angular d&#8217;una bona acci\u00f3 de govern\u201d.<\/strong><\/p>\n<hr \/>\n<p>&nbsp;<\/p>\n<p>[\/vc_column_text][\/vc_column][\/vc_row][vc_row][vc_column width=&#8221;1\/3&#8243;]<audio class=\"sc_audio\" src=\"https:\/\/soundcloud.com\/ayuntamiento-de-elche\/presentacion-del-festival-medieval?si=41b805e280a5475986a9f2f6c8612a38&#038;utm_source=clipboard&#038;utm_medium=text&#038;utm_campaign=social_sharing\" width=\"\" height=\"\"><\/audio>[\/vc_column][vc_column width=&#8221;1\/3&#8243;]<audio class=\"sc_audio\" src=\"https:\/\/soundcloud.com\/ayuntamiento-de-elche\/presentacion-del-festival-medieval-1?si=41b805e280a5475986a9f2f6c8612a38&#038;utm_source=clipboard&#038;utm_medium=text&#038;utm_campaign=social_sharing\" width=\"\" height=\"\"><\/audio>[\/vc_column][vc_column width=&#8221;1\/3&#8243;]<audio class=\"sc_audio\" src=\"https:\/\/soundcloud.com\/ayuntamiento-de-elche\/presentacion-del-festival-medieval-2?si=41b805e280a5475986a9f2f6c8612a38&#038;utm_source=clipboard&#038;utm_medium=text&#038;utm_campaign=social_sharing\" width=\"\" height=\"\"><\/audio>[\/vc_column][\/vc_row]<\/p>\n<\/div>","protected":false},"excerpt":{"rendered":"<p>[vc_row type=&#8221;square&#8221; style_color=&#8221;original&#8221; style=&#8221;filled&#8221; size=&#8221;large&#8221; icon=&#8221;inherit&#8221; color=&#8221;&#8221; bg_color=&#8221;&#8221; align=&#8221;center&#8221; link=&#8221;&#8221; target=&#8221;_blank&#8221; popup=&#8221;&#8221; rel=&#8221;&#8221; id=&#8221;&#8221; class=&#8221;btndentronoticia&#8221; animation=&#8221;none&#8221; width=&#8221;&#8221; height=&#8221;&#8221; top=&#8221;small&#8221; bottom=&#8221;small&#8221; left=&#8221;huge&#8221; right=&#8221;huge&#8221;][vc_column][\/vc_column][\/vc_row][vc_row el_id=&#8221;SUBTITULAR_NOTICIA&#8221;][vc_column][vc_column_text] En aquesta XXVIII edici\u00f3 el lema principal [&hellip;]<\/p>\n","protected":false},"author":131,"featured_media":266459,"comment_status":"closed","ping_status":"closed","sticky":false,"template":"","format":"standard","meta":{"footnotes":""},"categories":[193,391,1312],"tags":[],"class_list":["post-266527","post","type-post","status-publish","format-standard","has-post-thumbnail","hentry","category-cultura-va","category-home-va","category-noticias-va"],"_links":{"self":[{"href":"https:\/\/www.elche.es\/va\/wp-json\/wp\/v2\/posts\/266527","targetHints":{"allow":["GET"]}}],"collection":[{"href":"https:\/\/www.elche.es\/va\/wp-json\/wp\/v2\/posts"}],"about":[{"href":"https:\/\/www.elche.es\/va\/wp-json\/wp\/v2\/types\/post"}],"author":[{"embeddable":true,"href":"https:\/\/www.elche.es\/va\/wp-json\/wp\/v2\/users\/131"}],"replies":[{"embeddable":true,"href":"https:\/\/www.elche.es\/va\/wp-json\/wp\/v2\/comments?post=266527"}],"version-history":[{"count":5,"href":"https:\/\/www.elche.es\/va\/wp-json\/wp\/v2\/posts\/266527\/revisions"}],"predecessor-version":[{"id":266546,"href":"https:\/\/www.elche.es\/va\/wp-json\/wp\/v2\/posts\/266527\/revisions\/266546"}],"wp:featuredmedia":[{"embeddable":true,"href":"https:\/\/www.elche.es\/va\/wp-json\/wp\/v2\/media\/266459"}],"wp:attachment":[{"href":"https:\/\/www.elche.es\/va\/wp-json\/wp\/v2\/media?parent=266527"}],"wp:term":[{"taxonomy":"category","embeddable":true,"href":"https:\/\/www.elche.es\/va\/wp-json\/wp\/v2\/categories?post=266527"},{"taxonomy":"post_tag","embeddable":true,"href":"https:\/\/www.elche.es\/va\/wp-json\/wp\/v2\/tags?post=266527"}],"curies":[{"name":"wp","href":"https:\/\/api.w.org\/{rel}","templated":true}]}}