{"id":266542,"date":"2023-10-18T14:15:35","date_gmt":"2023-10-18T12:15:35","guid":{"rendered":"https:\/\/www.elche.es\/2023\/10\/arriba-a-elx-la-viii-fira-de-ladopcio-de-la-provincia-dalacant-este-cap-de-setmana\/"},"modified":"2023-10-18T14:15:46","modified_gmt":"2023-10-18T12:15:46","slug":"arriba-a-elx-la-viii-fira-de-ladopcio-de-la-provincia-dalacant-este-cap-de-setmana","status":"publish","type":"post","link":"https:\/\/www.elche.es\/va\/2023\/10\/arriba-a-elx-la-viii-fira-de-ladopcio-de-la-provincia-dalacant-este-cap-de-setmana\/","title":{"rendered":"Arriba a Elx la VIII Fira de l&#8217;Adopci\u00f3 de la prov\u00edncia d&#8217;Alacant este cap de setmana"},"content":{"rendered":"<div class=\"wpb-content-wrapper\"><p>[vc_row type=&#8221;square&#8221; style_color=&#8221;original&#8221; style=&#8221;filled&#8221; size=&#8221;large&#8221; icon=&#8221;inherit&#8221; color=&#8221;&#8221; bg_color=&#8221;&#8221; align=&#8221;center&#8221; link=&#8221;&#8221; target=&#8221;_blank&#8221; popup=&#8221;&#8221; rel=&#8221;&#8221; id=&#8221;&#8221; class=&#8221;btndentronoticia&#8221; animation=&#8221;none&#8221; width=&#8221;&#8221; height=&#8221;&#8221; top=&#8221;small&#8221; bottom=&#8221;small&#8221; left=&#8221;huge&#8221; right=&#8221;huge&#8221;][vc_column]<a href=\"https:\/\/www.elche.es\/wp-content\/uploads\/2023\/10\/CARTEL-VIII-FERIA-ADOPCION.pdf\" target=\"_blank\" class=\"sc_button sc_button_square sc_button_style_filled style_original sc_button_size_large aligncenter btndentronoticia margin_top_small margin_right_huge margin_bottom_small margin_left_huge\">Consulta ac\u00ed la programaci\u00f3<\/a>[\/vc_column][\/vc_row][vc_row type=&#8221;square&#8221; style_color=&#8221;original&#8221; style=&#8221;filled&#8221; size=&#8221;large&#8221; icon=&#8221;inherit&#8221; color=&#8221;&#8221; bg_color=&#8221;&#8221; align=&#8221;center&#8221; link=&#8221;&#8221; target=&#8221;_blank&#8221; popup=&#8221;&#8221; rel=&#8221;&#8221; id=&#8221;&#8221; class=&#8221;btndentronoticia&#8221; animation=&#8221;none&#8221; width=&#8221;&#8221; height=&#8221;&#8221; top=&#8221;small&#8221; bottom=&#8221;small&#8221; left=&#8221;huge&#8221; right=&#8221;huge&#8221;][vc_column]<a href=\"https:\/\/www.elche.es\/wp-content\/uploads\/2023\/10\/Cartel-Concurso-Infantil-1.pdf\" target=\"_blank\" class=\"sc_button sc_button_square sc_button_style_filled style_original sc_button_size_large aligncenter btndentronoticia margin_top_small margin_right_huge margin_bottom_small margin_left_huge\">Consulta ac\u00ed les bases del concurs infantil<\/a>[\/vc_column][\/vc_row][vc_row el_id=&#8221;SUBTITULAR_NOTICIA&#8221;][vc_column][vc_column_text]<\/p>\n<hr \/>\n<h4>Totes les activitats organitzades per la Regidoria de Benestar Animal es realitzen els dies 21 i 22 d&#8217;octubre a l&#8217;Hort de Baix i les m\u00e9s destacades s\u00f3n la \u2018Gran Desfilada d&#8217;Adopci\u00f3\u2019 i el \u2018Concurs de Bellesa Can\u00ed\u2019<\/h4>\n<hr \/>\n<p>[\/vc_column_text][\/vc_column][\/vc_row][vc_row el_id=&#8221;TEXTO_NOTICIA&#8221;][vc_column][vc_column_text]<strong>La VIII Fira de l&#8217;Adopci\u00f3 de la Prov\u00edncia d&#8217;Alacant<\/strong> organitzada per la Regidoria de Benestar Animal al costat de les associacions Huellas Salvadas i Huellas en la Monta\u00f1a, arriba a Elx aquest cap de setmana i se celebrar\u00e0 els dies 21 i 22 d&#8217;octubre a l&#8217;Hort de Baix.<\/p>\n<p><strong>Inma Mora, regidora de l&#8217;\u00e0rea<\/strong>, ha assenyalat que \u201cdes de la Regidoria agra\u00efm les dues associacions pel treball que realitzen no solament durant esta fira sin\u00f3 durant tot l&#8217;any\u201d.<\/p>\n<p>Entre els esdeveniments m\u00e9s destacats es troben<strong> l&#8217;exhibici\u00f3 canina de gossos policia i la Gran Desfilada de l&#8217;Adopci\u00f3<\/strong>, on es mostraran els animals que busquen una fam\u00edlia i que seran el dissabte. El mateix dia, l&#8217;advocat Eloi Sarri\u00f3 d&#8217;Aboganimal oferir\u00e0 una entrevista interactiva per a explicar informaci\u00f3 sobre la nova Llei de Benestar Animal.<\/p>\n<p>El diumenge, tindr\u00e0 lloc un <strong>concurs de Bellesa Can\u00ed,<\/strong> la inscripci\u00f3 de qual ser\u00e0 de 2\u20ac per mascota i es far\u00e0 a trav\u00e9s dels voluntaris de l\u2019organitzaci\u00f3 que es troben pel recinte. A m\u00e9s, es far\u00e0 un homenatge a les mascotes mortes amb una solta de globus ecol\u00f2gics.[\/vc_column_text][\/vc_column][\/vc_row][vc_row el_id=&#8221;DESTACADO_NOTICIA&#8221;][vc_column][vc_column_text el_class=&#8221;cuadronoticia&#8221;]<\/p>\n<h5>La recaptaci\u00f3 de l&#8217;esdeveniment anir\u00e0 destinada a cobrir les despeses de cura, alimentaci\u00f3 i necessitats veterin\u00e0ries dels animals en adopci\u00f3 de les protectores<\/h5>\n<p>[\/vc_column_text][\/vc_column][\/vc_row][vc_row el_id=&#8221;TEXTO_FIN_NOTICIA&#8221;][vc_column][vc_column_text]El mateix dia es presentar\u00e0 l<strong>a segona Gran Desfilada de l&#8217;Adopci\u00f3<\/strong> i, finalment, <strong>el Concurs de Dibuix Infantil<\/strong>. En el concurs es distingiran dues categories per edats, on els xiquets dibuixaran la seua mascota i per votaci\u00f3 popular es triaran els guanyadors. Enguany, s&#8217;inclou com a novetat a l&#8217;estand infantil l&#8217;activitat \u2018Crea la teua flor Dol\u00e7a\u2019, al costat de <strong>tallers de pintacares i tatuatges, jocs, contacontes i manualitats.<\/strong><\/p>\n<p>En la Fira de l&#8217;Adopci\u00f3, les <strong>activitats seran per a totes les edats<\/strong> i est\u00e0 pensada per a assistir en fam\u00edlia. L&#8217;objectiu principal \u00e9s conscienciar sobre l&#8217;adopci\u00f3 i recaptar fons que aniran destinats a cobrir les despeses d&#8217;alimentaci\u00f3 i veterinaris per als animals de les protectores.<\/p>\n<p><strong>Les associacions Huellas Salvadas i Huellas en la Monta\u00f1a<\/strong> que han estat representades en la presentaci\u00f3 de l&#8217;esdeveniment per Asten Mortes i Esperanza Garc\u00eda, respectivament, busquen la <strong>conscienciaci\u00f3 social en l&#8217;adopci\u00f3 dels animals<\/strong> abandonats per a poder oferir-los una fam\u00edlia a trav\u00e9s de la seua exposici\u00f3 en les desfilades canines.<\/p>\n<hr \/>\n<p>&nbsp;<\/p>\n<p>[\/vc_column_text][\/vc_column][\/vc_row][vc_row][vc_column width=&#8221;1\/6&#8243;][\/vc_column][vc_column width=&#8221;2\/3&#8243;]<audio class=\"sc_audio\" src=\"https:\/\/soundcloud.com\/ayuntamiento-de-elche\/inma-mora-viii-feria-de-la-adopcion?si=f46ffbf879884ffb823e96b691e0641c&#038;utm_source=clipboard&#038;utm_medium=text&#038;utm_campaign=social_sharing\" width=\"\" height=\"\"><\/audio>[\/vc_column][vc_column width=&#8221;1\/6&#8243;][\/vc_column][\/vc_row]<\/p>\n<\/div>","protected":false},"excerpt":{"rendered":"<p>[vc_row type=&#8221;square&#8221; style_color=&#8221;original&#8221; style=&#8221;filled&#8221; size=&#8221;large&#8221; icon=&#8221;inherit&#8221; color=&#8221;&#8221; bg_color=&#8221;&#8221; align=&#8221;center&#8221; link=&#8221;&#8221; target=&#8221;_blank&#8221; popup=&#8221;&#8221; rel=&#8221;&#8221; id=&#8221;&#8221; class=&#8221;btndentronoticia&#8221; animation=&#8221;none&#8221; width=&#8221;&#8221; height=&#8221;&#8221; top=&#8221;small&#8221; bottom=&#8221;small&#8221; left=&#8221;huge&#8221; right=&#8221;huge&#8221;][vc_column][\/vc_column][\/vc_row][vc_row type=&#8221;square&#8221; style_color=&#8221;original&#8221; style=&#8221;filled&#8221; size=&#8221;large&#8221; icon=&#8221;inherit&#8221; color=&#8221;&#8221; bg_color=&#8221;&#8221; align=&#8221;center&#8221; [&hellip;]<\/p>\n","protected":false},"author":131,"featured_media":266525,"comment_status":"closed","ping_status":"closed","sticky":false,"template":"","format":"standard","meta":{"footnotes":""},"categories":[2774,391,1312],"tags":[],"class_list":["post-266542","post","type-post","status-publish","format-standard","has-post-thumbnail","hentry","category-bienestar-animal-va","category-home-va","category-noticias-va"],"_links":{"self":[{"href":"https:\/\/www.elche.es\/va\/wp-json\/wp\/v2\/posts\/266542","targetHints":{"allow":["GET"]}}],"collection":[{"href":"https:\/\/www.elche.es\/va\/wp-json\/wp\/v2\/posts"}],"about":[{"href":"https:\/\/www.elche.es\/va\/wp-json\/wp\/v2\/types\/post"}],"author":[{"embeddable":true,"href":"https:\/\/www.elche.es\/va\/wp-json\/wp\/v2\/users\/131"}],"replies":[{"embeddable":true,"href":"https:\/\/www.elche.es\/va\/wp-json\/wp\/v2\/comments?post=266542"}],"version-history":[{"count":2,"href":"https:\/\/www.elche.es\/va\/wp-json\/wp\/v2\/posts\/266542\/revisions"}],"predecessor-version":[{"id":266544,"href":"https:\/\/www.elche.es\/va\/wp-json\/wp\/v2\/posts\/266542\/revisions\/266544"}],"wp:featuredmedia":[{"embeddable":true,"href":"https:\/\/www.elche.es\/va\/wp-json\/wp\/v2\/media\/266525"}],"wp:attachment":[{"href":"https:\/\/www.elche.es\/va\/wp-json\/wp\/v2\/media?parent=266542"}],"wp:term":[{"taxonomy":"category","embeddable":true,"href":"https:\/\/www.elche.es\/va\/wp-json\/wp\/v2\/categories?post=266542"},{"taxonomy":"post_tag","embeddable":true,"href":"https:\/\/www.elche.es\/va\/wp-json\/wp\/v2\/tags?post=266542"}],"curies":[{"name":"wp","href":"https:\/\/api.w.org\/{rel}","templated":true}]}}