{"id":266557,"date":"2023-10-18T14:43:57","date_gmt":"2023-10-18T12:43:57","guid":{"rendered":"https:\/\/www.elche.es\/2023\/10\/lajuntament-remet-els-membres-de-la-comissio-tecnica-del-palmerar-per-a-desbloquejar-projectes-encallats\/"},"modified":"2023-10-18T14:44:04","modified_gmt":"2023-10-18T12:44:04","slug":"lajuntament-remet-els-membres-de-la-comissio-tecnica-del-palmerar-per-a-desbloquejar-projectes-encallats","status":"publish","type":"post","link":"https:\/\/www.elche.es\/va\/2023\/10\/lajuntament-remet-els-membres-de-la-comissio-tecnica-del-palmerar-per-a-desbloquejar-projectes-encallats\/","title":{"rendered":"L\u2019Ajuntament remet els membres de la comissi\u00f3 t\u00e8cnica del Palmerar per a \u201cdesbloquejar projectes encallats\u201d"},"content":{"rendered":"<div class=\"wpb-content-wrapper\"><p>[vc_row el_id=&#8221;SUBTITULAR_NOTICIA&#8221;][vc_column][vc_column_text]<\/p>\n<hr \/>\n<h4>L&#8217;alcalde, Pablo Ruz, es reuneix amb la directora general de Patrimoni Cultural, Pilar T\u00e9bar, per a abordar q\u00fcestions com el Patronat del Palmerar, el Mercat Central, l&#8217;edifici de Regs el Progr\u00e9s o el projecte de posada en valor de la muralla almor\u00e0vit<\/h4>\n<hr \/>\n<p>[\/vc_column_text][\/vc_column][\/vc_row][vc_row el_id=&#8221;TEXTO_NOTICIA&#8221;][vc_column][vc_column_text]<strong>L&#8217;alcalde d&#8217;Elx, Pablo Ruz<\/strong>, s&#8217;ha reunit amb la directora general de Patrimoni Cultural, Pilar T\u00e9bar i amb responsables de direcci\u00f3 territorial per a abordar diversos assumptes t\u00e8cnics relacionats amb aquesta \u00e0rea. Ruz ha informat que s&#8217;ha rem\u00e9s el llistat dels components de la comissi\u00f3 t\u00e8cnica del Patronat del Palmerar, formada per membres municipals i de Conselleria que \u00e9s \u201cessencial per a desbloquejar projectes que porten encallats m\u00e9s d&#8217;un any, com ara el restaurant del Parc Municipal\u201d.<\/p>\n<p>Segons l&#8217;alcalde, s\u00f3n projectes <strong>relacionats amb permisos de patrimoni que s&#8217;han d&#8217;abordar en aquesta comissi\u00f3 t\u00e8cnica i que es reunir\u00e0 en les pr\u00f2ximes setmanes<\/strong>. \u201cTenim el comprom\u00eds de la directora general de Patrimoni Cultural d&#8217;agilitzar al m\u00e0xim la posada en marxa de la comissi\u00f3 que no t\u00e9 a veure de manera directa amb la Junta Rectora i que \u00e9s priorit\u00e0ria per a desembossar projectes\u201d.[\/vc_column_text][\/vc_column][\/vc_row][vc_row type=&#8221;flexslider_slide&#8221; interval=&#8221;5&#8243; source=&#8221;media_library&#8221; images=&#8221;&#8221; img_size=&#8221;full&#8221; external_img_size=&#8221;&#8221; onclick=&#8221;link_image&#8221; custom_links_target=&#8221;_self&#8221; el_class=&#8221;galerianoticia&#8221; title=&#8221;&#8221; custom_srcs=&#8221;&#8221; custom_links=&#8221;&#8221;][vc_column][vc_gallery type=&#8221;flexslider_slide&#8221; interval=&#8221;5&#8243; images=&#8221;266473,266471,266469,266467&#8243; img_size=&#8221;full&#8221; el_class=&#8221;galerianoticia&#8221;][\/vc_column][\/vc_row][vc_row el_id=&#8221;TEXTO_FIN_NOTICIA&#8221;][vc_column][vc_column_text]En la reuni\u00f3 es van tractar assumptes relacionats amb l&#8217;ampliaci\u00f3 de diversos sectors urban\u00edstics, pendents de resoluci\u00f3 del Patronat del Palmerar, \u201cque han de passar abans per la comissi\u00f3 t\u00e8cnica\u201d. <strong>Una altra de les \u201cfites\u201d pendents \u00e9s les Clarisses o el projecte relacionat amb la muralla almor\u00e0vit<\/strong>, que \u201cfarem for\u00e7a perqu\u00e8 seguisca avant perqu\u00e8 tindr\u00e0 beneficis per al patrimoni i per al turisme d&#8217;Elx\u201d.<\/p>\n<p>Tamb\u00e9 es va tractar el <strong>projecte del Passeig de les Germanies<\/strong>, l&#8217;edifici de Regs el Progr\u00e9s o el Mercat Central, que ja es troba en fase de licitaci\u00f3 la redacci\u00f3 del projecte per a \u201ctreballar conjuntament els permisos previs\u201d.<\/p>\n<p>En paraules de Ruz, \u201cuna reuni\u00f3 t\u00e8cnica i no pol\u00edtica on es va<strong> constatar la disponibilitat de la direcci\u00f3 general de Patrimoni Cultural<\/strong> i direcci\u00f3 territorial per a la posada en marxa de projectes essencials i tindre fil directe per a abordar, agilitzar i desembossar projectes\u201d.<\/p>\n<hr \/>\n<p>&nbsp;<\/p>\n<p>[\/vc_column_text][\/vc_column][\/vc_row][vc_row][vc_column width=&#8221;1\/6&#8243;][\/vc_column][vc_column width=&#8221;2\/3&#8243;]<audio class=\"sc_audio\" src=\"https:\/\/soundcloud.com\/ayuntamiento-de-elche\/reunion-con-la-directora-general-de-patrimonio-cultural-pilar-tebar?si=81508bbd97df46858ce5fc4cccdeb09d&#038;utm_source=clipboard&#038;utm_medium=text&#038;utm_campaign=social_sharing\" width=\"\" height=\"\"><\/audio>[\/vc_column][vc_column width=&#8221;1\/6&#8243;][\/vc_column][\/vc_row]<\/p>\n<\/div>","protected":false},"excerpt":{"rendered":"<p>[vc_row el_id=&#8221;SUBTITULAR_NOTICIA&#8221;][vc_column][vc_column_text] L&#8217;alcalde, Pablo Ruz, es reuneix amb la directora general de Patrimoni Cultural, Pilar T\u00e9bar, per a abordar q\u00fcestions com el Patronat del Palmerar, el Mercat Central, l&#8217;edifici de [&hellip;]<\/p>\n","protected":false},"author":131,"featured_media":266476,"comment_status":"closed","ping_status":"closed","sticky":false,"template":"","format":"standard","meta":{"footnotes":""},"categories":[193,391,1312],"tags":[],"class_list":["post-266557","post","type-post","status-publish","format-standard","has-post-thumbnail","hentry","category-cultura-va","category-home-va","category-noticias-va"],"_links":{"self":[{"href":"https:\/\/www.elche.es\/va\/wp-json\/wp\/v2\/posts\/266557","targetHints":{"allow":["GET"]}}],"collection":[{"href":"https:\/\/www.elche.es\/va\/wp-json\/wp\/v2\/posts"}],"about":[{"href":"https:\/\/www.elche.es\/va\/wp-json\/wp\/v2\/types\/post"}],"author":[{"embeddable":true,"href":"https:\/\/www.elche.es\/va\/wp-json\/wp\/v2\/users\/131"}],"replies":[{"embeddable":true,"href":"https:\/\/www.elche.es\/va\/wp-json\/wp\/v2\/comments?post=266557"}],"version-history":[{"count":2,"href":"https:\/\/www.elche.es\/va\/wp-json\/wp\/v2\/posts\/266557\/revisions"}],"predecessor-version":[{"id":266559,"href":"https:\/\/www.elche.es\/va\/wp-json\/wp\/v2\/posts\/266557\/revisions\/266559"}],"wp:featuredmedia":[{"embeddable":true,"href":"https:\/\/www.elche.es\/va\/wp-json\/wp\/v2\/media\/266476"}],"wp:attachment":[{"href":"https:\/\/www.elche.es\/va\/wp-json\/wp\/v2\/media?parent=266557"}],"wp:term":[{"taxonomy":"category","embeddable":true,"href":"https:\/\/www.elche.es\/va\/wp-json\/wp\/v2\/categories?post=266557"},{"taxonomy":"post_tag","embeddable":true,"href":"https:\/\/www.elche.es\/va\/wp-json\/wp\/v2\/tags?post=266557"}],"curies":[{"name":"wp","href":"https:\/\/api.w.org\/{rel}","templated":true}]}}