{"id":266580,"date":"2023-10-18T15:25:20","date_gmt":"2023-10-18T13:25:20","guid":{"rendered":"https:\/\/www.elche.es\/2023\/10\/lalcalde-destaca-el-paper-imprescindible-de-futurmoda-per-a-entendre-la-realitat-social-economica-i-empresarial-de-la-provincia\/"},"modified":"2023-10-18T15:26:25","modified_gmt":"2023-10-18T13:26:25","slug":"lalcalde-destaca-el-paper-imprescindible-de-futurmoda-per-a-entendre-la-realitat-social-economica-i-empresarial-de-la-provincia","status":"publish","type":"post","link":"https:\/\/www.elche.es\/va\/2023\/10\/lalcalde-destaca-el-paper-imprescindible-de-futurmoda-per-a-entendre-la-realitat-social-economica-i-empresarial-de-la-provincia\/","title":{"rendered":"L&#8217;alcalde destaca el paper \u201cimprescindible\u201d de Futurmoda per a entendre la realitat social, econ\u00f2mica i empresarial de la prov\u00edncia"},"content":{"rendered":"<div class=\"wpb-content-wrapper\"><p>[vc_row el_id=&#8221;SUBTITULAR_NOTICIA&#8221;][vc_column][vc_column_text]<\/p>\n<hr \/>\n<h4>Pablo Ruz ha posat en valor la labor de l&#8217;empresariat com a \u201cgeneradors d&#8217;ocupaci\u00f3 i oportunitats de vida\u201d<\/h4>\n<hr \/>\n<p>[\/vc_column_text][\/vc_column][\/vc_row][vc_row el_id=&#8221;TEXTO_NOTICIA&#8221;][vc_column][vc_column_text]L&#8217;alcalde d&#8217;Elx, Pablo Ruz ha acudit a la inauguraci\u00f3 de la 50 edici\u00f3 de Futurmoda, el Sal\u00f3 Internacional de la Pell, els Components per al Cal\u00e7at i la Marroquineria que se celebra hui i dem\u00e0 en Fira Alacant. Un esdeveniment en el qual <strong>participen 190 expositors en representaci\u00f3 de 260 marques<\/strong> que presenten durant dos dies les tend\u00e8ncies de la temporada Tardor-Hivern 2024-2025.[\/vc_column_text][\/vc_column][\/vc_row][vc_row type=&#8221;flexslider_slide&#8221; interval=&#8221;5&#8243; source=&#8221;media_library&#8221; images=&#8221;&#8221; img_size=&#8221;full&#8221; external_img_size=&#8221;&#8221; onclick=&#8221;link_image&#8221; custom_links_target=&#8221;_self&#8221; el_class=&#8221;galerianoticia&#8221; title=&#8221;&#8221; custom_srcs=&#8221;&#8221; custom_links=&#8221;&#8221;][vc_column][vc_gallery type=&#8221;flexslider_slide&#8221; interval=&#8221;5&#8243; images=&#8221;266487,266493,266491,266489&#8243; img_size=&#8221;full&#8221; el_class=&#8221;galerianoticia&#8221;][\/vc_column][\/vc_row][vc_row][vc_column][vc_column_text]A la inauguraci\u00f3 ha acudit la sotssecret\u00e0ria de <strong>la Consellera d&#8217;Innovaci\u00f3, Ind\u00fastria, Comer\u00e7 i Turisme Elena Lumbreras<\/strong>; el diputat provincial Juan de Dios Navarro; el regidor de Promoci\u00f3 Econ\u00f2mica de l&#8217;Ajuntament d&#8217;Elx, Samuel Ruiz; el president de Futurmoda, Jos\u00e9 Antonio Ibarra; a m\u00e9s del president i del director general d&#8217;AEC, Manuel Rom\u00e1n i \u00c1lvaro S\u00e1nchez.[\/vc_column_text][\/vc_column][\/vc_row][vc_row el_id=&#8221;DESTACADO_NOTICIA&#8221;][vc_column][vc_column_text el_class=&#8221;cuadronoticia&#8221;]<\/p>\n<h5>La fira dels components per al cal\u00e7at celebra la seua 50 edici\u00f3 amb un total de 190 expositors i 260 marques representades<\/h5>\n<p>[\/vc_column_text][\/vc_column][\/vc_row][vc_row el_id=&#8221;TEXTO_FIN_NOTICIA&#8221;][vc_column][vc_column_text]\u201c<strong>Aquesta fira \u00e9s imprescindible per a entendre la realitat social, econ\u00f2mica i empresarial de la prov\u00edncia de l&#8217;Alacant<\/strong>\u201d, ha afirmat Ruz, que ha destacat el comprom\u00eds de les organitzacions del sector amb els empresaris com a \u201cgeneradors d&#8217;ocupaci\u00f3, d&#8217;oportunitats laborals i de vida\u201d.<\/p>\n<hr \/>\n<p>&nbsp;<\/p>\n<p>[\/vc_column_text][\/vc_column][\/vc_row][vc_row][vc_column width=&#8221;1\/6&#8243;][\/vc_column][vc_column width=&#8221;2\/3&#8243;]<audio class=\"sc_audio\" src=\"https:\/\/soundcloud.com\/ayuntamiento-de-elche\/el-alcalde-destaca-el-papel-imprescindible-de-futurmoda?si=a143d6e17abe4a5b8133659f45a53e73&#038;utm_source=clipboard&#038;utm_medium=text&#038;utm_campaign=social_sharing\" width=\"\" height=\"\"><\/audio>[\/vc_column][vc_column width=&#8221;1\/6&#8243;][\/vc_column][\/vc_row]<\/p>\n<\/div>","protected":false},"excerpt":{"rendered":"<p>[vc_row el_id=&#8221;SUBTITULAR_NOTICIA&#8221;][vc_column][vc_column_text] Pablo Ruz ha posat en valor la labor de l&#8217;empresariat com a \u201cgeneradors d&#8217;ocupaci\u00f3 i oportunitats de vida\u201d [\/vc_column_text][\/vc_column][\/vc_row][vc_row el_id=&#8221;TEXTO_NOTICIA&#8221;][vc_column][vc_column_text]L&#8217;alcalde d&#8217;Elx, Pablo Ruz ha acudit a la inauguraci\u00f3 [&hellip;]<\/p>\n","protected":false},"author":131,"featured_media":266496,"comment_status":"closed","ping_status":"closed","sticky":false,"template":"","format":"standard","meta":{"footnotes":""},"categories":[391,1312,183],"tags":[],"class_list":["post-266580","post","type-post","status-publish","format-standard","has-post-thumbnail","hentry","category-home-va","category-noticias-va","category-pomocio-economica"],"_links":{"self":[{"href":"https:\/\/www.elche.es\/va\/wp-json\/wp\/v2\/posts\/266580","targetHints":{"allow":["GET"]}}],"collection":[{"href":"https:\/\/www.elche.es\/va\/wp-json\/wp\/v2\/posts"}],"about":[{"href":"https:\/\/www.elche.es\/va\/wp-json\/wp\/v2\/types\/post"}],"author":[{"embeddable":true,"href":"https:\/\/www.elche.es\/va\/wp-json\/wp\/v2\/users\/131"}],"replies":[{"embeddable":true,"href":"https:\/\/www.elche.es\/va\/wp-json\/wp\/v2\/comments?post=266580"}],"version-history":[{"count":4,"href":"https:\/\/www.elche.es\/va\/wp-json\/wp\/v2\/posts\/266580\/revisions"}],"predecessor-version":[{"id":266584,"href":"https:\/\/www.elche.es\/va\/wp-json\/wp\/v2\/posts\/266580\/revisions\/266584"}],"wp:featuredmedia":[{"embeddable":true,"href":"https:\/\/www.elche.es\/va\/wp-json\/wp\/v2\/media\/266496"}],"wp:attachment":[{"href":"https:\/\/www.elche.es\/va\/wp-json\/wp\/v2\/media?parent=266580"}],"wp:term":[{"taxonomy":"category","embeddable":true,"href":"https:\/\/www.elche.es\/va\/wp-json\/wp\/v2\/categories?post=266580"},{"taxonomy":"post_tag","embeddable":true,"href":"https:\/\/www.elche.es\/va\/wp-json\/wp\/v2\/tags?post=266580"}],"curies":[{"name":"wp","href":"https:\/\/api.w.org\/{rel}","templated":true}]}}