{"id":266659,"date":"2023-10-19T13:55:47","date_gmt":"2023-10-19T11:55:47","guid":{"rendered":"https:\/\/www.elche.es\/2023\/10\/un-programa-educatiu-de-seguretat-viaria-internacional-arribara-a-set-col%c2%b7legis-delx\/"},"modified":"2023-10-19T13:56:20","modified_gmt":"2023-10-19T11:56:20","slug":"un-programa-educatiu-de-seguretat-viaria-internacional-arribara-a-set-col%c2%b7legis-delx","status":"publish","type":"post","link":"https:\/\/www.elche.es\/va\/2023\/10\/un-programa-educatiu-de-seguretat-viaria-internacional-arribara-a-set-col%c2%b7legis-delx\/","title":{"rendered":"Un Programa Educatiu de Seguretat Vi\u00e0ria Internacional arribar\u00e0 a set col\u00b7legis d&#8217;Elx"},"content":{"rendered":"<div class=\"wpb-content-wrapper\"><p>[vc_row el_id=&#8221;SUBTITULAR_NOTICIA&#8221;][vc_column][vc_column_text]<\/p>\n<hr>\n<h4>El projecte de conscienciaci\u00f3 a la carretera Via Michelin est\u00e0 organitzat per l&#8217;Associaci\u00f3 Internacional de Professionals per a la Seguretat Vi\u00e0ria (ISEPV) al costat de la Policia Local d&#8217;Elx i es realitza aquesta setmana a l&#8217;Escola d&#8217;Educaci\u00f3 Vi\u00e0ria Pedro Tenza<\/h4>\n<hr>\n<p>[\/vc_column_text][\/vc_column][\/vc_row][vc_row el_id=&#8221;TEXTO_NOTICIA&#8221;][vc_column][vc_column_text]<\/p>\n<p>El programa educatiu mundial de seguretat en la carretera Via Michelin ha arrancat esta setmana a l&#8217;Escola d&#8217;Educaci\u00f3 Vi\u00e0ria Pedro Tenza per a <strong>educar a 420 xiquets de set col\u00b7legis de manera te\u00f2rica i pr\u00e0ctica sobre com evitar un comportament arriscat en la carretera<\/strong>, o com alertar als seus pares de possibles distraccions, com els tel\u00e8fons m\u00f2bils. Tamb\u00e9 se&#8217;ls ha incidit la idea de confiar en els altres, per\u00f2 sempre sense oblidar l&#8217;autoprotecci\u00f3.<\/p>\n<p>[\/vc_column_text][\/vc_column][\/vc_row][vc_row type=&#8221;flexslider_slide&#8221; interval=&#8221;5&#8243; source=&#8221;media_library&#8221; images=&#8221;&#8221; img_size=&#8221;full&#8221; external_img_size=&#8221;&#8221; onclick=&#8221;link_image&#8221; custom_links_target=&#8221;_self&#8221; el_class=&#8221;galerianoticia&#8221; title=&#8221;&#8221; custom_srcs=&#8221;&#8221; custom_links=&#8221;&#8221;][vc_column][vc_gallery type=&#8221;flexslider_slide&#8221; interval=&#8221;5&#8243; images=&#8221;266651,266649,266647,266645,266643,266641&#8243; img_size=&#8221;full&#8221; el_class=&#8221;galerianoticia&#8221;][\/vc_column][\/vc_row][vc_row][vc_column][vc_column_text]<\/p>\n<p><strong>El regidor de Seguretat i Transport, Claudio Guilabert,<\/strong> ha explicat que \u201cel projecte pret\u00e9n donar a con\u00e9ixer els riscos que es produeixen en la carretera i sobretot explicar-los als xiquets com es poden evitar\u201d. I, a m\u00e9s, ha reafirmat la import\u00e0ncia que t\u00e9 \u201cdotar de mitjans per part de la regidoria de Seguretat i Transport a esta mena d&#8217;iniciatives per a millorar les xifres d&#8217;accidents, perqu\u00e8 aquest equip de govern t\u00e9 una especial sensibilitat amb la seguretat vi\u00e0ria en els m\u00e9s joves\u201d.<\/p>\n<p>[\/vc_column_text][\/vc_column][\/vc_row][vc_row el_id=&#8221;DESTACADO_NOTICIA&#8221;][vc_column][vc_column_text el_class=&#8221;cuadronoticia&#8221;]<\/p>\n<h5>En les classes te\u00f2riques i pr\u00e0ctiques els monitors mostren als xiquets la import\u00e0ncia de posar tota l&#8217;atenci\u00f3 en la carretera i els alerten dels seus possibles perills<\/h5>\n<p>[\/vc_column_text][\/vc_column][\/vc_row][vc_row el_id=&#8221;TEXTO_FIN_NOTICIA&#8221;][vc_column][vc_column_text]<\/p>\n<p>A m\u00e9s, el regidor ha afegit que <strong>s&#8217;ampliar\u00e0 als estudiants dels instituts en el pr\u00f2xim curs<\/strong> i que es far\u00e0 incid\u00e8ncia en els angles morts del tr\u00e0nsit en la carretera.<\/p>\n<p>El projecte VIA Michelin, <strong>dissenyat per les fundacions Michel\u00edn i Total al costat de Creu Roja<\/strong>, est\u00e0 impartit per monitors de l&#8217;AIPSEV i per la Policia Local d&#8217;Elx i naix per a erradicar els accidents de tr\u00e0nsit que s\u00f3n la principal causa de mort entre els joves de 5 a 29 anys.<\/p>\n<hr>\n<p><br data-mce-bogus=\"1\"><\/p>\n<p>[\/vc_column_text][\/vc_column][\/vc_row][vc_row][vc_column width=&#8221;1\/6&#8243;][\/vc_column][vc_column width=&#8221;2\/3&#8243;]<\/p>\n<audio class=\"sc_audio\" src=\"https:\/\/soundcloud.com\/ayuntamiento-de-elche\/seguridad-vial-para-ninos?si=812836ae04bf46949083942ac4d02e8a&#038;utm_source=clipboard&#038;utm_medium=text&#038;utm_campaign=social_sharing\" width=\"\" height=\"\"><\/audio>\n<p>[\/vc_column][vc_column width=&#8221;1\/6&#8243;][\/vc_column][\/vc_row]<\/p>\n<\/div>","protected":false},"excerpt":{"rendered":"<p>[vc_row el_id=&#8221;SUBTITULAR_NOTICIA&#8221;][vc_column][vc_column_text] El projecte de conscienciaci\u00f3 a la carretera Via Michelin est\u00e0 organitzat per l&#8217;Associaci\u00f3 Internacional de Professionals per a la Seguretat Vi\u00e0ria (ISEPV) al costat de la Policia Local [&hellip;]<\/p>\n","protected":false},"author":131,"featured_media":266654,"comment_status":"closed","ping_status":"closed","sticky":false,"template":"","format":"standard","meta":{"footnotes":""},"categories":[194,391,217,1312],"tags":[],"class_list":["post-266659","post","type-post","status-publish","format-standard","has-post-thumbnail","hentry","category-educacio-va","category-home-va","category-mobilitat","category-noticias-va"],"_links":{"self":[{"href":"https:\/\/www.elche.es\/va\/wp-json\/wp\/v2\/posts\/266659","targetHints":{"allow":["GET"]}}],"collection":[{"href":"https:\/\/www.elche.es\/va\/wp-json\/wp\/v2\/posts"}],"about":[{"href":"https:\/\/www.elche.es\/va\/wp-json\/wp\/v2\/types\/post"}],"author":[{"embeddable":true,"href":"https:\/\/www.elche.es\/va\/wp-json\/wp\/v2\/users\/131"}],"replies":[{"embeddable":true,"href":"https:\/\/www.elche.es\/va\/wp-json\/wp\/v2\/comments?post=266659"}],"version-history":[{"count":5,"href":"https:\/\/www.elche.es\/va\/wp-json\/wp\/v2\/posts\/266659\/revisions"}],"predecessor-version":[{"id":266664,"href":"https:\/\/www.elche.es\/va\/wp-json\/wp\/v2\/posts\/266659\/revisions\/266664"}],"wp:featuredmedia":[{"embeddable":true,"href":"https:\/\/www.elche.es\/va\/wp-json\/wp\/v2\/media\/266654"}],"wp:attachment":[{"href":"https:\/\/www.elche.es\/va\/wp-json\/wp\/v2\/media?parent=266659"}],"wp:term":[{"taxonomy":"category","embeddable":true,"href":"https:\/\/www.elche.es\/va\/wp-json\/wp\/v2\/categories?post=266659"},{"taxonomy":"post_tag","embeddable":true,"href":"https:\/\/www.elche.es\/va\/wp-json\/wp\/v2\/tags?post=266659"}],"curies":[{"name":"wp","href":"https:\/\/api.w.org\/{rel}","templated":true}]}}