{"id":266667,"date":"2023-10-19T14:11:18","date_gmt":"2023-10-19T12:11:18","guid":{"rendered":"https:\/\/www.elche.es\/2023\/10\/el-govern-municipal-aprova-una-modificacio-per-a-dotar-destructura-i-personal-les-arees-de-patrimoni-i-districtes\/"},"modified":"2023-10-19T14:11:23","modified_gmt":"2023-10-19T12:11:23","slug":"el-govern-municipal-aprova-una-modificacio-per-a-dotar-destructura-i-personal-les-arees-de-patrimoni-i-districtes","status":"publish","type":"post","link":"https:\/\/www.elche.es\/va\/2023\/10\/el-govern-municipal-aprova-una-modificacio-per-a-dotar-destructura-i-personal-les-arees-de-patrimoni-i-districtes\/","title":{"rendered":"El govern municipal aprova una modificaci\u00f3 per a dotar d&#8217;estructura i personal les \u00e0rees de Patrimoni i Districtes"},"content":{"rendered":"<div class=\"wpb-content-wrapper\"><p>[vc_row el_id=&#8221;SUBTITULAR_NOTICIA&#8221;][vc_column][vc_column_text]<\/p>\n<hr \/>\n<h4>La Junta Local de Govern dona llum verda al canvi en la Relaci\u00f3 de Llocs de treball (RLT) que va comptar amb el vistiplau dels sindicats presents en l&#8217;\u00faltima Taula de Negociaci\u00f3<\/h4>\n<hr \/>\n<p>[\/vc_column_text][\/vc_column][\/vc_row][vc_row el_id=&#8221;TEXTO_FIN_NOTICIA&#8221;][vc_column][vc_column_text]La Junta Local de Govern ha <strong>aprovat la primera modificaci\u00f3 de la Relaci\u00f3 de Llocs de treball (RLT)<\/strong> d&#8217;aquest govern municipal per a reestructurar l&#8217;organitzaci\u00f3 municipal i atendre les necessitats de les diferents \u00e0rees de l&#8217;Ajuntament d&#8217;Elx.<\/p>\n<p>La principal modificaci\u00f3 es basa en la <strong>creaci\u00f3 de dues noves \u00e0rees, Patrimoni Cultural i Districtes<\/strong>. \u201cEs tracta de dotar d&#8217;estructura i personal la Regidoria de Patrimoni, que dep\u00e9n directament de l&#8217;alcalde Pablo Ruz, per a donar suport a les actuacions que es volen dur a terme, ja que l&#8217;aposta ser\u00e0 clara aquesta legislatura\u201d, ha subratllat<strong> el regidor de Recursos Humans, Jos\u00e9 Navarro<\/strong>. A m\u00e9s, ha assenyalat la import\u00e0ncia dotar de personal la Regidoria de Districtes \u201cper a canalitzar les necessitats de la ciutadania a trav\u00e9s del Reglament de Districtes\u201d del qual ja s&#8217;ha aprovat de manera inicial el projecte i que ser\u00e0 operatiu en el primer trimestre de 2024.<\/p>\n<p>D&#8217;altra banda, s&#8217;ha <strong>aprovat una reestructuraci\u00f3 a l\u2019\u00e0mbit organitzatiu<\/strong>, com \u00e9s el cas de la divisi\u00f3 de compet\u00e8ncies dins de l&#8217;\u00e0rea de Benestar Social ja que, en paraules del regidor de Recursos Humans, \u201crequerien de la seua pr\u00f2pia estructura\u201d.<\/p>\n<p>Segons Navarro, \u201cel marge per a esta modificaci\u00f3 ha sigut molt limitat, ja que la partida estava en la seua majoria consumida per l&#8217;anterior govern municipal\u201d.<\/p>\n<p>D&#8217;altra banda,<strong> ha destacat la \u201cbona disposici\u00f3\u201d dels sindicats durant la taula de negociaci\u00f3<\/strong> celebrada esta setmana, on la modificaci\u00f3 de la RLT va ser aprovada \u201csense l&#8217;oposici\u00f3 dels sindicats presents\u201d. \u201cHem aconseguit arribar a acords en tan sols uns mesos, no sols en aquest tema, sin\u00f3 tamb\u00e9 en el proc\u00e9s d&#8217;estabilitzaci\u00f3 per a donar certitud a la situaci\u00f3 d&#8217;inestabilitat de prop de 400 treballadors municipals\u201d.<\/p>\n<hr \/>\n<p>&nbsp;<\/p>\n<p>[\/vc_column_text][\/vc_column][\/vc_row][vc_row][vc_column width=&#8221;1\/6&#8243;][\/vc_column][vc_column width=&#8221;2\/3&#8243;]<audio class=\"sc_audio\" src=\"https:\/\/soundcloud.com\/ayuntamiento-de-elche\/junta-de-gobierno-293320726?si=812836ae04bf46949083942ac4d02e8a&#038;utm_source=clipboard&#038;utm_medium=text&#038;utm_campaign=social_sharing\" width=\"\" height=\"\"><\/audio>[\/vc_column][vc_column width=&#8221;1\/6&#8243;][\/vc_column][\/vc_row]<\/p>\n<\/div>","protected":false},"excerpt":{"rendered":"<p>[vc_row el_id=&#8221;SUBTITULAR_NOTICIA&#8221;][vc_column][vc_column_text] La Junta Local de Govern dona llum verda al canvi en la Relaci\u00f3 de Llocs de treball (RLT) que va comptar amb el vistiplau dels sindicats presents en [&hellip;]<\/p>\n","protected":false},"author":131,"featured_media":266622,"comment_status":"closed","ping_status":"closed","sticky":false,"template":"","format":"standard","meta":{"footnotes":""},"categories":[391,3085,1312],"tags":[],"class_list":["post-266667","post","type-post","status-publish","format-standard","has-post-thumbnail","hentry","category-home-va","category-junta-de-govern-local","category-noticias-va"],"_links":{"self":[{"href":"https:\/\/www.elche.es\/va\/wp-json\/wp\/v2\/posts\/266667","targetHints":{"allow":["GET"]}}],"collection":[{"href":"https:\/\/www.elche.es\/va\/wp-json\/wp\/v2\/posts"}],"about":[{"href":"https:\/\/www.elche.es\/va\/wp-json\/wp\/v2\/types\/post"}],"author":[{"embeddable":true,"href":"https:\/\/www.elche.es\/va\/wp-json\/wp\/v2\/users\/131"}],"replies":[{"embeddable":true,"href":"https:\/\/www.elche.es\/va\/wp-json\/wp\/v2\/comments?post=266667"}],"version-history":[{"count":2,"href":"https:\/\/www.elche.es\/va\/wp-json\/wp\/v2\/posts\/266667\/revisions"}],"predecessor-version":[{"id":266669,"href":"https:\/\/www.elche.es\/va\/wp-json\/wp\/v2\/posts\/266667\/revisions\/266669"}],"wp:featuredmedia":[{"embeddable":true,"href":"https:\/\/www.elche.es\/va\/wp-json\/wp\/v2\/media\/266622"}],"wp:attachment":[{"href":"https:\/\/www.elche.es\/va\/wp-json\/wp\/v2\/media?parent=266667"}],"wp:term":[{"taxonomy":"category","embeddable":true,"href":"https:\/\/www.elche.es\/va\/wp-json\/wp\/v2\/categories?post=266667"},{"taxonomy":"post_tag","embeddable":true,"href":"https:\/\/www.elche.es\/va\/wp-json\/wp\/v2\/tags?post=266667"}],"curies":[{"name":"wp","href":"https:\/\/api.w.org\/{rel}","templated":true}]}}