{"id":266973,"date":"2023-10-24T14:21:57","date_gmt":"2023-10-24T12:21:57","guid":{"rendered":"https:\/\/www.elche.es\/2023\/10\/arriba-el-xviii-festival-medieval-amb-lactuacio-dhevia-en-el-gran-teatre\/"},"modified":"2023-10-24T14:31:04","modified_gmt":"2023-10-24T12:31:04","slug":"arriba-el-xviii-festival-medieval-amb-lactuacio-dhevia-en-el-gran-teatre","status":"publish","type":"post","link":"https:\/\/www.elche.es\/va\/2023\/10\/arriba-el-xviii-festival-medieval-amb-lactuacio-dhevia-en-el-gran-teatre\/","title":{"rendered":"Arriba el XVIII Festival Medieval amb l&#8217;actuaci\u00f3 d&#8217;Hevia en el Gran Teatre"},"content":{"rendered":"<div class=\"wpb-content-wrapper\"><p>[vc_row el_id=&#8221;SUBTITULAR_NOTICIA&#8221;][vc_column][vc_column_text]<\/p>\n<hr \/>\n<h4>Emilio Guti\u00e9rrez Caba homenatja Miguel Hern\u00e1ndez amb un recital de poesia el divendres en la Sala La Llotja i els Cines Odeon projecten <em>Super Mario Bros. La Pel\u00edcula<\/em> dissabte i diumenge<\/h4>\n<hr \/>\n<p>[\/vc_column_text][\/vc_column][\/vc_row][vc_row el_id=&#8221;TEXTO_NOTICIA&#8221;][vc_column][vc_column_text]<strong>El XVIII Festival Medieval comen\u00e7a a Elx este dimarts 24 d&#8217;octubre i t\u00e9 un any m\u00e9s com a plat fort el tradicional mercat medieval, que s&#8217;instal\u00b7lar\u00e0 a la pla\u00e7a del Congr\u00e9s Eucar\u00edstic<\/strong> i els seus voltants el dijous 26 a les 18 hores. Una altra de les activitats destacades del Festival \u00e9s el concert d&#8217;Hevia, que repassa en \u2018Hevia 25\u2019 el vint-i-cinqu\u00e9 aniversari del seu disc \u201cTierra de nadie\u201d, projecte que revolucion\u00e0 el folk nacional amb la seua mescla de m\u00fasica celta i electr\u00f2nica.<\/p>\n<p><strong>L&#8217;actor Emilio Guti\u00e9rrez Caba, per part seua, homenatja Miguel Hern\u00e1ndez juntament amb Luis Santana i el pianista V\u00edctor Carbajo<\/strong> en el recital de poesia <em>Dejadme la esperanza,<\/em> que se celebra divendres en la Sala La Llotja.<\/p>\n<p>Per \u00faltim, els Cines Odeon projecten dissabte i diumenge<strong> la pel\u00b7l\u00edcula d&#8217;animaci\u00f3 <em>Super Mario Bros<\/em> que porta a la pantalla gran a Mario, el popular personatge de videojocs.<\/strong>[\/vc_column_text][\/vc_column][\/vc_row][vc_row][vc_column][vc_column_text]<\/p>\n<h5>CINES ODEON<\/h5>\n<h5>Filmoteca: <em>El primer d\u00eda de mi vida<\/em><\/h5>\n<p>Del 25 al 29 d&#8217;octubre<br \/>\n17:30 \/ 20:00 \/ 22:30<\/p>\n<p>Sinopsi: Un home misteri\u00f3s es presenta a quatre persones que han tocat fons i volen acabar amb tot per a oferir-los un tracte: una setmana perqu\u00e8 tornen a enamorar-se de la vida. La seua intenci\u00f3 \u00e9s oferir l&#8217;oportunitat de fer-los veure com seria el m\u00f3n sense ells i ajudar-los a trobar un nou sentit a les seues vides.<\/p>\n<h5>Infantil: <em>Super Mario Bros. La pel\u00edcula<\/em><\/h5>\n<p>Dissabte 28 d&#8217;octubre a les 17:30 h i 20:00 h<br \/>\nDiumenge 29 d&#8217;octubre a les 17:30 h<\/p>\n<p>Sinopsi: Mentre treballen en una avaria subterr\u00e0nia, Mario i son germ\u00e0 Luigi, viatgen per una misteriosa canonada fins a un nou m\u00f3n m\u00e0gic. Per\u00f2, quan els germans se separen, Mario haur\u00e0 d&#8217;emprendre una \u00e8pica missi\u00f3 per a trobar Luigi.<\/p>\n<h5>Cineclub Luis Bu\u00f1uel: <em>Las ocho monta\u00f1as<\/em><\/h5>\n<p>Divendres 27 d&#8217;octubre a les 17:30 h i 20:30 h (VOSE)<\/p>\n<p>Sinopsi: Pietro \u00e9s un xic de ciutat, Bruno \u00e9s l&#8217;\u00faltim xiquet d&#8217;una localitat de muntanya oblidada. Amb el pas dels anys, Bruno es mant\u00e9 fidel a la seua muntanya, mentre que Pietro va i se&#8217;n torna. Les seues experi\u00e8ncies el faran enfrontar-se a l&#8217;amor i a la p\u00e8rdua, i els recorden els seus or\u00edgens.[\/vc_column_text][\/vc_column][\/vc_row][vc_row source=&#8221;media_library&#8221; image=&#8221;&#8221; img_size=&#8221;medium&#8221; external_img_size=&#8221;&#8221; add_caption=&#8221;&#8221; alignment=&#8221;center&#8221; style=&#8221;&#8221; external_style=&#8221;&#8221; border_color=&#8221;grey&#8221; external_border_color=&#8221;grey&#8221; onclick=&#8221;link_image&#8221; img_link_target=&#8221;_self&#8221; el_class=&#8221;fotounicanoticiavertical&#8221; title=&#8221;&#8221; custom_src=&#8221;&#8221; caption=&#8221;&#8221; link=&#8221;&#8221; img_link_large=&#8221;&#8221;][vc_column][vc_single_image image=&#8221;266955&#8243; img_size=&#8221;medium&#8221; alignment=&#8221;center&#8221; onclick=&#8221;link_image&#8221; el_class=&#8221;fotounicanoticiavertical&#8221;][\/vc_column][\/vc_row][vc_row][vc_column][vc_column_text]<\/p>\n<h4>SALA CULTURAL LA LLOTJA<\/h4>\n<h5><em>Dejadme la esperanza<\/em><\/h5>\n<p>Homenatge a Miguel Hern\u00e1ndez<br \/>\nEmilio Guti\u00e9rrez Caba i Luis Santana<\/p>\n<p>Divendres 27 d&#8217;octubre a les 19.30 h<br \/>\nRecital de poesia i l\u00edrica<br \/>\nPreu de l&#8217;entrada: 10 euros<\/p>\n<p>Miguel Hern\u00e1ndez \u00e9s un poeta per a esperits joves i combatents: un poeta per als apassionats de l&#8217;amor, per a emprenedors del treball, de la just\u00edcia i de la solidaritat. Per als idealistes que lluiten per fer, de les utopies d&#8217;ahir, els drets de hui.<br \/>\nEmilio Guti\u00e9rrez Caba i Luis Santana, posen veu a este homenatge acompanyat pel mestre V\u00edctor Carbajo al piano, amb composicions a mesura d&#8217;este recital. L&#8217;elecci\u00f3 de textos i imatges que es projecten han sigut adequadament elegides per Jesucristo Riquelme, sens dubte el bi\u00f2graf m\u00e9s rellevant de la vida i obra de l&#8217;autor.<\/p>\n<h5>Diagn\u00f3stico binario<\/h5>\n<p>Dissabte 28 d&#8217;octubre a les 22:00 h<\/p>\n<p>Cicle de m\u00fasica \u201c\u00c1ngel Alfosea\u201d<br \/>\nPreu de l&#8217;entrada: 11 euros<\/p>\n<p>&#8216;Diagn\u00f3stico Binario&#8217; \u00e9s una banda jove d&#8217;indie-rock alacantina formada en 2016 per Dani Mart\u00ednez, Antonio Botella, Javier Rodr\u00edguez, \u00c1lex Separ i David Mart\u00ednez. El seu primer LP, <em>Gesto Perfecto<\/em>, va ser llan\u00e7at despr\u00e9s de guanyar el concurs de bandes de l&#8217;EMDIV (2019). Tamb\u00e9 han participat en festivals com Apesuena en 2019 i en recintes com Muelle12 en 2020.[\/vc_column_text][\/vc_column][\/vc_row][vc_row source=&#8221;media_library&#8221; image=&#8221;&#8221; img_size=&#8221;full&#8221; external_img_size=&#8221;&#8221; add_caption=&#8221;&#8221; alignment=&#8221;left&#8221; style=&#8221;&#8221; external_style=&#8221;&#8221; border_color=&#8221;grey&#8221; external_border_color=&#8221;grey&#8221; onclick=&#8221;link_image&#8221; img_link_target=&#8221;_self&#8221; el_class=&#8221;fotounicanoticia&#8221; title=&#8221;&#8221; custom_src=&#8221;&#8221; caption=&#8221;&#8221; link=&#8221;&#8221; img_link_large=&#8221;&#8221;][vc_column][vc_single_image image=&#8221;266957&#8243; img_size=&#8221;full&#8221; onclick=&#8221;link_image&#8221; el_class=&#8221;fotounicanoticia&#8221;][\/vc_column][\/vc_row][vc_row][vc_column][vc_column_text]<\/p>\n<h4>L\u2019ESCORXADOR<\/h4>\n<h4><em>Rara Avis<\/em><\/h4>\n<p>Dissabte 28 d&#8217;octubre a les 21:00 h<\/p>\n<p>Festival Circuit Bucles<\/p>\n<p>Pe\u00e7a de dansa inspirada en el lema de l&#8217;edici\u00f3 2023 del festival Circuit Bucles &#8220;Rara Avis&#8221; compost per quatre int\u00e8rprets. Esta proposta ens porta a preguntar-nos sobre els nostres or\u00edgens, les nostres relacions amb l&#8217;\u00e0mbit en el qual naixem, creixem i ens desenvolupem com a part de la terra i els seus costums, aix\u00ed com el llegat cultural que heretem de la nostra fam\u00edlia. Ambdues influ\u00e8ncies en el cas dels\/les afrodescendents espanyols\/se creen identitats h\u00edbrides, gens senzilles, que ajuden a construir societats cada dia m\u00e9s transculturals.<\/p>\n<p>Duraci\u00f3: 50 minuts<\/p>\n<p>Entrada \u00fanica 3 euros a la venda en taquilla del Gran Teatre, Instanticket.es o una hora abans de l&#8217;espectacle en la taquilla de L\u2019Escorxador.[\/vc_column_text][\/vc_column][\/vc_row][vc_row][vc_column][vc_column_text]<\/p>\n<h4>SALA CULTURAL LES CLARISSES<\/h4>\n<h5><em>Ellas en Bizancio<\/em><\/h5>\n<p>Dijous 26 d&#8217;octubre a les 20:00 h<\/p>\n<p>XVIII Festival Medieval d\u2019Elx<br \/>\nDeM\u00fasica Ensemble<br \/>\nM\u00fasica<\/p>\n<p><em>Las aventuras de Mart\u00edn<\/em><br \/>\nDiumenge 29 d&#8217;octubre a les 18:00 h<\/p>\n<p>Teatre Musical<br \/>\nXVIII Festival Medieval d\u2019Elx<br \/>\nEnsemble Musicantes &amp; Tantatach\u00e1n Teatro[\/vc_column_text][\/vc_column][\/vc_row][vc_row][vc_column][vc_column_text]<\/p>\n<h4>SALA LA TRAMOIA<\/h4>\n<h4><em>El gran traje<\/em><\/h4>\n<p>Dissabte 28 d&#8217;octubre a les 18:00 h<\/p>\n<p>XVIII Festival Medieval d\u2019Elx<br \/>\nLaSal Teatro<br \/>\nTeatre[\/vc_column_text][\/vc_column][\/vc_row][vc_row][vc_column][vc_column_text]<\/p>\n<h4>EL GRAN TEATRE<\/h4>\n<h5><em>Hevia 25<\/em><\/h5>\n<p>Dissabte 28 d&#8217;octubre a les 20:00 h<\/p>\n<p>XVIII Festival Medieval d\u2019Elx<br \/>\nHevia<br \/>\nTeatre<br \/>\nPreu de l&#8217;entrada: 10 euros<\/p>\n<p><em>Ma\u00f1anas de abril y mayo<\/em><br \/>\nDivendres 27 d&#8217;octubre a les 20:00 h<\/p>\n<p>XVIII Festival Medieval d\u2019Elx<\/p>\n<p>Teatre Fern\u00e1n G\u00f3mez, Centre Cultural La Villa i Teatro de Malta.<br \/>\nPreu de l&#8217;entrada: 10 euros[\/vc_column_text][\/vc_column][\/vc_row][vc_row source=&#8221;media_library&#8221; image=&#8221;&#8221; img_size=&#8221;full&#8221; external_img_size=&#8221;&#8221; add_caption=&#8221;&#8221; alignment=&#8221;left&#8221; style=&#8221;&#8221; external_style=&#8221;&#8221; border_color=&#8221;grey&#8221; external_border_color=&#8221;grey&#8221; onclick=&#8221;link_image&#8221; img_link_target=&#8221;_self&#8221; el_class=&#8221;fotounicanoticia&#8221; title=&#8221;&#8221; custom_src=&#8221;&#8221; caption=&#8221;&#8221; link=&#8221;&#8221; img_link_large=&#8221;&#8221;][vc_column][vc_single_image image=&#8221;266951&#8243; img_size=&#8221;full&#8221; onclick=&#8221;link_image&#8221; el_class=&#8221;fotounicanoticia&#8221;][\/vc_column][\/vc_row][vc_row][vc_column][vc_column_text]<\/p>\n<h4>BAS\u00cdLICA DE SANTA MARIA<\/h4>\n<h5>CONCERT DE LA I TROBADA DE M\u00daSIQUES ANTIGUES I PATRIMONI Alumnes de la trobada<\/h5>\n<p>Diumenge 29 d&#8217;octubre a les 21:00 h<\/p>\n<p>XVIII Festival Medieval d\u2019Elx<br \/>\nMarcel P\u00e8r\u00e9s i Ensemble La Danserye<br \/>\nM\u00fasica<br \/>\nAcc\u00e9s limitat a l&#8217;aforament.[\/vc_column_text][\/vc_column][\/vc_row][vc_row source=&#8221;media_library&#8221; image=&#8221;&#8221; img_size=&#8221;full&#8221; external_img_size=&#8221;&#8221; add_caption=&#8221;&#8221; alignment=&#8221;left&#8221; style=&#8221;&#8221; external_style=&#8221;&#8221; border_color=&#8221;grey&#8221; external_border_color=&#8221;grey&#8221; onclick=&#8221;link_image&#8221; img_link_target=&#8221;_self&#8221; el_class=&#8221;fotounicanoticia&#8221; title=&#8221;&#8221; custom_src=&#8221;&#8221; caption=&#8221;&#8221; link=&#8221;&#8221; img_link_large=&#8221;&#8221;][vc_column][vc_single_image img_size=&#8221;full&#8221; onclick=&#8221;link_image&#8221; el_class=&#8221;fotounicanoticia&#8221;][\/vc_column][\/vc_row][vc_row][vc_column][vc_column_text]<\/p>\n<h4>ORDE TERCER<\/h4>\n<h5>Exposici\u00f3 Tocadores (<em>Ta\u00f1edoras<\/em>)<\/h5>\n<p>Del 24 d&#8217;octubre al 5 de novembre<\/p>\n<p>XVIII Festival Medieval d\u2019Elx<\/p>\n<p>De dimarts a dissabte de 10:00 h a 14:00 h i de 15:00 h a 18:00 h.<br \/>\nDiumenges i festius de 10:00 h a 14:00 h.[\/vc_column_text][\/vc_column][\/vc_row][vc_row][vc_column][vc_column_text]<\/p>\n<h4>SAL\u00d3 DE PLENS DE L&#8217;AJUNTAMENT<\/h4>\n<h5>Presentaci\u00f3 de la revista \u2018Festa d\u2019Elx\u2019<\/h5>\n<p>Dimecres 25 d&#8217;octubre a les 19:30 h<\/p>\n<p>XVIII Festival Medieval d\u2019Elx<\/p>\n<p>Entrada lliure fins a completar l&#8217;aforament.[\/vc_column_text][\/vc_column][\/vc_row][vc_row][vc_column][vc_column_text]<\/p>\n<h4>PLA\u00c7A DEL CONGR\u00c9S EUCAR\u00cdSTIC<\/h4>\n<h5>Mercat medieval<\/h5>\n<p>Del 26 al 29 d&#8217;octubre a les 19:30 h<\/p>\n<p>XVIII Festival Medieval d\u2019Elx<\/p>\n<p>Rivendel Mercados Tem\u00e0tics<br \/>\nInauguraci\u00f3 el dijous 26 a les 18:00 h[\/vc_column_text][\/vc_column][\/vc_row][vc_row source=&#8221;media_library&#8221; image=&#8221;&#8221; img_size=&#8221;full&#8221; external_img_size=&#8221;&#8221; add_caption=&#8221;&#8221; alignment=&#8221;left&#8221; style=&#8221;&#8221; external_style=&#8221;&#8221; border_color=&#8221;grey&#8221; external_border_color=&#8221;grey&#8221; onclick=&#8221;link_image&#8221; img_link_target=&#8221;_self&#8221; el_class=&#8221;fotounicanoticia&#8221; title=&#8221;&#8221; custom_src=&#8221;&#8221; caption=&#8221;&#8221; link=&#8221;&#8221; img_link_large=&#8221;&#8221;][vc_column][vc_single_image image=&#8221;266953&#8243; img_size=&#8221;full&#8221; onclick=&#8221;link_image&#8221; el_class=&#8221;fotounicanoticia&#8221;][\/vc_column][\/vc_row][vc_row][vc_column][vc_column_text]<\/p>\n<h4>LA CARRETA<\/h4>\n<h5><em>Las cartas del Quijote<\/em><\/h5>\n<p>Divendres 27 d&#8217;octubre a les 18:00 h<br \/>\nDissabte\u00a0 28 d&#8217;octubre a les 18:00 h<\/p>\n<p>C\u00eda. Teatro Arbol\u00e9<br \/>\nRecomanat a partir de 5 anys.[\/vc_column_text][\/vc_column][\/vc_row][vc_row el_id=&#8221;DESTACADO_NOTICIA&#8221;][vc_column][vc_column_text el_class=&#8221;cuadronoticia&#8221;]<\/p>\n<h5>BARRIS I PEDANIES<\/h5>\n<p>[\/vc_column_text][\/vc_column][\/vc_row][vc_row][vc_column][vc_column_text]<\/p>\n<h5>MATOLA E. UNIT\u00c0RIA LA PALMERA<\/h5>\n<h4><em>Sainets<\/em><\/h4>\n<p>Dissabte 28 d&#8217;octubre a les 19:00 h<\/p>\n<p>Asprella Teatre<br \/>\nTeatre[\/vc_column_text][\/vc_column][\/vc_row][vc_row el_id=&#8221;TEXTO_FIN_NOTICIA&#8221;][vc_column][vc_column_text]<\/p>\n<h4>TORRELLANO BAIX (CENTRE C\u00cdVIC)<\/h4>\n<h5><em>Entremeses<\/em><\/h5>\n<p>Diumenge 29 d&#8217;octubre a les 22:00 h<\/p>\n<p>Soy artista<br \/>\nTeatre<\/p>\n<p>&nbsp;<\/p>\n<hr \/>\n<p>[\/vc_column_text][\/vc_column][\/vc_row]<\/p>\n<\/div>","protected":false},"excerpt":{"rendered":"<p>[vc_row el_id=&#8221;SUBTITULAR_NOTICIA&#8221;][vc_column][vc_column_text] Emilio Guti\u00e9rrez Caba homenatja Miguel Hern\u00e1ndez amb un recital de poesia el divendres en la Sala La Llotja i els Cines Odeon projecten Super Mario Bros. La Pel\u00edcula [&hellip;]<\/p>\n","protected":false},"author":131,"featured_media":266961,"comment_status":"closed","ping_status":"closed","sticky":false,"template":"","format":"standard","meta":{"footnotes":""},"categories":[193,391,1312],"tags":[],"class_list":["post-266973","post","type-post","status-publish","format-standard","has-post-thumbnail","hentry","category-cultura-va","category-home-va","category-noticias-va"],"_links":{"self":[{"href":"https:\/\/www.elche.es\/va\/wp-json\/wp\/v2\/posts\/266973","targetHints":{"allow":["GET"]}}],"collection":[{"href":"https:\/\/www.elche.es\/va\/wp-json\/wp\/v2\/posts"}],"about":[{"href":"https:\/\/www.elche.es\/va\/wp-json\/wp\/v2\/types\/post"}],"author":[{"embeddable":true,"href":"https:\/\/www.elche.es\/va\/wp-json\/wp\/v2\/users\/131"}],"replies":[{"embeddable":true,"href":"https:\/\/www.elche.es\/va\/wp-json\/wp\/v2\/comments?post=266973"}],"version-history":[{"count":4,"href":"https:\/\/www.elche.es\/va\/wp-json\/wp\/v2\/posts\/266973\/revisions"}],"predecessor-version":[{"id":266980,"href":"https:\/\/www.elche.es\/va\/wp-json\/wp\/v2\/posts\/266973\/revisions\/266980"}],"wp:featuredmedia":[{"embeddable":true,"href":"https:\/\/www.elche.es\/va\/wp-json\/wp\/v2\/media\/266961"}],"wp:attachment":[{"href":"https:\/\/www.elche.es\/va\/wp-json\/wp\/v2\/media?parent=266973"}],"wp:term":[{"taxonomy":"category","embeddable":true,"href":"https:\/\/www.elche.es\/va\/wp-json\/wp\/v2\/categories?post=266973"},{"taxonomy":"post_tag","embeddable":true,"href":"https:\/\/www.elche.es\/va\/wp-json\/wp\/v2\/tags?post=266973"}],"curies":[{"name":"wp","href":"https:\/\/api.w.org\/{rel}","templated":true}]}}