{"id":272312,"date":"2024-01-12T14:35:53","date_gmt":"2024-01-12T12:35:53","guid":{"rendered":"https:\/\/www.elche.es\/2024\/01\/lajuntament-es-compromet-amb-la-federacio-de-golf-valenciana-a-fomentar-este-esport-en-el-municipi\/"},"modified":"2024-01-12T14:36:03","modified_gmt":"2024-01-12T12:36:03","slug":"lajuntament-es-compromet-amb-la-federacio-de-golf-valenciana-a-fomentar-este-esport-en-el-municipi","status":"publish","type":"post","link":"https:\/\/www.elche.es\/va\/2024\/01\/lajuntament-es-compromet-amb-la-federacio-de-golf-valenciana-a-fomentar-este-esport-en-el-municipi\/","title":{"rendered":"L&#8217;Ajuntament es compromet amb la Federaci\u00f3 de Golf Valenciana a fomentar este esport en el municipi"},"content":{"rendered":"<div class=\"wpb-content-wrapper\"><p>[vc_row el_id=&#8221;SUBTITULAR_NOTICIA&#8221;][vc_column][vc_column_text]<\/p>\n<hr \/>\n<h4>Este divendres, el regidor d&#8217;Esports i el gerent de la FGCV han signat un convingut de col\u00b7laboraci\u00f3 per a promocionar i fomentar el golf a Elx<\/h4>\n<hr \/>\n<p>[\/vc_column_text][\/vc_column][\/vc_row][vc_row el_id=&#8221;TEXTO_NOTICIA&#8221;][vc_column][vc_column_text]La Regidoria d&#8217;Esports ha signat este divendres, 12 de gener, un conveni de col\u00b7laboraci\u00f3 amb la Federaci\u00f3 de Golf de la Comunitat Valenciana, <strong>l&#8217;objectiu del qual \u00e9s promocionar i fomentar este esport<\/strong> i les seues especialitats a la ciutat d&#8217;Elx.<\/p>\n<p>El regidor de l&#8217;\u00e0rea, Jos\u00e9 Navarro i el gerent de la Federaci\u00f3 de Golf Valenciana, Juan Manuel Verd\u00fa, han sigut els representants que han formalitzat la firma del conveni amb el qual totes dues institucions <strong>s&#8217;han comprom\u00e9s a col\u00b7laborar de manera conjunta en l&#8217;organitzaci\u00f3 de proves i altres activitats esportives de l&#8217;\u00e0mbit de la Federaci\u00f3<\/strong>, aix\u00ed com a la realitzaci\u00f3 d&#8217;un programa d&#8217;activitats formatives en mat\u00e8ria de golf.[\/vc_column_text][\/vc_column][\/vc_row][vc_row el_id=&#8221;DESTACADO_NOTICIA&#8221;][vc_column][vc_column_text el_class=&#8221;cuadronoticia&#8221;]<\/p>\n<h5>\u00a0Es realitzaran campanyes en centres escolars i s&#8217;organitzaran esdeveniments esportius, trobades o congressos relacionats amb la pr\u00e0ctica del golf<\/h5>\n<p>[\/vc_column_text][\/vc_column][\/vc_row][vc_row el_id=&#8221;TEXTO_FIN_NOTICIA&#8221;][vc_column][vc_column_text]D&#8217;esta manera es pret\u00e9n incrementar l&#8217;oferta esportiva en el municipi i fomentar la pr\u00e0ctica esportiva entre tota la poblaci\u00f3, de totes les edats. Per a aix\u00f2, des de totes dues parts, <strong>s&#8217;han comprom\u00e9s a realitzar campanyes en els centres escolars que animen als m\u00e9s xicotets a iniciar-se en el golf<\/strong> o a organitzar activitats relacionades amb el foment d&#8217;este esport, tant de base com amateur i tant en edat escolar com en adulta. Finalment, el conveni recull la celebraci\u00f3 de trobades, seminaris i congressos a Elx, sobre activitats esportives relacionades amb la Federaci\u00f3 de Golf de la Comunitat Valenciana.<\/p>\n<hr \/>\n<p>[\/vc_column_text][\/vc_column][\/vc_row][vc_row][vc_column width=&#8221;1\/6&#8243;][\/vc_column][vc_column width=&#8221;2\/3&#8243;]<audio class=\"sc_audio\" src=\"https:\/\/soundcloud.com\/ayuntamiento-de-elche\/el-ayuntamiento-se-compromete-con-la-federacion-de-golf-valenciana?si=63a31e96f72745ecb52f0b96467e18ec&#038;utm_source=clipboard&#038;utm_medium=text&#038;utm_campaign=social_sharing\" width=\"\" height=\"\"><\/audio>[\/vc_column][vc_column width=&#8221;1\/6&#8243;][\/vc_column][\/vc_row]<\/p>\n<\/div>","protected":false},"excerpt":{"rendered":"<p>[vc_row el_id=&#8221;SUBTITULAR_NOTICIA&#8221;][vc_column][vc_column_text] Este divendres, el regidor d&#8217;Esports i el gerent de la FGCV han signat un convingut de col\u00b7laboraci\u00f3 per a promocionar i fomentar el golf a Elx [\/vc_column_text][\/vc_column][\/vc_row][vc_row el_id=&#8221;TEXTO_NOTICIA&#8221;][vc_column][vc_column_text]La [&hellip;]<\/p>\n","protected":false},"author":131,"featured_media":272289,"comment_status":"closed","ping_status":"closed","sticky":false,"template":"","format":"standard","meta":{"footnotes":""},"categories":[187,391,1312],"tags":[],"class_list":["post-272312","post","type-post","status-publish","format-standard","has-post-thumbnail","hentry","category-esports","category-home-va","category-noticias-va"],"_links":{"self":[{"href":"https:\/\/www.elche.es\/va\/wp-json\/wp\/v2\/posts\/272312","targetHints":{"allow":["GET"]}}],"collection":[{"href":"https:\/\/www.elche.es\/va\/wp-json\/wp\/v2\/posts"}],"about":[{"href":"https:\/\/www.elche.es\/va\/wp-json\/wp\/v2\/types\/post"}],"author":[{"embeddable":true,"href":"https:\/\/www.elche.es\/va\/wp-json\/wp\/v2\/users\/131"}],"replies":[{"embeddable":true,"href":"https:\/\/www.elche.es\/va\/wp-json\/wp\/v2\/comments?post=272312"}],"version-history":[{"count":2,"href":"https:\/\/www.elche.es\/va\/wp-json\/wp\/v2\/posts\/272312\/revisions"}],"predecessor-version":[{"id":272314,"href":"https:\/\/www.elche.es\/va\/wp-json\/wp\/v2\/posts\/272312\/revisions\/272314"}],"wp:featuredmedia":[{"embeddable":true,"href":"https:\/\/www.elche.es\/va\/wp-json\/wp\/v2\/media\/272289"}],"wp:attachment":[{"href":"https:\/\/www.elche.es\/va\/wp-json\/wp\/v2\/media?parent=272312"}],"wp:term":[{"taxonomy":"category","embeddable":true,"href":"https:\/\/www.elche.es\/va\/wp-json\/wp\/v2\/categories?post=272312"},{"taxonomy":"post_tag","embeddable":true,"href":"https:\/\/www.elche.es\/va\/wp-json\/wp\/v2\/tags?post=272312"}],"curies":[{"name":"wp","href":"https:\/\/api.w.org\/{rel}","templated":true}]}}