{"id":29431,"date":"2017-07-07T07:55:47","date_gmt":"2017-07-07T06:55:47","guid":{"rendered":"http:\/\/www.elche.es\/va\/?p=29431"},"modified":"2017-07-07T08:54:01","modified_gmt":"2017-07-07T07:54:01","slug":"subvencions-per-a-projectes-de-cooperacio-internacional-al-desenvolupament","status":"publish","type":"post","link":"https:\/\/www.elche.es\/va\/2017\/07\/subvencions-per-a-projectes-de-cooperacio-internacional-al-desenvolupament\/","title":{"rendered":"Subvencions per a projectes de Cooperaci\u00f3 Internacional al Desenvolupament"},"content":{"rendered":"<p class=\"tw-data-text tw-ta tw-text-small\" dir=\"ltr\" style=\"text-align: justify\"><span lang=\"ca\">El <em>Butllet\u00ed Oficial de la Prov\u00edncia d&#8217;Alacant<\/em> de data <span style=\"color: #000000\">7\u00a0de juliol de 2017<\/span>\u00a0recull l&#8217;extracte de la convocat\u00f2ria de\u00a0concessi\u00f3 de subvencions\u00a0<\/span><span lang=\"ca\">dirigides a ONGD per a l&#8217;execuci\u00f3 de projectes de Cooperaci\u00f3 Internacional al Desenvolupament. La convocat\u00f2ria es pot consultar en el seg\u00fcent enlla\u00e7 de la Base Nacional de Subvencions: <a href=\"http:\/\/www.pap.minhap.gob.es\/bdnstrans\/index\">http:\/\/www.pap.minhap.gob.es\/bdnstrans\/index<\/a><\/span><\/p>\n<p class=\"tw-data-text tw-ta tw-text-small\" dir=\"ltr\" style=\"text-align: justify\"><span lang=\"ca\">Les entitats interessades a presentar la seua candidatura han de ser integrants del Consell Local de Cooperaci\u00f3 al Desenvolupament d\u2019Elx,\u00a0<\/span><span lang=\"ca\">amb dos anys d\u2019antiguitat en aquest, i\u00a0<\/span><span lang=\"ca\">que no conc\u00f3rreguen a la convocat\u00f2ria per a projectes d&#8217;Ajuda Solid\u00e0ria Internacional, publicada al <em>Butllet\u00ed Oficial de la Prov\u00edncia d&#8217;Alacant<\/em> de data 3 de juliol de 2017.<\/span><\/p>\n<p id=\"tw-target-text\" class=\"tw-data-text tw-ta tw-text-small\" dir=\"ltr\">La documentaci\u00f3 completa es pot consultar en els seg\u00fcents enlla\u00e7os:<\/p>\n<p><a href=\"https:\/\/www.elche.es\/wp-content\/uploads\/2017\/07\/Extracto-convocatoria-proyectos-cooperaci\u00f3n-BOP.pdf\"><em>Extracte de la convocat\u00f2ria (Butllet\u00ed Oficial de la Prov\u00edncia d\u00b4Alacant)<\/em><\/a><\/p>\n<p><a href=\"https:\/\/www.elche.es\/wp-content\/uploads\/2017\/07\/20170623-2-Edicto-Convocatoria-Cooperaci\u00f3n-Internacional-2017-valenciano.pdf\"><em>Bases completes<\/em><\/a><\/p>\n<p><a href=\"https:\/\/www.elche.es\/wp-content\/uploads\/2017\/06\/INSTANCIA_GENERAL_A119.pdf\"><em>Inst\u00e0ncia general<\/em><\/a><\/p>\n<p><em><span lang=\"ca\">Sol\u00b7licitud general de subvenci\u00f3 de cooperaci\u00f3 al desenvolupament<\/span><\/em><\/p>\n<p class=\"tw-data-text tw-ta tw-text-small\" dir=\"ltr\"><em><span lang=\"ca\">Formulari de projectes\u00a0de cooperaci\u00f3 al desenvolupament<\/span><\/em><\/p>\n<p class=\"tw-data-text tw-ta tw-text-small\" dir=\"ltr\"><em><span lang=\"ca\">Pressupost de projectes de cooperaci\u00f3 al desenvolupament<\/span><\/em><\/p>\n<p><span lang=\"ca\">\u00a0<\/span><\/p>\n","protected":false},"excerpt":{"rendered":"<p>El Butllet\u00ed Oficial de la Prov\u00edncia d&#8217;Alacant de data 7\u00a0de juliol de 2017\u00a0recull l&#8217;extracte de la convocat\u00f2ria de\u00a0concessi\u00f3 de subvencions\u00a0dirigides a ONGD per a l&#8217;execuci\u00f3 de projectes de Cooperaci\u00f3 Internacional [&hellip;]<\/p>\n","protected":false},"author":131,"featured_media":29465,"comment_status":"closed","ping_status":"closed","sticky":false,"template":"","format":"standard","meta":{"footnotes":""},"categories":[524],"tags":[],"class_list":["post-29431","post","type-post","status-publish","format-standard","has-post-thumbnail","hentry","category-cooperacio"],"_links":{"self":[{"href":"https:\/\/www.elche.es\/va\/wp-json\/wp\/v2\/posts\/29431","targetHints":{"allow":["GET"]}}],"collection":[{"href":"https:\/\/www.elche.es\/va\/wp-json\/wp\/v2\/posts"}],"about":[{"href":"https:\/\/www.elche.es\/va\/wp-json\/wp\/v2\/types\/post"}],"author":[{"embeddable":true,"href":"https:\/\/www.elche.es\/va\/wp-json\/wp\/v2\/users\/131"}],"replies":[{"embeddable":true,"href":"https:\/\/www.elche.es\/va\/wp-json\/wp\/v2\/comments?post=29431"}],"version-history":[{"count":0,"href":"https:\/\/www.elche.es\/va\/wp-json\/wp\/v2\/posts\/29431\/revisions"}],"wp:featuredmedia":[{"embeddable":true,"href":"https:\/\/www.elche.es\/va\/wp-json\/wp\/v2\/media\/29465"}],"wp:attachment":[{"href":"https:\/\/www.elche.es\/va\/wp-json\/wp\/v2\/media?parent=29431"}],"wp:term":[{"taxonomy":"category","embeddable":true,"href":"https:\/\/www.elche.es\/va\/wp-json\/wp\/v2\/categories?post=29431"},{"taxonomy":"post_tag","embeddable":true,"href":"https:\/\/www.elche.es\/va\/wp-json\/wp\/v2\/tags?post=29431"}],"curies":[{"name":"wp","href":"https:\/\/api.w.org\/{rel}","templated":true}]}}