{"id":301064,"date":"2024-05-22T13:18:29","date_gmt":"2024-05-22T11:18:29","guid":{"rendered":"https:\/\/www.elche.es\/2024\/05\/lajuntament-obri-la-porta-al-sector-de-les-vtc-per-a-cobrir-el-servei-en-tot-el-municipi\/"},"modified":"2024-05-22T13:18:30","modified_gmt":"2024-05-22T11:18:30","slug":"lajuntament-obri-la-porta-al-sector-de-les-vtc-per-a-cobrir-el-servei-en-tot-el-municipi","status":"publish","type":"post","link":"https:\/\/www.elche.es\/va\/2024\/05\/lajuntament-obri-la-porta-al-sector-de-les-vtc-per-a-cobrir-el-servei-en-tot-el-municipi\/","title":{"rendered":"L&#8217;Ajuntament obri la porta al sector de les VTC per a cobrir el servei en tot el municipi"},"content":{"rendered":"<div class=\"wpb-content-wrapper\"><p>[vc_row el_id=&#8221;SUBTITULAR_NOTICIA&#8221;][vc_column][vc_column_text]<\/p>\n<hr \/>\n<h4>Ara les empreses han de presentar les seues propostes amb l&#8217;objectiu de comen\u00e7ar a operar a partir de l&#8217;estiu<\/h4>\n<hr \/>\n<p>[\/vc_column_text][\/vc_column][\/vc_row][vc_row el_id=&#8221;TEXTO_NOTICIA&#8221;][vc_column][vc_column_text]L&#8217;Ajuntament d&#8217;Elx obri la porta al sector del Vehicle de Transport amb Conductor (VTC) amb el principal objectiu de prestar el millor servei possible als il\u00b7licitans en mat\u00e8ria de mobilitat. Aix\u00ed ho ha assenyalat <strong>el regidor de l&#8217;\u00e0rea, Claudio Guilabert<\/strong> despr\u00e9s de la reuni\u00f3 mantinguda amb responsables de les empreses Uber i Cabify per a posar sobre la taula la possibilitat d&#8217;implantar aquest servei al municipi d&#8217;Elx.<\/p>\n<p>[\/vc_column_text][\/vc_column][\/vc_row][vc_row type=&#8221;flexslider_slide&#8221; interval=&#8221;5&#8243; source=&#8221;media_library&#8221; images=&#8221;&#8221; img_size=&#8221;full&#8221; external_img_size=&#8221;&#8221; onclick=&#8221;link_image&#8221; custom_links_target=&#8221;_self&#8221; el_class=&#8221;galerianoticia&#8221; title=&#8221;&#8221; custom_srcs=&#8221;&#8221; custom_links=&#8221;&#8221;][vc_column][vc_gallery type=&#8221;flexslider_slide&#8221; interval=&#8221;5&#8243; images=&#8221;301040,301038,301036,301032,301030&#8243; img_size=&#8221;full&#8221; el_class=&#8221;galerianoticia&#8221;][\/vc_column][\/vc_row][vc_row][vc_column][vc_column_text]\u201cAquest govern municipal vol vetlar perqu\u00e8 es preste el millor servei <strong>i ja ha implantat mesures com el desbloqueig de les 14 llic\u00e8ncia de taxis<\/strong>, la proposta de millora de la tarifa urbana, la posada en marxa de diversos ex\u00e0mens de capacitaci\u00f3 o la intenci\u00f3 d&#8217;habilitar llic\u00e8ncies estacionals, per\u00f2 no \u00e9s suficient i existeix la voluntat d&#8217;apostar pel VTC\u201d, ha assenyalat Guilabert, que ha apuntat que ara estan a l&#8217;espera de rebre les propostes d&#8217;aquestes empreses amb l&#8217;objectiu de comencen a operar a partir d&#8217;aquest estiu.[\/vc_column_text][\/vc_column][\/vc_row][vc_row el_id=&#8221;DESTACADO_NOTICIA&#8221;][vc_column][vc_column_text el_class=&#8221;cuadronoticia&#8221;]<\/p>\n<h5>Segons el regidor de Mobilitat, Claudio Guilabert, el govern municipal aposta per \u201coferir el millor servei als il\u00b7licitans i complir amb la normativa vigent\u201d<\/h5>\n<p>[\/vc_column_text][\/vc_column][\/vc_row][vc_row el_id=&#8221;TEXTO_FIN_NOTICIA&#8221;][vc_column][vc_column_text]En aquest sentit, el regidor ha deixat clar que aquestes empreses han d&#8217;operar tamb\u00e9 a la ciutat. \u201c<strong>Volem que Uber i Cabify presten el servei a la ciutat, sempre dins de la legalitat i complint amb la normativa vigent<\/strong>\u201d. En aquest sentit, ha mostrat la seua \u201cdefensa al sector del taxi perqu\u00e8 no existisca intrusisme per part d&#8217;aquells que tinguen llic\u00e8ncia, ja siga de vehicles de VTC com de taxis.<\/p>\n<p>D&#8217;altra banda, Guilabert ha recordat que <strong>actualment existeix una normativa que permet contractar el servei amb 15 minuts d&#8217;antelaci\u00f3, quan abans era d&#8217;1 hora<\/strong>.<\/p>\n<hr \/>\n<p>&nbsp;<\/p>\n<p>[\/vc_column_text][\/vc_column][\/vc_row][vc_row][vc_column width=&#8221;1\/6&#8243;][\/vc_column][vc_column width=&#8221;2\/3&#8243;]<audio class=\"sc_audio\" src=\"https:\/\/soundcloud.com\/ayuntamiento-de-elche\/reunion-con-vtc?si=f2b0ce0350b34c8188e6fcc0fe9bd8b4&#038;utm_source=clipboard&#038;utm_medium=text&#038;utm_campaign=social_sharing\" width=\"\" height=\"\"><\/audio>[\/vc_column][vc_column width=&#8221;1\/6&#8243;][\/vc_column][\/vc_row]<\/p>\n<\/div>","protected":false},"excerpt":{"rendered":"<p>[vc_row el_id=&#8221;SUBTITULAR_NOTICIA&#8221;][vc_column][vc_column_text] Ara les empreses han de presentar les seues propostes amb l&#8217;objectiu de comen\u00e7ar a operar a partir de l&#8217;estiu [\/vc_column_text][\/vc_column][\/vc_row][vc_row el_id=&#8221;TEXTO_NOTICIA&#8221;][vc_column][vc_column_text]L&#8217;Ajuntament d&#8217;Elx obri la porta al sector del [&hellip;]<\/p>\n","protected":false},"author":131,"featured_media":301031,"comment_status":"closed","ping_status":"closed","sticky":false,"template":"","format":"standard","meta":{"footnotes":""},"categories":[391,217,1312],"tags":[],"class_list":["post-301064","post","type-post","status-publish","format-standard","has-post-thumbnail","hentry","category-home-va","category-mobilitat","category-noticias-va"],"_links":{"self":[{"href":"https:\/\/www.elche.es\/va\/wp-json\/wp\/v2\/posts\/301064","targetHints":{"allow":["GET"]}}],"collection":[{"href":"https:\/\/www.elche.es\/va\/wp-json\/wp\/v2\/posts"}],"about":[{"href":"https:\/\/www.elche.es\/va\/wp-json\/wp\/v2\/types\/post"}],"author":[{"embeddable":true,"href":"https:\/\/www.elche.es\/va\/wp-json\/wp\/v2\/users\/131"}],"replies":[{"embeddable":true,"href":"https:\/\/www.elche.es\/va\/wp-json\/wp\/v2\/comments?post=301064"}],"version-history":[{"count":2,"href":"https:\/\/www.elche.es\/va\/wp-json\/wp\/v2\/posts\/301064\/revisions"}],"predecessor-version":[{"id":301066,"href":"https:\/\/www.elche.es\/va\/wp-json\/wp\/v2\/posts\/301064\/revisions\/301066"}],"wp:featuredmedia":[{"embeddable":true,"href":"https:\/\/www.elche.es\/va\/wp-json\/wp\/v2\/media\/301031"}],"wp:attachment":[{"href":"https:\/\/www.elche.es\/va\/wp-json\/wp\/v2\/media?parent=301064"}],"wp:term":[{"taxonomy":"category","embeddable":true,"href":"https:\/\/www.elche.es\/va\/wp-json\/wp\/v2\/categories?post=301064"},{"taxonomy":"post_tag","embeddable":true,"href":"https:\/\/www.elche.es\/va\/wp-json\/wp\/v2\/tags?post=301064"}],"curies":[{"name":"wp","href":"https:\/\/api.w.org\/{rel}","templated":true}]}}