{"id":30604,"date":"2017-07-24T08:30:05","date_gmt":"2017-07-24T07:30:05","guid":{"rendered":"http:\/\/www.elche.es\/va\/2017\/07\/el-alcalde-expresa-el-compromiso-del-ayuntamiento-con-el-festival-de-cine-independiente-de-elche\/"},"modified":"2017-07-26T08:12:24","modified_gmt":"2017-07-26T07:12:24","slug":"el-alcalde-expresa-el-compromiso-del-ayuntamiento-con-el-festival-de-cine-independiente-de-elche","status":"publish","type":"post","link":"https:\/\/www.elche.es\/va\/2017\/07\/el-alcalde-expresa-el-compromiso-del-ayuntamiento-con-el-festival-de-cine-independiente-de-elche\/","title":{"rendered":"L&#8217;alcalde expressa el comprom\u00eds de l&#8217;Ajuntament amb el Festival de Cinema Independent d&#8217;Elx"},"content":{"rendered":"<blockquote>\n<p style=\"text-align: justify\">L&#8217;alcalde d&#8217;Elx, Carlos Gonz\u00e1lez, ha expressat hui el comprom\u00eds de l&#8217;Ajuntament d&#8217;Elx amb el Festival de Cinema Independent d&#8217;Elx que divendres va celebrar la seua gala de clausura en l&#8217;Hort del Xocolater. Un esdeveniment que va estar presentat per l&#8217;actriu il\u00b7licitana Diana Palaz\u00f3n i en el qual es va retre homenatge al director i realitzador Esteban Crespo, qui va rebre la \u201cPalmera de Plata\u201d del certamen.<\/p>\n<\/blockquote>\n<p style=\"text-align: justify\">\u201cVull felicitar a la Fundaci\u00f3 Caixa Mediterrani per haver mantingut viu un festival que enguany compleix la seua 40 edici\u00f3 i ho fa com un dels referents del cinema independent d&#8217;Espanya. Els m\u00e9s de 5.000 treballs presentats ens permeten fer-nos una idea de la import\u00e0ncia que ha adquirit aquest certamen que permet als il\u00b7licitans i il\u00b7licitanes gaudir durant una setmana de les propostes dels cineastes m\u00e9s emergents del panorama nacional i tamb\u00e9 internacional\u201d, ha assenyalat l&#8217;alcalde, que ha afegit que l&#8217;aposta de l&#8217;Ajuntament ha sigut ferma des de la creaci\u00f3 del festival i enguany, si cap, \u00e9s encara major (l&#8217;Ajuntament aporta 2.000 euros i la infraestructura per a les projeccions als Arenals).<\/p>\n<p style=\"text-align: justify\">En aquesta edici\u00f3, l&#8217;Ajuntament ha programat activitats paral\u00b7leles al festival com ara xarrades i col\u00b7loquis i ha recuperat la projecci\u00f3 en els cinemes Od\u00e8on de les \u00f2peres primes. A m\u00e9s, a partir de l&#8217;\u00faltim trimestre de l&#8217;any i amb l&#8217;objectiu de mantenir viva la flama del festival al llarg de tot l&#8217;any, els Od\u00e8on projectaran algun dels curts premiats en les diferents edicions del FICIE abans de l&#8217;inici de les pel\u00b7l\u00edcules programades el dia de l&#8217;espectador\u201d.<\/p>\n<p style=\"text-align: justify\">Carlos Gonz\u00e1lez ha compartit taula amb el president de la Fundaci\u00f3 Caixa Mediterrani, Luis Boyer, l&#8217;homenatjat, Esteban Crespo, i amb la presentadora, Diana Palaz\u00f3n.<\/p>\n<p style=\"text-align: justify\">\u201cPer a mi \u00e9s un honor compartir aquesta presentaci\u00f3 amb Esteban Crespo, un dels directors, guionistes i publicistes m\u00e9s importants del nostre pa\u00eds, i amb Diana Palaz\u00f3n, una actriu il\u00b7licitana de la qual ens sentim profundament orgullosos i que brilla en el cinema, televisi\u00f3 i teatre\u201d.<\/p>\n<p style=\"text-align: justify\">Finalment, l&#8217;alcalde ha animat als joves realitzadors i realitzadores a presentar les seues propostes en la pr\u00f2xima edici\u00f3 i al p\u00fablic a gaudir de la gala d&#8217;aquesta nit.<\/p>\n<p>&nbsp;<\/p>\n","protected":false},"excerpt":{"rendered":"<p>L&#8217;alcalde d&#8217;Elx, Carlos Gonz\u00e1lez, ha expressat hui el comprom\u00eds de l&#8217;Ajuntament d&#8217;Elx amb el Festival de Cinema Independent d&#8217;Elx que divendres va celebrar la seua gala de clausura en l&#8217;Hort [&hellip;]<\/p>\n","protected":false},"author":131,"featured_media":30530,"comment_status":"closed","ping_status":"closed","sticky":false,"template":"","format":"standard","meta":{"footnotes":""},"categories":[193],"tags":[],"class_list":["post-30604","post","type-post","status-publish","format-standard","has-post-thumbnail","hentry","category-cultura-va"],"_links":{"self":[{"href":"https:\/\/www.elche.es\/va\/wp-json\/wp\/v2\/posts\/30604","targetHints":{"allow":["GET"]}}],"collection":[{"href":"https:\/\/www.elche.es\/va\/wp-json\/wp\/v2\/posts"}],"about":[{"href":"https:\/\/www.elche.es\/va\/wp-json\/wp\/v2\/types\/post"}],"author":[{"embeddable":true,"href":"https:\/\/www.elche.es\/va\/wp-json\/wp\/v2\/users\/131"}],"replies":[{"embeddable":true,"href":"https:\/\/www.elche.es\/va\/wp-json\/wp\/v2\/comments?post=30604"}],"version-history":[{"count":0,"href":"https:\/\/www.elche.es\/va\/wp-json\/wp\/v2\/posts\/30604\/revisions"}],"wp:featuredmedia":[{"embeddable":true,"href":"https:\/\/www.elche.es\/va\/wp-json\/wp\/v2\/media\/30530"}],"wp:attachment":[{"href":"https:\/\/www.elche.es\/va\/wp-json\/wp\/v2\/media?parent=30604"}],"wp:term":[{"taxonomy":"category","embeddable":true,"href":"https:\/\/www.elche.es\/va\/wp-json\/wp\/v2\/categories?post=30604"},{"taxonomy":"post_tag","embeddable":true,"href":"https:\/\/www.elche.es\/va\/wp-json\/wp\/v2\/tags?post=30604"}],"curies":[{"name":"wp","href":"https:\/\/api.w.org\/{rel}","templated":true}]}}