{"id":30608,"date":"2017-07-24T11:45:48","date_gmt":"2017-07-24T10:45:48","guid":{"rendered":"http:\/\/www.elche.es\/va\/2017\/07\/modificacion-del-articulo-10-del-proyecto-de-modificacion-del-reglamento-del-consejo-social-de-la-ciudad\/"},"modified":"2017-07-25T09:28:58","modified_gmt":"2017-07-25T08:28:58","slug":"modificacion-del-articulo-10-del-proyecto-de-modificacion-del-reglamento-del-consejo-social-de-la-ciudad","status":"publish","type":"post","link":"https:\/\/www.elche.es\/va\/2017\/07\/modificacion-del-articulo-10-del-proyecto-de-modificacion-del-reglamento-del-consejo-social-de-la-ciudad\/","title":{"rendered":"Modificaci\u00f3 de l&#8217;article 10 del Projecte de Modificaci\u00f3 del Reglament del Consell Social de la Ciutat"},"content":{"rendered":"<div class=\"traductor-textarea form-group\">\n<div class=\"textarea-desti col-xs-12 col-sm-6\">\n<div class=\"form-control second-textarea\" style=\"text-align: justify\">La Junta de Govern Local de l&#8217;Ajuntament d&#8217;Elx, reunida en sessi\u00f3 celebrada el 23 de juny de 2017, va acordar aprovar la Proposta de l&#8217;Alcaldia-Presid\u00e8ncia de Modificaci\u00f3 de l&#8217;article 10 del Projecte de Reglament del Consell Social de la Ciutat, que es troba en tramitaci\u00f3, relatiu a la composici\u00f3 del Consell, i incorporar als seus membres \u201cUna representaci\u00f3 del Consell Municipal de les Dones i per la Igualtat de G\u00e8nere\u201d.<\/p>\n<p>En aplicaci\u00f3 del principi de transpar\u00e8ncia i del que es disposa en la Llei de Procediment Administratiu Com\u00fa de les Administracions P\u00fabliques es procedeix a donar publicitat a aquest acord mitjan\u00e7ant el present anunci, a fi que durant el termini de 15 dies h\u00e0bils, comptat a partir de l&#8217;endem\u00e0 a aquesta publicaci\u00f3, els subjectes i organitzacions representatives potencialment afectats per aquesta modificaci\u00f3, relativa a l&#8217;ampliaci\u00f3 dels components del Consell Social de la Ciutat per la incorporaci\u00f3 d&#8217;un nou membre, puguen presentar suggeriments i observacions que, si escau, consideren oportunes.<\/p>\n<p>A aquest efecte, les possibles observacions, suggeriments, hauran de remetre&#8217;s per escrit, adre\u00e7at a la Secretaria del Consell Social de la Ciutat de l&#8217;Excm. Ajuntament d&#8217;Elx,- Departament de Promoci\u00f3 Econ\u00f2mica-, i presentar en el Registre General d&#8217;aquest Ajuntament, o per qualsevol de les formes previstes en la Llei 39\/2015 de Procediment Administratiu Com\u00fa.<\/p><\/div>\n<\/div>\n<\/div>\n","protected":false},"excerpt":{"rendered":"<p>La Junta de Govern Local de l&#8217;Ajuntament d&#8217;Elx, reunida en sessi\u00f3 celebrada el 23 de juny de 2017, va acordar aprovar la Proposta de l&#8217;Alcaldia-Presid\u00e8ncia de Modificaci\u00f3 de l&#8217;article 10 [&hellip;]<\/p>\n","protected":false},"author":9,"featured_media":25176,"comment_status":"closed","ping_status":"closed","sticky":false,"template":"","format":"standard","meta":{"footnotes":""},"categories":[208,183],"tags":[],"class_list":["post-30608","post","type-post","status-publish","format-standard","has-post-thumbnail","hentry","category-participacio-ciutadana-va","category-pomocio-economica"],"_links":{"self":[{"href":"https:\/\/www.elche.es\/va\/wp-json\/wp\/v2\/posts\/30608","targetHints":{"allow":["GET"]}}],"collection":[{"href":"https:\/\/www.elche.es\/va\/wp-json\/wp\/v2\/posts"}],"about":[{"href":"https:\/\/www.elche.es\/va\/wp-json\/wp\/v2\/types\/post"}],"author":[{"embeddable":true,"href":"https:\/\/www.elche.es\/va\/wp-json\/wp\/v2\/users\/9"}],"replies":[{"embeddable":true,"href":"https:\/\/www.elche.es\/va\/wp-json\/wp\/v2\/comments?post=30608"}],"version-history":[{"count":0,"href":"https:\/\/www.elche.es\/va\/wp-json\/wp\/v2\/posts\/30608\/revisions"}],"wp:featuredmedia":[{"embeddable":true,"href":"https:\/\/www.elche.es\/va\/wp-json\/wp\/v2\/media\/25176"}],"wp:attachment":[{"href":"https:\/\/www.elche.es\/va\/wp-json\/wp\/v2\/media?parent=30608"}],"wp:term":[{"taxonomy":"category","embeddable":true,"href":"https:\/\/www.elche.es\/va\/wp-json\/wp\/v2\/categories?post=30608"},{"taxonomy":"post_tag","embeddable":true,"href":"https:\/\/www.elche.es\/va\/wp-json\/wp\/v2\/tags?post=30608"}],"curies":[{"name":"wp","href":"https:\/\/api.w.org\/{rel}","templated":true}]}}