{"id":30710,"date":"2017-07-26T08:39:37","date_gmt":"2017-07-26T07:39:37","guid":{"rendered":"http:\/\/www.elche.es\/va\/2017\/07\/la-orquesta-sinfonica-ciudad-de-elche-presenta-su-nueva-programacion\/"},"modified":"2017-07-26T09:30:00","modified_gmt":"2017-07-26T08:30:00","slug":"la-orquesta-sinfonica-ciudad-de-elche-presenta-su-nueva-programacion","status":"publish","type":"post","link":"https:\/\/www.elche.es\/va\/2017\/07\/la-orquesta-sinfonica-ciudad-de-elche-presenta-su-nueva-programacion\/","title":{"rendered":"L&#8217;Orquestra Simf\u00f2nica Ciutat d&#8217;Elx presenta la seua nova programaci\u00f3"},"content":{"rendered":"<blockquote>\n<p style=\"text-align: justify\">L&#8217;OSCE inclour\u00e0 com a novetat enguany descomptes d&#8217;un 40% del preu de les entrades per als abonats, d&#8217;un 25% per a jubilats i fam\u00edlies nombrses, i una tarifa plana de 6 euros per a estudiants del conservatori i de la universitat<\/p>\n<\/blockquote>\n<p style=\"text-align: justify\">La regidora de Cultura, Patr\u00edcia Maci\u00e0, el coordinador de Cultura, Javier Baeza, el president de l&#8217;Orquestra Simf\u00f2nica Ciutat d&#8217;Elx, Miguel Garc\u00eda Sala, el director titular, Mihnea Ignat i el concertino de l&#8217;agrupaci\u00f3 Orquestra Il\u00b7licitana, Jos\u00e9 N\u00e9stor Tom\u00e1s Loba, han presentat aquest mat\u00ed la nova programaci\u00f3 de l&#8217;OSCE, que consistir\u00e0 en 6 concerts que tindran lloc entre els mesos d&#8217;octubre i maig. Els abonaments de la temporada per a l&#8217;orquestra, que tindran un preu d&#8217;entre 52 i 68 euros, podran ser renovats des de l&#8217;1 de setembre a l&#8217;1 d&#8217;octubre, i despr\u00e9s es donar\u00e0 pas a aquelles persones que vulguen abonar-se per primera vegada.<\/p>\n<p style=\"text-align: justify\">La programaci\u00f3 comen\u00e7ar\u00e0 el dia 20 d&#8217;octubre, amb la pres\u00e8ncia de la solista il\u00b7licitana Elina Rubio, que versionar\u00e1 obres de Beethoven, Mozart i Grau-Vegara. El dia 1 de gener, el Gran Teatre acollir\u00e0 el ja fam\u00f3s <em>Concert d&#8217;Any Nou<\/em>, en el qual es podran escoltar les partitures de Falla, Strauss, Supp\u00e9, Gim\u00e9nez i Chap\u00ed.<\/p>\n<p style=\"text-align: justify\">Posteriorment, el 9 de febrer, ens presentaran <em>Desde Austria con Amor<\/em>, un conjunt d&#8217;obres de Mozart i Schubert. El 2 de mar\u00e7, els il\u00b7licitans podran gaudir de <em>Peque\u00f1a Sonata Nocturna<\/em>, de m\u00e0 de Jos\u00e9 N\u00e9stor Tom\u00e1s, que tocar\u00e0 obres de Telemann, Bach i Mozart. El 6 d&#8217;abril, el Gran Teatre acollir\u00e0 l&#8217;espectacle <em>Grandes Solistas<\/em>, amb la pres\u00e8ncia de Nury Guarnaschelli, una trompetista de renom internacional. Finalment, la temporada acabar\u00e0 seguint amb el cicle de solistes de la m\u00e0 del violinista espanyol Vicente Huerta, que tocar\u00e0 obres de Mozart i Mendelson.<\/p>\n<p style=\"text-align: justify\">Com a novetat, el president de l&#8217;OSCE, Miguel Garc\u00eda, ha destacat les bonificacions que enguany es faran als abonats, que tindran un 40% de descompte en les entrades. D&#8217;altra banda, l&#8217;orquestra no ha volgut oblidar als jubilats i les fam\u00edlies nombroses, que pagaran un 25% menys, i els estudiants, tant del conservatori com de la universitat, que tindran una tarifa \u00fanica de 6 euros per a localitats situades en el parad\u00eds. Garc\u00eda, ha agra\u00eft tamb\u00e9 el suport rebut per la Regidoria de Cultura, que enguany ha aportat 70.000 euros per al desenvolupament d&#8217;aquestes activitats.<\/p>\n<p style=\"text-align: justify\">Maci\u00e0, per la seua banda, ha reiterat el suport que des de la Regidoria de Cultura es vol realitzar cada any a favor de l&#8217;OSCE i ha destacat el gran treball que duen a terme per a estendre la m\u00fasica cl\u00e0ssica i la cultura a tots els racons d&#8217;Elx.<\/p>\n<p>&nbsp;<\/p>\n","protected":false},"excerpt":{"rendered":"<p>L&#8217;OSCE inclour\u00e0 com a novetat enguany descomptes d&#8217;un 40% del preu de les entrades per als abonats, d&#8217;un 25% per a jubilats i fam\u00edlies nombrses, i una tarifa plana de [&hellip;]<\/p>\n","protected":false},"author":131,"featured_media":30693,"comment_status":"closed","ping_status":"closed","sticky":false,"template":"","format":"standard","meta":{"footnotes":""},"categories":[193,1341],"tags":[],"class_list":["post-30710","post","type-post","status-publish","format-standard","has-post-thumbnail","hentry","category-cultura-va","category-ocio-y-cultura-va"],"_links":{"self":[{"href":"https:\/\/www.elche.es\/va\/wp-json\/wp\/v2\/posts\/30710","targetHints":{"allow":["GET"]}}],"collection":[{"href":"https:\/\/www.elche.es\/va\/wp-json\/wp\/v2\/posts"}],"about":[{"href":"https:\/\/www.elche.es\/va\/wp-json\/wp\/v2\/types\/post"}],"author":[{"embeddable":true,"href":"https:\/\/www.elche.es\/va\/wp-json\/wp\/v2\/users\/131"}],"replies":[{"embeddable":true,"href":"https:\/\/www.elche.es\/va\/wp-json\/wp\/v2\/comments?post=30710"}],"version-history":[{"count":0,"href":"https:\/\/www.elche.es\/va\/wp-json\/wp\/v2\/posts\/30710\/revisions"}],"wp:featuredmedia":[{"embeddable":true,"href":"https:\/\/www.elche.es\/va\/wp-json\/wp\/v2\/media\/30693"}],"wp:attachment":[{"href":"https:\/\/www.elche.es\/va\/wp-json\/wp\/v2\/media?parent=30710"}],"wp:term":[{"taxonomy":"category","embeddable":true,"href":"https:\/\/www.elche.es\/va\/wp-json\/wp\/v2\/categories?post=30710"},{"taxonomy":"post_tag","embeddable":true,"href":"https:\/\/www.elche.es\/va\/wp-json\/wp\/v2\/tags?post=30710"}],"curies":[{"name":"wp","href":"https:\/\/api.w.org\/{rel}","templated":true}]}}