{"id":30723,"date":"2017-07-26T08:53:58","date_gmt":"2017-07-26T07:53:58","guid":{"rendered":"http:\/\/www.elche.es\/va\/2017\/07\/el-ayuntamiento-presenta-la-programacion-de-la-edicion-xi-del-agora-heliketana-de-pobladores\/"},"modified":"2017-07-26T10:50:41","modified_gmt":"2017-07-26T09:50:41","slug":"el-ayuntamiento-presenta-la-programacion-de-la-edicion-xi-del-agora-heliketana-de-pobladores","status":"publish","type":"post","link":"https:\/\/www.elche.es\/va\/2017\/07\/el-ayuntamiento-presenta-la-programacion-de-la-edicion-xi-del-agora-heliketana-de-pobladores\/","title":{"rendered":"L&#8217;Ajuntament presenta la programaci\u00f3 de l&#8217;edici\u00f3n XI de l&#8217;\u00c0gora Heliketana de Pobladors"},"content":{"rendered":"<blockquote>\n<p style=\"text-align: justify\">El recinte s&#8217;ubicar\u00e0 en la rotonda del Parc Municipal, del 8 al 15 d&#8217;agost, on es duran a terme multitud d&#8217;activitats adre\u00e7ades a tots els p\u00fablics<\/p>\n<\/blockquote>\n<p style=\"text-align: justify\">Pepe P\u00e9rez, regidor de Festes, Rosana Esclapez, secret\u00e0ria de Pobladors, i Juanvi Andreu, tresorer de l&#8217;associaci\u00f3 historicoart\u00edstica, han presentat aquest mat\u00ed l&#8217;XI edici\u00f3 de l&#8217;\u00c0gora Heliketana de Pobladors que acollir\u00e0 la rotonda del Parc Municipal del 8 al 15 d&#8217;agost amb motiu de les festes patronals.<\/p>\n<p style=\"text-align: justify\">La programaci\u00f3 comen\u00e7ar\u00e0 el 8 d&#8217;agost a les 12.00 hores amb la Inauguraci\u00f3 del recinte. A les 12.15 hores es realitzar\u00e0 un contacontes de l&#8217;\u00e0gora titulat <em>Origen del mundo<\/em>. A les 22.30 hores es dur\u00e0 a terme un homenatge a Manuel Segarra Berenguer a trav\u00e9s de la representaci\u00f3 de la seua obra <em>Lis\u00edstrata<\/em>.<\/p>\n<p style=\"text-align: justify\">El dia 9 d&#8217;agost a les 12.00 hores s&#8217;efectuar\u00e0 una gimcana inflantil titulada <em>Los pergaminos perdidos<\/em>. A les 22.30h es representar\u00e0 el drama teatral <em>Io, la ternera errante<\/em>.<\/p>\n<p style=\"text-align: justify\">El dia 10 d&#8217;agost a les 12.00 hores es dur\u00e0 a terme un contacontes infantil titulat <em>Reto de los cuentos<\/em>. I a les 22.30 hores es representar\u00e0 la com\u00e8dia teatral <em>Olympic Revolution<\/em>.<\/p>\n<p style=\"text-align: justify\">El dia 11 d&#8217;agost a les 12.00 hores es realitzar\u00e0 una gimcana individual titulada <em>Los juegos de Helio<\/em>. A les 18.30 hores s&#8217;efectuar\u00e0 l&#8217;espectacle d&#8217;animaci\u00f3 titulat <em>Juegos ol\u00edmpicos de la antig\u00fcedad<\/em>.<\/p>\n<p style=\"text-align: justify\">El dia 12 d&#8217;agost a les 12.00 hores es dur\u00e0 a terme l&#8217;espectacle infantil amb titelles titulat <em>Origen del mundo<\/em>. A les 18.30 hores es realitzar\u00e0 l&#8217;espectacle d&#8217;animaci\u00f3 <em>Gran Libaci\u00f3n<\/em>.<\/p>\n<p style=\"text-align: justify\">El dia 13 d&#8217;agost a les 12.00 hores es realitzar\u00e0 la gimcana infantil titulada <em>Zeus encadenado<\/em>. El 14 d&#8217;agost a les 12.00 hores hi haur\u00e0 un contacontes infantil. Finalment, el 15 d&#8217;agost a les 12.00 hores hi haur\u00e0 jocs i tallers i a les 18.30 hores es realitzar\u00e0 l&#8217;espectacle d&#8217;animaci\u00f3 titulat <em>Ofrenda a la Dama<\/em>.<\/p>\n<p style=\"text-align: justify\">\n<p style=\"text-align: justify\"><strong>R\u00e8gul d&#8217;H\u00e8like<\/strong><\/p>\n<p style=\"text-align: justify\">El c\u00e0rrec d&#8217;honor 2017 R\u00e8gul d&#8217;H\u00e8like ser\u00e0 representat per Francisco Enrique Galva\u00f1, que destaca, segons l&#8217;associaci\u00f3, per la seua personalitat compromesa i implicada amb tot el que es realitza en Pobladors.<\/p>\n<p style=\"text-align: justify\">Com a novetat, enguany acompanyaran al R\u00e8gul d&#8217;H\u00e8like una cort d&#8217;honor composta per dues dones i dos homes, que aniran abillats amb els vestits t\u00edpics iberos.<\/p>\n<p>&nbsp;<\/p>\n","protected":false},"excerpt":{"rendered":"<p>El recinte s&#8217;ubicar\u00e0 en la rotonda del Parc Municipal, del 8 al 15 d&#8217;agost, on es duran a terme multitud d&#8217;activitats adre\u00e7ades a tots els p\u00fablics Pepe P\u00e9rez, regidor de [&hellip;]<\/p>\n","protected":false},"author":131,"featured_media":30699,"comment_status":"closed","ping_status":"closed","sticky":false,"template":"","format":"standard","meta":{"footnotes":""},"categories":[191,1341],"tags":[],"class_list":["post-30723","post","type-post","status-publish","format-standard","has-post-thumbnail","hentry","category-festes-va","category-ocio-y-cultura-va"],"_links":{"self":[{"href":"https:\/\/www.elche.es\/va\/wp-json\/wp\/v2\/posts\/30723","targetHints":{"allow":["GET"]}}],"collection":[{"href":"https:\/\/www.elche.es\/va\/wp-json\/wp\/v2\/posts"}],"about":[{"href":"https:\/\/www.elche.es\/va\/wp-json\/wp\/v2\/types\/post"}],"author":[{"embeddable":true,"href":"https:\/\/www.elche.es\/va\/wp-json\/wp\/v2\/users\/131"}],"replies":[{"embeddable":true,"href":"https:\/\/www.elche.es\/va\/wp-json\/wp\/v2\/comments?post=30723"}],"version-history":[{"count":0,"href":"https:\/\/www.elche.es\/va\/wp-json\/wp\/v2\/posts\/30723\/revisions"}],"wp:featuredmedia":[{"embeddable":true,"href":"https:\/\/www.elche.es\/va\/wp-json\/wp\/v2\/media\/30699"}],"wp:attachment":[{"href":"https:\/\/www.elche.es\/va\/wp-json\/wp\/v2\/media?parent=30723"}],"wp:term":[{"taxonomy":"category","embeddable":true,"href":"https:\/\/www.elche.es\/va\/wp-json\/wp\/v2\/categories?post=30723"},{"taxonomy":"post_tag","embeddable":true,"href":"https:\/\/www.elche.es\/va\/wp-json\/wp\/v2\/tags?post=30723"}],"curies":[{"name":"wp","href":"https:\/\/api.w.org\/{rel}","templated":true}]}}