{"id":30797,"date":"2017-07-27T06:34:24","date_gmt":"2017-07-27T05:34:24","guid":{"rendered":"http:\/\/www.elche.es\/va\/2017\/07\/corte-total-c-filet-de-fora\/"},"modified":"2017-07-27T07:43:26","modified_gmt":"2017-07-27T06:43:26","slug":"corte-total-c-filet-de-fora","status":"publish","type":"post","link":"https:\/\/www.elche.es\/va\/2017\/07\/corte-total-c-filet-de-fora\/","title":{"rendered":"Tall total c\/ Filet de Fora"},"content":{"rendered":"<p style=\"text-align: justify\">El departament de Senyalitzaci\u00f3 i Seguretat Vi\u00e0ria de la\u00a0Policia Local d&#8217;Elx comunica que el pr\u00f2xim divendres dia 28 de juliol, en horari compr\u00e9s entre les 13.00 hores i les 18.00 hores, es tallar\u00e0 totalment al tr\u00e0nsit rodat el carrer Filet de Fora en el seu tram compr\u00e9s entre els carrers Barri de Sar\u00e0bia i Mare de D\u00e9u del Remei, per motiu de treballs en el Centre de Congressos.<br \/>\nEs realitzar\u00e0 el desviament alternatiu del tr\u00e0nsit rodat cap al carrer Porta de la Morera.<\/p>\n","protected":false},"excerpt":{"rendered":"<p>El departament de Senyalitzaci\u00f3 i Seguretat Vi\u00e0ria de la\u00a0Policia Local d&#8217;Elx comunica que el pr\u00f2xim divendres dia 28 de juliol, en horari compr\u00e9s entre les 13.00 hores i les 18.00 [&hellip;]<\/p>\n","protected":false},"author":77,"featured_media":30793,"comment_status":"closed","ping_status":"closed","sticky":false,"template":"","format":"standard","meta":{"footnotes":""},"categories":[882,1323],"tags":[],"class_list":["post-30797","post","type-post","status-publish","format-standard","has-post-thumbnail","hentry","category-incidencies-i-avisos","category-policia-local-trafico-va"],"_links":{"self":[{"href":"https:\/\/www.elche.es\/va\/wp-json\/wp\/v2\/posts\/30797","targetHints":{"allow":["GET"]}}],"collection":[{"href":"https:\/\/www.elche.es\/va\/wp-json\/wp\/v2\/posts"}],"about":[{"href":"https:\/\/www.elche.es\/va\/wp-json\/wp\/v2\/types\/post"}],"author":[{"embeddable":true,"href":"https:\/\/www.elche.es\/va\/wp-json\/wp\/v2\/users\/77"}],"replies":[{"embeddable":true,"href":"https:\/\/www.elche.es\/va\/wp-json\/wp\/v2\/comments?post=30797"}],"version-history":[{"count":0,"href":"https:\/\/www.elche.es\/va\/wp-json\/wp\/v2\/posts\/30797\/revisions"}],"wp:featuredmedia":[{"embeddable":true,"href":"https:\/\/www.elche.es\/va\/wp-json\/wp\/v2\/media\/30793"}],"wp:attachment":[{"href":"https:\/\/www.elche.es\/va\/wp-json\/wp\/v2\/media?parent=30797"}],"wp:term":[{"taxonomy":"category","embeddable":true,"href":"https:\/\/www.elche.es\/va\/wp-json\/wp\/v2\/categories?post=30797"},{"taxonomy":"post_tag","embeddable":true,"href":"https:\/\/www.elche.es\/va\/wp-json\/wp\/v2\/tags?post=30797"}],"curies":[{"name":"wp","href":"https:\/\/api.w.org\/{rel}","templated":true}]}}