{"id":30802,"date":"2017-07-27T05:57:56","date_gmt":"2017-07-27T04:57:56","guid":{"rendered":"http:\/\/www.elche.es\/va\/2017\/07\/detenido-conductor-por-arrollar-a-ciclista-en-valverde\/"},"modified":"2017-07-27T08:00:06","modified_gmt":"2017-07-27T07:00:06","slug":"detenido-conductor-por-arrollar-a-ciclista-en-valverde","status":"publish","type":"post","link":"https:\/\/www.elche.es\/va\/2017\/07\/detenido-conductor-por-arrollar-a-ciclista-en-valverde\/","title":{"rendered":"Detingut conductor per atropellar un ciclista a la Vallverda"},"content":{"rendered":"<p style=\"text-align: justify\">El dia 20 de juliol a les 21.15, la Sala d&#8217;Operacions de Policia Local va despla\u00e7ar a l&#8217;encreuament de la carretera de la Vallverda amb la dels Bassars una unitat d&#8217;atestats en ser informat de l&#8217;atropellament d&#8217;un ciclista per un vehicle que va pegar a fugir.<\/p>\n<p style=\"text-align: justify\">Segons va poder relatar el mateix afectat i els testimonis que van parar a auxiliar-lo, el ciclista es trobava circulant per l&#8217;esmentada pedania quan, en arribar a un encreuament anterior on va coincidir amb el vehicle implicat, va continuar la seua marxa pel voral. A continuaci\u00f3, el conductor del vehicle es va posar en paral\u00b7lel a ell, va baixar la finestreta i va comen\u00e7ar a cridar i a insultar-lo, i van arribar tots dos a detenir la marxa. Despr\u00e9s d&#8217;un intercanvi d&#8217;impressions, l&#8217;afectat va prosseguir el seu cam\u00ed i va accedir a la carretera dels Bassars quan va ser perseguit pel turisme, que despr\u00e9s d&#8217;intentar creuar-se diverses vegades davant ell, va tornar a posar-se en paral\u00b7lel i girar el volant, moment en el qual va colpejar i va traure de la via al ciclista. En veure el resultat de la seua acci\u00f3 el conductor va abandonar el lloc.<\/p>\n<p style=\"text-align: justify\">Dos conductors que circulaven per la mateixa via, darrere de les unitats implicades, van contemplar sorpresos l&#8217;escena, que posava en greu risc a l&#8217;usuari de la bicicleta. Tant va ser aix\u00ed que un dels ocupants d&#8217;aquests vehicles va traure el seu tel\u00e8fon m\u00f2bil i va capturar el moment en el qual el ciclista \u00e9s espentat fora de la via. La unitat d&#8217;Investigaci\u00f3 d&#8217;Accidents va tenir en les seues declaracions i proves aportades un suport fonamental, aix\u00ed com en la correcta atenci\u00f3 del lesionat, que afortunadament nom\u00e9s presentava un fort dolor en la cama en el moment de la intervenci\u00f3.<\/p>\n<p style=\"text-align: justify\">Una de les unitats de Policia Local despla\u00e7ada a la zona va aconseguir localitzar al causant de l&#8217;atropellament, que va recon\u00e9ixer davant els agents el que havia succe\u00eft i va al\u00b7legar que a causa dels nervis de la situaci\u00f3 va marxar del lloc. La patrulla intervinent va procedir a informar-lo dels seus drets i comunicar-li el motiu de la seua detenci\u00f3 basada en una possible conducci\u00f3 temer\u00e0ria.<\/p>\n<p style=\"text-align: justify\">Tant el detingut com el vehicle causant van ser posats a disposici\u00f3 judicial despr\u00e9s de realitzar les dilig\u00e8ncies oportunes en la Prefectura de Policia Local.<\/p>\n","protected":false},"excerpt":{"rendered":"<p>El dia 20 de juliol a les 21.15, la Sala d&#8217;Operacions de Policia Local va despla\u00e7ar a l&#8217;encreuament de la carretera de la Vallverda amb la dels Bassars una unitat [&hellip;]<\/p>\n","protected":false},"author":77,"featured_media":30787,"comment_status":"closed","ping_status":"closed","sticky":false,"template":"","format":"standard","meta":{"footnotes":""},"categories":[238],"tags":[],"class_list":["post-30802","post","type-post","status-publish","format-standard","has-post-thumbnail","hentry","category-policia-local-va"],"_links":{"self":[{"href":"https:\/\/www.elche.es\/va\/wp-json\/wp\/v2\/posts\/30802","targetHints":{"allow":["GET"]}}],"collection":[{"href":"https:\/\/www.elche.es\/va\/wp-json\/wp\/v2\/posts"}],"about":[{"href":"https:\/\/www.elche.es\/va\/wp-json\/wp\/v2\/types\/post"}],"author":[{"embeddable":true,"href":"https:\/\/www.elche.es\/va\/wp-json\/wp\/v2\/users\/77"}],"replies":[{"embeddable":true,"href":"https:\/\/www.elche.es\/va\/wp-json\/wp\/v2\/comments?post=30802"}],"version-history":[{"count":0,"href":"https:\/\/www.elche.es\/va\/wp-json\/wp\/v2\/posts\/30802\/revisions"}],"wp:featuredmedia":[{"embeddable":true,"href":"https:\/\/www.elche.es\/va\/wp-json\/wp\/v2\/media\/30787"}],"wp:attachment":[{"href":"https:\/\/www.elche.es\/va\/wp-json\/wp\/v2\/media?parent=30802"}],"wp:term":[{"taxonomy":"category","embeddable":true,"href":"https:\/\/www.elche.es\/va\/wp-json\/wp\/v2\/categories?post=30802"},{"taxonomy":"post_tag","embeddable":true,"href":"https:\/\/www.elche.es\/va\/wp-json\/wp\/v2\/tags?post=30802"}],"curies":[{"name":"wp","href":"https:\/\/api.w.org\/{rel}","templated":true}]}}