{"id":30826,"date":"2017-07-27T08:30:06","date_gmt":"2017-07-27T07:30:06","guid":{"rendered":"http:\/\/www.elche.es\/va\/2017\/07\/los-presupuestos-participativos-permiten-la-creacion-de-zonas-con-sombra-en-la-plaza-obispo-siure\/"},"modified":"2017-07-27T09:28:56","modified_gmt":"2017-07-27T08:28:56","slug":"los-presupuestos-participativos-permiten-la-creacion-de-zonas-con-sombra-en-la-plaza-obispo-siure","status":"publish","type":"post","link":"https:\/\/www.elche.es\/va\/2017\/07\/los-presupuestos-participativos-permiten-la-creacion-de-zonas-con-sombra-en-la-plaza-obispo-siure\/","title":{"rendered":"Els pressupostos participatius permeten la creaci\u00f3 de zones amb ombra en la pla\u00e7a Bisbe Siuri"},"content":{"rendered":"<blockquote>\n<p style=\"text-align: justify\">L&#8217;actuaci\u00f3 ha costat 37.500 euros i tamb\u00e9 s&#8217;est\u00e0 canviant el cautx\u00fa dels jocs infantils i s&#8217;ha demanat a Manteniment que realitze una capa de pintura en la zona<\/p>\n<\/blockquote>\n<p style=\"text-align: justify\">Felip S\u00e1nchez, regidor de Participaci\u00f3, ha visitat aquest mat\u00ed les zones amb ombra que s&#8217;han instal\u00b7lat en la pla\u00e7a Bisbe Siuri. Aquesta iniciativa s&#8217;ha pogut realitzar gr\u00e0cies als Pressupostos Participatius. Concretament per a aquest projecte es tenien pressupostats 40.000 euros dels quals s&#8217;han gastat finalment 37.500 euros.<\/p>\n<p style=\"text-align: justify\">\u201c\u00c9s una pla\u00e7a complicada, que t\u00e9 un aparcament a sota, per la qual cosa no es pot posar arbratge de gran altura\u201d, ha assenyalat el regidor de Participaci\u00f3, que ha afegit que gr\u00e0cies als Pressupostos Participatius els ve\u00efns van poder presentar aquesta iniciativa que ja s&#8217;ha realitzat.<\/p>\n<p style=\"text-align: justify\">Segons ha explicat Felip S\u00e1nchez, s&#8217;han instal\u00b7lat diverses teles, que s\u00f3n del mateix material que les del Passeig de l&#8217;Estaci\u00f3, cosa per la qual no perdran color i s\u00f3n bastant duradores. \u201cPermet el pas de l&#8217;aigua en cas de pluja i que la pols no s&#8217;acumule\u201d, ha assenyalat el regidor de Participaci\u00f3.<\/p>\n<p style=\"text-align: justify\">A m\u00e9s, tamb\u00e9 s&#8217;est\u00e0 canviant el s\u00f2l de cautx\u00fa de les zones infantils i ja s&#8217;ha parlat amb la regidoria de Manteniment perqu\u00e8 se li done una capa de pintura a la zona.<\/p>\n<p style=\"text-align: justify\"><strong>Pressupostos Participatius<\/strong><\/p>\n<p style=\"text-align: justify\">Dels pressupostos participatius de l&#8217;any 2016 ja s&#8217;han executat 30 propostes, la qual cosa en suposa un 20%. Existeixen altres 30 propostes que estan en execuci\u00f3 o adjudicades i 27 que estan en tr\u00e0mits de contractaci\u00f3, per la qual cosa el 57% de les propostes ja estan engegades si no s&#8217;han realitzat ja.<\/p>\n<p style=\"text-align: justify\">Entre les propostes executades, destaquen l&#8217;estaci\u00f3 de BiciElx a Altabix, els sem\u00e0fors sonors per a invidents, un sem\u00e0for en el Poliesportiu de Carr\u00fas, la il\u00b7luminaci\u00f3 de l&#8217;Skate Park o diverses reformes en centres c\u00edvics.<\/p>\n<p>&nbsp;<\/p>\n","protected":false},"excerpt":{"rendered":"<p>L&#8217;actuaci\u00f3 ha costat 37.500 euros i tamb\u00e9 s&#8217;est\u00e0 canviant el cautx\u00fa dels jocs infantils i s&#8217;ha demanat a Manteniment que realitze una capa de pintura en la zona Felip S\u00e1nchez, [&hellip;]<\/p>\n","protected":false},"author":131,"featured_media":30820,"comment_status":"closed","ping_status":"closed","sticky":false,"template":"","format":"standard","meta":{"footnotes":""},"categories":[208],"tags":[],"class_list":["post-30826","post","type-post","status-publish","format-standard","has-post-thumbnail","hentry","category-participacio-ciutadana-va"],"_links":{"self":[{"href":"https:\/\/www.elche.es\/va\/wp-json\/wp\/v2\/posts\/30826","targetHints":{"allow":["GET"]}}],"collection":[{"href":"https:\/\/www.elche.es\/va\/wp-json\/wp\/v2\/posts"}],"about":[{"href":"https:\/\/www.elche.es\/va\/wp-json\/wp\/v2\/types\/post"}],"author":[{"embeddable":true,"href":"https:\/\/www.elche.es\/va\/wp-json\/wp\/v2\/users\/131"}],"replies":[{"embeddable":true,"href":"https:\/\/www.elche.es\/va\/wp-json\/wp\/v2\/comments?post=30826"}],"version-history":[{"count":0,"href":"https:\/\/www.elche.es\/va\/wp-json\/wp\/v2\/posts\/30826\/revisions"}],"wp:featuredmedia":[{"embeddable":true,"href":"https:\/\/www.elche.es\/va\/wp-json\/wp\/v2\/media\/30820"}],"wp:attachment":[{"href":"https:\/\/www.elche.es\/va\/wp-json\/wp\/v2\/media?parent=30826"}],"wp:term":[{"taxonomy":"category","embeddable":true,"href":"https:\/\/www.elche.es\/va\/wp-json\/wp\/v2\/categories?post=30826"},{"taxonomy":"post_tag","embeddable":true,"href":"https:\/\/www.elche.es\/va\/wp-json\/wp\/v2\/tags?post=30826"}],"curies":[{"name":"wp","href":"https:\/\/api.w.org\/{rel}","templated":true}]}}