{"id":30836,"date":"2017-07-27T08:49:49","date_gmt":"2017-07-27T07:49:49","guid":{"rendered":"http:\/\/www.elche.es\/va\/2017\/07\/corte-total-c-sant-vicent\/"},"modified":"2017-07-27T09:37:20","modified_gmt":"2017-07-27T08:37:20","slug":"corte-total-c-sant-vicent","status":"publish","type":"post","link":"https:\/\/www.elche.es\/va\/2017\/07\/corte-total-c-sant-vicent\/","title":{"rendered":"Tall total c\/ Sant Vicent"},"content":{"rendered":"<p style=\"text-align: justify\">El Departament de Senyalitzaci\u00f3 i Seguretat Vi\u00e0ria comunica que el pr\u00f2xim dia 31 de juliol, en horari compr\u00e9s entre les 09.30 hores i les 15.30 hores, es tallar\u00e0 totalment al tr\u00e0nsit rodat el c\/ Sant Vicent en el seu tram compr\u00e9s entre els carrers Doctor Jim\u00e9nez D\u00edaz i Porta d&#8217;Alacant, per motiu de treballs en xarxa de clavegueram.<\/p>\n<p style=\"text-align: justify\">Es realitzar\u00e0 el desviament alternatiu del tr\u00e0nsit pel carrer Doctor Jim\u00e9nez D\u00edaz i Lu\u00eds Gonzaga Llorente.<\/p>\n","protected":false},"excerpt":{"rendered":"<p>El Departament de Senyalitzaci\u00f3 i Seguretat Vi\u00e0ria comunica que el pr\u00f2xim dia 31 de juliol, en horari compr\u00e9s entre les 09.30 hores i les 15.30 hores, es tallar\u00e0 totalment al [&hellip;]<\/p>\n","protected":false},"author":77,"featured_media":30832,"comment_status":"closed","ping_status":"closed","sticky":false,"template":"","format":"standard","meta":{"footnotes":""},"categories":[882,1323],"tags":[],"class_list":["post-30836","post","type-post","status-publish","format-standard","has-post-thumbnail","hentry","category-incidencies-i-avisos","category-policia-local-trafico-va"],"_links":{"self":[{"href":"https:\/\/www.elche.es\/va\/wp-json\/wp\/v2\/posts\/30836","targetHints":{"allow":["GET"]}}],"collection":[{"href":"https:\/\/www.elche.es\/va\/wp-json\/wp\/v2\/posts"}],"about":[{"href":"https:\/\/www.elche.es\/va\/wp-json\/wp\/v2\/types\/post"}],"author":[{"embeddable":true,"href":"https:\/\/www.elche.es\/va\/wp-json\/wp\/v2\/users\/77"}],"replies":[{"embeddable":true,"href":"https:\/\/www.elche.es\/va\/wp-json\/wp\/v2\/comments?post=30836"}],"version-history":[{"count":0,"href":"https:\/\/www.elche.es\/va\/wp-json\/wp\/v2\/posts\/30836\/revisions"}],"wp:featuredmedia":[{"embeddable":true,"href":"https:\/\/www.elche.es\/va\/wp-json\/wp\/v2\/media\/30832"}],"wp:attachment":[{"href":"https:\/\/www.elche.es\/va\/wp-json\/wp\/v2\/media?parent=30836"}],"wp:term":[{"taxonomy":"category","embeddable":true,"href":"https:\/\/www.elche.es\/va\/wp-json\/wp\/v2\/categories?post=30836"},{"taxonomy":"post_tag","embeddable":true,"href":"https:\/\/www.elche.es\/va\/wp-json\/wp\/v2\/tags?post=30836"}],"curies":[{"name":"wp","href":"https:\/\/api.w.org\/{rel}","templated":true}]}}