{"id":30860,"date":"2017-08-01T08:06:23","date_gmt":"2017-08-01T07:06:23","guid":{"rendered":"http:\/\/www.elche.es\/va\/?p=30860"},"modified":"2022-10-14T09:48:41","modified_gmt":"2022-10-14T08:48:41","slug":"agost-la-festa-mes-dolca","status":"publish","type":"post","link":"https:\/\/www.elche.es\/va\/2017\/08\/agost-la-festa-mes-dolca\/","title":{"rendered":"Agost: La Festa m\u00e9s dol\u00e7a"},"content":{"rendered":"<div class=\"wpb-content-wrapper\"><p>[vc_row][vc_column]\r\n        <p>\r\n        <span class=\"enlaces-titulo\"> AHME. Sign. H-189-4 <\/span> <span><a class=\"enlaces-link\" target='_blank'href=\"https:\/\/www.elche.es\/wp-content\/uploads\/2022\/10\/pdf-agosto-1.pdf \">Veure enlla\u00e7<\/a><\/span>\r\n        <br>\r\n        <span class=\"enlaces-descripcion\"><\/span>\r\n        <\/p>\r\n        <hr class=\"enlaces-separador\">\r\n        [\/vc_column][\/vc_row][vc_row][vc_column][vc_column_text]<\/p>\n<p style=\"text-align: justify\"><a href=\"https:\/\/www.elche.es\/wp-content\/uploads\/2017\/07\/dulces1p.jpg\"><img loading=\"lazy\" decoding=\"async\" class=\"alignleft size-medium wp-image-30852\" src=\"https:\/\/www.elche.es\/wp-content\/uploads\/2017\/07\/dulces1p-203x300.jpg\" alt=\"dulces1p\" width=\"203\" height=\"300\" srcset=\"https:\/\/www.elche.es\/wp-content\/uploads\/2017\/07\/dulces1p-203x300.jpg 203w, https:\/\/www.elche.es\/wp-content\/uploads\/2017\/07\/dulces1p-768x1137.jpg 768w, https:\/\/www.elche.es\/wp-content\/uploads\/2017\/07\/dulces1p-692x1024.jpg 692w\" sizes=\"auto, (max-width: 203px) 100vw, 203px\" \/><\/a>El control dels pressupostos ha sigut hist\u00f2ricament una de les preocupacions principals de les institucions municipals. Durant l&#8217;edat moderna, el clavari era l&#8217;encarregat de les q\u00fcestions econ\u00f2miques del municipi i entre les seues funcions hi havia anotar els ingressos que es rebien i, per descomptat, tamb\u00e9 les despeses que eren sufragades, que inclo\u00efen no sols el pagament de salaris als oficials, sin\u00f3 tamb\u00e9 unes altres partides com ara les destinades a educaci\u00f3, sanitat o benefic\u00e8ncia. Generalment, tamb\u00e9 eren els municipis els responsables de fer front a les despeses de les festivitats, civils o religioses, que marcaven el calendari anual. \u00c9s habitual, per tant, trobar documentaci\u00f3 a l&#8217;AHME relacionada amb les despeses de La Festa a partir de l&#8217;any 1609, any en qu\u00e8 el Consell comen\u00e7a a implicar-se d&#8217;una manera m\u00e9s directa amb l&#8217;organitzaci\u00f3 i el finan\u00e7ament de la festa m\u00e9s important del calendari il\u2022licit\u00e0 celebrada en honor a la patrona del municipi, la Mare de D\u00e9u de l&#8217;Assumpci\u00f3.<\/p>\n<p style=\"text-align: justify\">Les despeses de La Festa estaran presents en els comptes de Clavaria fins a les d\u00e8cades finals del segle XVIII, quan el monarca Carles III, conegut per les seues mesures reformistes de car\u00e0cter il\u2022lustrat, va introduir una s\u00e8rie de canvis en les institucions municipals a fi d&#8217;aconseguir-ne una major centralitzaci\u00f3, creant, en el Consell de Castella, la Comptadoria General de Propis i Arbitris, encarregada, a partir del 1760, dels assumptes d&#8217;\u00edndole econ\u00f2mica. Les reformes, que van comen\u00e7ar a aplicar-se en aquest territori quasi una d\u00e8cada despr\u00e9s, contemplaven tota una s\u00e8rie de lleis i disposicions que obligaven els municipis a ser molt m\u00e9s minuciosos a l&#8217;hora de recaptar els diferents impostos i ingressos, anotant-ho tot segons una norma comptable molt clara de manera que, a partir d&#8217;aquest moment, el nivell de detall dels comptes augmentar\u00e0 considerablement.<\/p>\n<p style=\"text-align: justify\">El document del mes que presentem\u00b9\u00a0 \u00e9s un extracte dels comptes de Propis i Arbitris en qu\u00e8 l&#8217;encarregat de les finances municipals durant l&#8217;any 1817, el majordorm depositari Jos\u00e9 Agull\u00f3, enumerava les despeses i els ingressos en les arques municipals i, tamb\u00e9, les de La Festa. Gr\u00e0cies a aquestes anotacions sabem els noms de totes les persones que van participar en la celebraci\u00f3: des dels preveres encarregats de la missa, els vigilants de les portes, els m\u00fasics o els cantors, fins als artesans encarregats del muntatge de l&#8217;escenari. Juntament amb els salaris en moneda es repartien uns altres pagaments en esp\u00e8cie com ara les \u201cpesadas de dulces\u201d -que reprodu\u00efm- on s&#8217;anoten les porcions de dol\u00e7 que es lliuraven segons la funci\u00f3 dels diferents empleats.<\/p>\n<p style=\"text-align: justify\">El que m\u00e9s salari de dol\u00e7 cobrava era \u201cel maestro por ense\u00f1ar, el \u00c1ngel, Mar\u00edas y Coronaci\u00f3n\u201d, amb sis pesades de dol\u00e7. Li seguien, amb quatre pesades, els homes que feien el paper de sant Pere, sant Joan i el Ternari. Amb tres: els cavallers electes, substituts, el cavaller portaestendard i els ministrers. Amb dues: ap\u00f2stols, m\u00fasics, \u00e0ngel major, les Maries, l&#8217;Araceli, la Coronaci\u00f3 i les persones encarregades de tindre-ho tot a punt, com el que componia la palma, les cambreres, les persones encarregades de vestir els actors o pentinar les perruques, els que muntaven el taulat, armaven el llit o tocaven les marxes en la process\u00f3. Finalment, amb una pesada: els \u00e0ngels de coix\u00ed i els de manto, els que cantaven els motets o la persona que donava el to a l\u2019\u00e0ngel.<\/p>\n<p style=\"text-align: justify\">La llista es completa amb l&#8217;anotaci\u00f3 de les despeses destinades a \u201ccaramels per als ap\u00f2stols\u201d, valorades en 4 lliures, i bescuits tamb\u00e9 per a ells amb un dispendi de sis lliures m\u00e9s.<\/p>\n<p style=\"text-align: justify\">Aquest compte de Propis i Arbitris del 1817 t\u00e9 un valor afegit dins dels documents custodiats a l&#8217;Arxiu, perqu\u00e8 \u00e9s l&#8217;\u00fanic exemplar que es conserva del per\u00edode compr\u00e9s entre els anys 1808-1819.<\/p>\n<p style=\"text-align: justify\">[1] AHME. Documentaci\u00f3n Municipal. 1818. <em>C\u00f2pia dels comptes corresponents a l\u2019any 1817<\/em>. Sign.: H 189, n\u00ba 4, ff. 38-40<\/p>\n<p>[\/vc_column_text][\/vc_column][\/vc_row]<\/p>\n<\/div>","protected":false},"excerpt":{"rendered":"<p>[vc_row][vc_column][\/vc_column][\/vc_row][vc_row][vc_column][vc_column_text] El control dels pressupostos ha sigut hist\u00f2ricament una de les preocupacions principals de les institucions municipals. Durant l&#8217;edat moderna, el clavari era l&#8217;encarregat de les q\u00fcestions econ\u00f2miques del municipi [&hellip;]<\/p>\n","protected":false},"author":131,"featured_media":30862,"comment_status":"closed","ping_status":"closed","sticky":false,"template":"","format":"standard","meta":{"footnotes":""},"categories":[192,193],"tags":[450,406],"class_list":["post-30860","post","type-post","status-publish","format-standard","has-post-thumbnail","hentry","category-arxiu","category-cultura-va","tag-ahme-va","tag-elche-va"],"_links":{"self":[{"href":"https:\/\/www.elche.es\/va\/wp-json\/wp\/v2\/posts\/30860","targetHints":{"allow":["GET"]}}],"collection":[{"href":"https:\/\/www.elche.es\/va\/wp-json\/wp\/v2\/posts"}],"about":[{"href":"https:\/\/www.elche.es\/va\/wp-json\/wp\/v2\/types\/post"}],"author":[{"embeddable":true,"href":"https:\/\/www.elche.es\/va\/wp-json\/wp\/v2\/users\/131"}],"replies":[{"embeddable":true,"href":"https:\/\/www.elche.es\/va\/wp-json\/wp\/v2\/comments?post=30860"}],"version-history":[{"count":0,"href":"https:\/\/www.elche.es\/va\/wp-json\/wp\/v2\/posts\/30860\/revisions"}],"wp:featuredmedia":[{"embeddable":true,"href":"https:\/\/www.elche.es\/va\/wp-json\/wp\/v2\/media\/30862"}],"wp:attachment":[{"href":"https:\/\/www.elche.es\/va\/wp-json\/wp\/v2\/media?parent=30860"}],"wp:term":[{"taxonomy":"category","embeddable":true,"href":"https:\/\/www.elche.es\/va\/wp-json\/wp\/v2\/categories?post=30860"},{"taxonomy":"post_tag","embeddable":true,"href":"https:\/\/www.elche.es\/va\/wp-json\/wp\/v2\/tags?post=30860"}],"curies":[{"name":"wp","href":"https:\/\/api.w.org\/{rel}","templated":true}]}}