{"id":309934,"date":"2024-09-05T13:40:28","date_gmt":"2024-09-05T11:40:28","guid":{"rendered":"https:\/\/www.elche.es\/2024\/09\/comenca-la-renovacio-de-voreres-al-barri-de-carrus\/"},"modified":"2024-09-05T13:40:29","modified_gmt":"2024-09-05T11:40:29","slug":"comenca-la-renovacio-de-voreres-al-barri-de-carrus","status":"publish","type":"post","link":"https:\/\/www.elche.es\/va\/2024\/09\/comenca-la-renovacio-de-voreres-al-barri-de-carrus\/","title":{"rendered":"Comen\u00e7a la renovaci\u00f3 de voreres al barri de Carr\u00fas"},"content":{"rendered":"<div class=\"wpb-content-wrapper\"><p>[vc_row el_id=&#8221;SUBTITULAR_NOTICIA&#8221;][vc_column][vc_column_text]<\/p>\n<hr \/>\n<h4>S&#8217;est\u00e0 actuant principalment als carrers Despertar Femen\u00ed, Pare Palau i Vega Baixa amb la finalitat de millorar els desperfectes que patien els carrers, una reivindicaci\u00f3 dels seus ve\u00efns<\/h4>\n<hr \/>\n<p>[\/vc_column_text][\/vc_column][\/vc_row][vc_row el_id=&#8221;TEXTO_NOTICIA&#8221;][vc_column][vc_column_text]L&#8217;Ajuntament d&#8217;Elx, a trav\u00e9s de la Regidoria de Contractaci\u00f3 i Espais P\u00fablics, ha posat en marxa el <strong>contracte per a la renovaci\u00f3 i millores de les voreres en tot el municipi.<\/strong><\/p>\n<p>Aix\u00ed ho ha explicat el <strong>regidor de l&#8217;\u00e0rea, Claudio Guilabert<\/strong>, \u201ccomencem pel barri de Carr\u00fas, concretament als carrers Despertar Femen\u00ed, Pare Palau i Vega Baixa complint aix\u00ed amb una reivindicaci\u00f3 hist\u00f2rica dels ve\u00efns de la zona que veuran millorades les seues voreres\u201d.[\/vc_column_text][\/vc_column][\/vc_row][vc_row type=&#8221;flexslider_slide&#8221; interval=&#8221;5&#8243; source=&#8221;media_library&#8221; images=&#8221;&#8221; img_size=&#8221;full&#8221; external_img_size=&#8221;&#8221; onclick=&#8221;link_image&#8221; custom_links_target=&#8221;_self&#8221; el_class=&#8221;galerianoticia&#8221; title=&#8221;&#8221; custom_srcs=&#8221;&#8221; custom_links=&#8221;&#8221;][vc_column][vc_gallery type=&#8221;flexslider_slide&#8221; interval=&#8221;5&#8243; images=&#8221;309849,309851,309853&#8243; img_size=&#8221;full&#8221; el_class=&#8221;galerianoticia&#8221;][\/vc_column][\/vc_row][vc_row][vc_column][vc_column_text]<strong>Les obres tenen el principal objectiu de recuperar l&#8217;operativitat de les voreres que es trobaven desgastades i en mal estat pel seu \u00fas quotidi\u00e0<\/strong>, amb superf\u00edcie picada, foradada o fissurada, un inconvenient per a aquells que residixen en eixos carrers. Actuacions per a la renovaci\u00f3 de Carr\u00fas que se sumen a les ja anunciades al carrer Jos\u00e9 Garc\u00eda Ferr\u00e1ndez i en l&#8217;avinguda Ausi\u00e0s March.<\/p>\n<p>Guilabert ha anunciat que no ser\u00e0 l&#8217;\u00fanica actuaci\u00f3 d\u2019esta mena que es duga a terme al municipi ja que <strong>es milloraran les voreres dels carrers Miguel de Unamuno, Alboraia, Portalada i \u00c0nimes<\/strong>. Les millores arribaran tamb\u00e9 al barri d&#8217;Altabix, al Pla-Sector V i a les pedanies.[\/vc_column_text][\/vc_column][\/vc_row][vc_row el_id=&#8221;DESTACADO_NOTICIA&#8221;][vc_column][vc_column_text el_class=&#8221;cuadronoticia&#8221;]<\/p>\n<h5>La renovaci\u00f3 de les voreres continuar\u00e0 als barris d&#8217;Altabix, Portalada i Pla-Sector V, aix\u00ed com en pedanies<\/h5>\n<p>[\/vc_column_text][\/vc_column][\/vc_row][vc_row el_id=&#8221;TEXTO_FIN_NOTICIA&#8221;][vc_column][vc_column_text]Concretament, el <strong>contracte de voreres destinar\u00e0 350.000 euros a l&#8217;adequaci\u00f3 dels carrers de la ciutat d&#8217;Elx i 150.000 euros<\/strong> a la millora de voreres en les pedanies.<\/p>\n<p>\u201cContinuem millorant el nostre espai p\u00fablic perqu\u00e8 \u00e9s una <strong>prioritat per a nosaltres facilitar la vida a tots els il\u00b7licitans i fer que se senten orgullosos de la seua ciutat<\/strong>\u201d ha concl\u00f2s Claudio Guilabert.<\/p>\n<hr \/>\n<p>&nbsp;<\/p>\n<p>[\/vc_column_text][\/vc_column][\/vc_row][vc_row][vc_column width=&#8221;1\/6&#8243;][\/vc_column][vc_column width=&#8221;2\/3&#8243;]<audio class=\"sc_audio\" src=\"https:\/\/soundcloud.com\/ayuntamiento-de-elche\/inicio-del-plan-de-renovacion-de-aceras?si=707405fec4a4485ab7b508c64e5b3329&#038;utm_source=clipboard&#038;utm_medium=text&#038;utm_campaign=social_sharing\" width=\"\" height=\"\"><\/audio>[\/vc_column][vc_column width=&#8221;1\/6&#8243;][\/vc_column][\/vc_row]<\/p>\n<\/div>","protected":false},"excerpt":{"rendered":"<p>[vc_row el_id=&#8221;SUBTITULAR_NOTICIA&#8221;][vc_column][vc_column_text] S&#8217;est\u00e0 actuant principalment als carrers Despertar Femen\u00ed, Pare Palau i Vega Baixa amb la finalitat de millorar els desperfectes que patien els carrers, una reivindicaci\u00f3 dels seus ve\u00efns [&hellip;]<\/p>\n","protected":false},"author":131,"featured_media":309856,"comment_status":"closed","ping_status":"closed","sticky":false,"template":"","format":"standard","meta":{"footnotes":""},"categories":[391,1312,1277],"tags":[],"class_list":["post-309934","post","type-post","status-publish","format-standard","has-post-thumbnail","hentry","category-home-va","category-noticias-va","category-via-publica-va"],"_links":{"self":[{"href":"https:\/\/www.elche.es\/va\/wp-json\/wp\/v2\/posts\/309934","targetHints":{"allow":["GET"]}}],"collection":[{"href":"https:\/\/www.elche.es\/va\/wp-json\/wp\/v2\/posts"}],"about":[{"href":"https:\/\/www.elche.es\/va\/wp-json\/wp\/v2\/types\/post"}],"author":[{"embeddable":true,"href":"https:\/\/www.elche.es\/va\/wp-json\/wp\/v2\/users\/131"}],"replies":[{"embeddable":true,"href":"https:\/\/www.elche.es\/va\/wp-json\/wp\/v2\/comments?post=309934"}],"version-history":[{"count":2,"href":"https:\/\/www.elche.es\/va\/wp-json\/wp\/v2\/posts\/309934\/revisions"}],"predecessor-version":[{"id":309936,"href":"https:\/\/www.elche.es\/va\/wp-json\/wp\/v2\/posts\/309934\/revisions\/309936"}],"wp:featuredmedia":[{"embeddable":true,"href":"https:\/\/www.elche.es\/va\/wp-json\/wp\/v2\/media\/309856"}],"wp:attachment":[{"href":"https:\/\/www.elche.es\/va\/wp-json\/wp\/v2\/media?parent=309934"}],"wp:term":[{"taxonomy":"category","embeddable":true,"href":"https:\/\/www.elche.es\/va\/wp-json\/wp\/v2\/categories?post=309934"},{"taxonomy":"post_tag","embeddable":true,"href":"https:\/\/www.elche.es\/va\/wp-json\/wp\/v2\/tags?post=309934"}],"curies":[{"name":"wp","href":"https:\/\/api.w.org\/{rel}","templated":true}]}}