{"id":31025,"date":"2017-07-28T14:03:29","date_gmt":"2017-07-28T13:03:29","guid":{"rendered":"http:\/\/www.elche.es\/va\/2017\/07\/unidad-de-medio-ambiente-interviene-en-un-posible-caso-de-abandono-de-una-yegua\/"},"modified":"2017-07-31T07:03:26","modified_gmt":"2017-07-31T06:03:26","slug":"unidad-de-medio-ambiente-interviene-en-un-posible-caso-de-abandono-de-una-yegua","status":"publish","type":"post","link":"https:\/\/www.elche.es\/va\/2017\/07\/unidad-de-medio-ambiente-interviene-en-un-posible-caso-de-abandono-de-una-yegua\/","title":{"rendered":"Unitat de Medi Ambient interv\u00e9 en un possible cas d&#8217;abandonament d&#8217;una egua"},"content":{"rendered":"<p style=\"text-align: justify\">Es va requerir la pres\u00e8ncia urgent de la veterin\u00e0ria del &#8216;explotaci\u00f3 ramadera a petici\u00f3 de la Unitat de Medi ambient, i es va acordar el sacrifici de l&#8217;animal.<\/p>\n<p style=\"text-align: justify\">El passat dia 27 de juny a les 08.30 hores, la unitat de Medi ambient de la Policia Local va rebre av\u00eds del deplorable estat d&#8217;abandonament en el qual es trobava un cavall en la pedania de la Marina. Despla\u00e7ada la patrulla fins a l&#8217;explotaci\u00f3 ramadera, localitzen l&#8217;animal, tombat a terra i amb evidents signes de desnutrici\u00f3, envoltada de restes d&#8217;excrements, orines i gran quantitat de brut\u00edcia. Una vegada localitzat el titular, va manifestar als agents que es tractava d&#8217;una egua d&#8217;avan\u00e7ada edat, que portava diverses setmanes malalta i no menjava en els \u00faltims dies. Els actuants van procedir a comprovar la documentaci\u00f3 de l&#8217;equ\u00ed i a requerir d&#8217;urg\u00e8ncia la veterin\u00e0ria de l&#8217;explotaci\u00f3.<\/p>\n<p style=\"text-align: justify\">La col\u00b7legiada va assenyalar que quan va realitzar el control del lloc, l&#8217;egua es trobava en perfectes condicions i que, si b\u00e9 era un animal vell, era innecessari sotmetre&#8217;l a aquest sofriment. Quedant a l&#8217;espera de la seua valoraci\u00f3 professional en els dies seg\u00fcents, es va acordar amb el propietari el sacrifici de l&#8217;animal d&#8217;acord a la legislaci\u00f3 vigent. L&#8217;informe de les actuacions ha sigut rem\u00e9s a la Conselleria de Medi ambient per a la seua valoraci\u00f3 per un presumpte cas d&#8217;abandonament o maltracte animal per a la seua valoraci\u00f3 penal.<\/p>\n","protected":false},"excerpt":{"rendered":"<p>Es va requerir la pres\u00e8ncia urgent de la veterin\u00e0ria del &#8216;explotaci\u00f3 ramadera a petici\u00f3 de la Unitat de Medi ambient, i es va acordar el sacrifici de l&#8217;animal. El passat [&hellip;]<\/p>\n","protected":false},"author":77,"featured_media":31023,"comment_status":"closed","ping_status":"closed","sticky":false,"template":"","format":"standard","meta":{"footnotes":""},"categories":[238],"tags":[],"class_list":["post-31025","post","type-post","status-publish","format-standard","has-post-thumbnail","hentry","category-policia-local-va"],"_links":{"self":[{"href":"https:\/\/www.elche.es\/va\/wp-json\/wp\/v2\/posts\/31025","targetHints":{"allow":["GET"]}}],"collection":[{"href":"https:\/\/www.elche.es\/va\/wp-json\/wp\/v2\/posts"}],"about":[{"href":"https:\/\/www.elche.es\/va\/wp-json\/wp\/v2\/types\/post"}],"author":[{"embeddable":true,"href":"https:\/\/www.elche.es\/va\/wp-json\/wp\/v2\/users\/77"}],"replies":[{"embeddable":true,"href":"https:\/\/www.elche.es\/va\/wp-json\/wp\/v2\/comments?post=31025"}],"version-history":[{"count":0,"href":"https:\/\/www.elche.es\/va\/wp-json\/wp\/v2\/posts\/31025\/revisions"}],"wp:featuredmedia":[{"embeddable":true,"href":"https:\/\/www.elche.es\/va\/wp-json\/wp\/v2\/media\/31023"}],"wp:attachment":[{"href":"https:\/\/www.elche.es\/va\/wp-json\/wp\/v2\/media?parent=31025"}],"wp:term":[{"taxonomy":"category","embeddable":true,"href":"https:\/\/www.elche.es\/va\/wp-json\/wp\/v2\/categories?post=31025"},{"taxonomy":"post_tag","embeddable":true,"href":"https:\/\/www.elche.es\/va\/wp-json\/wp\/v2\/tags?post=31025"}],"curies":[{"name":"wp","href":"https:\/\/api.w.org\/{rel}","templated":true}]}}