{"id":31032,"date":"2017-07-28T14:00:27","date_gmt":"2017-07-28T13:00:27","guid":{"rendered":"http:\/\/www.elche.es\/va\/2017\/07\/identificados-por-vandalismo-a-contenedores-y-desobediencia\/"},"modified":"2017-07-31T07:12:57","modified_gmt":"2017-07-31T06:12:57","slug":"identificados-por-vandalismo-a-contenedores-y-desobediencia","status":"publish","type":"post","link":"https:\/\/www.elche.es\/va\/2017\/07\/identificados-por-vandalismo-a-contenedores-y-desobediencia\/","title":{"rendered":"Identificats per vandalisme en contenidors i desobedi\u00e8ncia"},"content":{"rendered":"<p style=\"text-align: justify\">Dels tres implicats, dos s\u00f3n menors, i han sigut denunciats per la Llei Org\u00e0nica de Protecci\u00f3 de la Seguretat Ciutadana i posats a disposici\u00f3 dels seus tutors legals.<\/p>\n<p style=\"text-align: justify\">El dia 24 de juliol a les 02.00 hores, els ve\u00efns de la zona de l&#8217;avinguda de Pere Joan Perpiny\u00e0 van alertar a la Sala d&#8217;Operacions de Policia Local sobre diversos joves que estaven col\u00b7locant contenidors en la meitat de la via amb risc per a la circulaci\u00f3.<\/p>\n<p style=\"text-align: justify\">A l&#8217;arribada de les patrulles, van trobar diversos contenidors de recollida de residus en la cal\u00e7ada tal com advertien les telefonades, i van donar els presents la descripci\u00f3 f\u00edsica dels autors als agents. Despr\u00e9s d&#8217;inspeccionar diversos carrers que havien patit la mateixa acci\u00f3, van ser sorpresos en el carrer Torres Quevedo espentant els contenidors d&#8217;aquest punt.<\/p>\n<p style=\"text-align: justify\">Els tres implicats van ser traslladats a Comissaria a l&#8217;efecte d&#8217;identificaci\u00f3\u00a0 ja que no estaven documentats, sent manifesta la seua falta de col\u00b7laboraci\u00f3 en aquesta identificaci\u00f3 i amb desobedi\u00e8ncia a les indicacions dels agents de Policia Local. Per aix\u00f2 es va procedir a la den\u00fancia per la Llei Org\u00e0nica de Protecci\u00f3 Ciutadana, tant pels actes comesos com per la insistent desobedi\u00e8ncia, i es va fer c\u00e0rrec dels dos menors la mare d&#8217;un d&#8217;ells. Els serveis de neteja van col\u00b7locar en el seu lloc original els elements manipulats.<\/p>\n","protected":false},"excerpt":{"rendered":"<p>Dels tres implicats, dos s\u00f3n menors, i han sigut denunciats per la Llei Org\u00e0nica de Protecci\u00f3 de la Seguretat Ciutadana i posats a disposici\u00f3 dels seus tutors legals. El dia [&hellip;]<\/p>\n","protected":false},"author":77,"featured_media":30362,"comment_status":"closed","ping_status":"closed","sticky":false,"template":"","format":"standard","meta":{"footnotes":""},"categories":[238],"tags":[],"class_list":["post-31032","post","type-post","status-publish","format-standard","has-post-thumbnail","hentry","category-policia-local-va"],"_links":{"self":[{"href":"https:\/\/www.elche.es\/va\/wp-json\/wp\/v2\/posts\/31032","targetHints":{"allow":["GET"]}}],"collection":[{"href":"https:\/\/www.elche.es\/va\/wp-json\/wp\/v2\/posts"}],"about":[{"href":"https:\/\/www.elche.es\/va\/wp-json\/wp\/v2\/types\/post"}],"author":[{"embeddable":true,"href":"https:\/\/www.elche.es\/va\/wp-json\/wp\/v2\/users\/77"}],"replies":[{"embeddable":true,"href":"https:\/\/www.elche.es\/va\/wp-json\/wp\/v2\/comments?post=31032"}],"version-history":[{"count":0,"href":"https:\/\/www.elche.es\/va\/wp-json\/wp\/v2\/posts\/31032\/revisions"}],"wp:featuredmedia":[{"embeddable":true,"href":"https:\/\/www.elche.es\/va\/wp-json\/wp\/v2\/media\/30362"}],"wp:attachment":[{"href":"https:\/\/www.elche.es\/va\/wp-json\/wp\/v2\/media?parent=31032"}],"wp:term":[{"taxonomy":"category","embeddable":true,"href":"https:\/\/www.elche.es\/va\/wp-json\/wp\/v2\/categories?post=31032"},{"taxonomy":"post_tag","embeddable":true,"href":"https:\/\/www.elche.es\/va\/wp-json\/wp\/v2\/tags?post=31032"}],"curies":[{"name":"wp","href":"https:\/\/api.w.org\/{rel}","templated":true}]}}