{"id":31043,"date":"2017-07-28T13:58:25","date_gmt":"2017-07-28T12:58:25","guid":{"rendered":"http:\/\/www.elche.es\/va\/2017\/07\/se-intercepta-a-tres-individuos-tras-forzar-acceso-a-un-campo-en-pena-de-las-aguilas\/"},"modified":"2017-07-31T07:31:02","modified_gmt":"2017-07-31T06:31:02","slug":"se-intercepta-a-tres-individuos-tras-forzar-acceso-a-un-campo-en-pena-de-las-aguilas","status":"publish","type":"post","link":"https:\/\/www.elche.es\/va\/2017\/07\/se-intercepta-a-tres-individuos-tras-forzar-acceso-a-un-campo-en-pena-de-las-aguilas\/","title":{"rendered":"Tres individus s\u00f3n interceptats despr\u00e9s de for\u00e7ar acc\u00e9s a un camp a Penya de les \u00c0guiles"},"content":{"rendered":"<p style=\"text-align: justify\">Els autors van ser interceptats per la patrulla en la N340 quan abandonaven el lloc en un vehicle.<\/p>\n<p style=\"text-align: justify\">El dia 20 de juliol a les 22.30 hores es va rebre av\u00eds per la pres\u00e8ncia de tres individus que accedien a una casa de camp a Penya de les \u00c0guiles i que, en ser descoberts, havien fugit en un turisme. Es van despla\u00e7ar al lloc diverses patrulles.<\/p>\n<p style=\"text-align: justify\">El propietari de l&#8217;habitatge va poder comprovar com l&#8217;acc\u00e9s estava for\u00e7at i l&#8217;interior regirat. Mentrestant, en la N340, una patrulla de la Brigada Nocturna va observar un vehicle que abandonava el lloc i va procedir a donar-li l&#8217;alt en coincidir marca, model i color amb les caracter\u00edstiques facilitades pels ve\u00efns. Despr\u00e9s de realitzar les gestions oportunes es va confirmar que es tractava de les persones que havien violentat el cadenat d&#8217;acc\u00e9s a la finca, fets que van recon\u00e9ixer ells mateixos.<\/p>\n<p style=\"text-align: justify\">En la mateixa intervenci\u00f3 se&#8217;ls va intervenir diverses eines que portaven en el maleter, amb les quals possiblement van dur a terme el trencament de cadenats i pany. De cara al per\u00edode estival, el refor\u00e7 dels controls en les zones rurals s&#8217;ha vist recompensat amb diverses detencions i desenes d&#8217;identificacions d&#8217;individus i vehicles, que en molts casos hagueren passat desapercebuts. No obstant aix\u00f2, la col\u00b7laboraci\u00f3 ciutadana \u00e9s un element clau en l&#8217;efica\u00e7 actuaci\u00f3 policial.<\/p>\n","protected":false},"excerpt":{"rendered":"<p>Els autors van ser interceptats per la patrulla en la N340 quan abandonaven el lloc en un vehicle. El dia 20 de juliol a les 22.30 hores es va rebre [&hellip;]<\/p>\n","protected":false},"author":77,"featured_media":30211,"comment_status":"closed","ping_status":"closed","sticky":false,"template":"","format":"standard","meta":{"footnotes":""},"categories":[238],"tags":[],"class_list":["post-31043","post","type-post","status-publish","format-standard","has-post-thumbnail","hentry","category-policia-local-va"],"_links":{"self":[{"href":"https:\/\/www.elche.es\/va\/wp-json\/wp\/v2\/posts\/31043","targetHints":{"allow":["GET"]}}],"collection":[{"href":"https:\/\/www.elche.es\/va\/wp-json\/wp\/v2\/posts"}],"about":[{"href":"https:\/\/www.elche.es\/va\/wp-json\/wp\/v2\/types\/post"}],"author":[{"embeddable":true,"href":"https:\/\/www.elche.es\/va\/wp-json\/wp\/v2\/users\/77"}],"replies":[{"embeddable":true,"href":"https:\/\/www.elche.es\/va\/wp-json\/wp\/v2\/comments?post=31043"}],"version-history":[{"count":0,"href":"https:\/\/www.elche.es\/va\/wp-json\/wp\/v2\/posts\/31043\/revisions"}],"wp:featuredmedia":[{"embeddable":true,"href":"https:\/\/www.elche.es\/va\/wp-json\/wp\/v2\/media\/30211"}],"wp:attachment":[{"href":"https:\/\/www.elche.es\/va\/wp-json\/wp\/v2\/media?parent=31043"}],"wp:term":[{"taxonomy":"category","embeddable":true,"href":"https:\/\/www.elche.es\/va\/wp-json\/wp\/v2\/categories?post=31043"},{"taxonomy":"post_tag","embeddable":true,"href":"https:\/\/www.elche.es\/va\/wp-json\/wp\/v2\/tags?post=31043"}],"curies":[{"name":"wp","href":"https:\/\/api.w.org\/{rel}","templated":true}]}}