{"id":310826,"date":"2024-09-13T13:43:37","date_gmt":"2024-09-13T11:43:37","guid":{"rendered":"https:\/\/www.elche.es\/2024\/09\/la-programacio-de-setembre-de-biblioteques-arriba-amb-activitats-en-angles-per-a-bebes-d1-i-2-anys\/"},"modified":"2024-09-13T13:43:38","modified_gmt":"2024-09-13T11:43:38","slug":"la-programacio-de-setembre-de-biblioteques-arriba-amb-activitats-en-angles-per-a-bebes-d1-i-2-anys","status":"publish","type":"post","link":"https:\/\/www.elche.es\/va\/2024\/09\/la-programacio-de-setembre-de-biblioteques-arriba-amb-activitats-en-angles-per-a-bebes-d1-i-2-anys\/","title":{"rendered":"La programaci\u00f3 de setembre de Biblioteques arriba amb activitats en angl\u00e9s per a beb\u00e9s d&#8217;1 i 2 anys"},"content":{"rendered":"<div class=\"wpb-content-wrapper\"><p>[vc_row el_id=&#8221;SUBTITULAR_NOTICIA&#8221;][vc_column][vc_column_text]<\/p>\n<hr \/>\n<h4>Els m\u00e9s xicotets podran gaudir de l&#8217;obra sobre ci\u00e8ncia <em>El n\u00e1ufrago<\/em> del 24 al 28 de setembre en diferents biblioteques municipals<\/h4>\n<hr \/>\n<p>[\/vc_column_text][\/vc_column][\/vc_row][vc_row el_id=&#8221;TEXTO_NOTICIA&#8221;][vc_column][vc_column_text]La Xarxa de Biblioteques Municipals en la seua nova programaci\u00f3 de setembre realitza activitats per als m\u00e9s xicotets, beb\u00e9s d&#8217;1 i 2 anys, com ara contes en angl\u00e9s, on es llegir\u00e0 <strong><em>Welcome to the jungle<\/em> <\/strong>el dia 13 a la biblioteca infantil-juvenil Gloria Fuertes o <em><strong>Mousy and the big red ball<\/strong><\/em> el dia 20 a la biblioteca infantil-juvenil Pere Ibarra. Totes dos activitats seran a les 17.30 hores.<\/p>\n<p>D&#8217;altra banda, es realitzar\u00e0 l&#8217;espectacle sobre ci\u00e8ncia <em><strong>El n\u00e1ufrago<\/strong><\/em> en diferents biblioteques municipals, realitzat per Ci\u00e8ncia Divertida. El cicle comen\u00e7ar\u00e0 el dia 24 a la biblioteca Mestre Pep Sempere a les 18.00h, el dia 26 a la biblioteca Jos\u00e9 Fuentes de Torrellano tamb\u00e9 a les 18.00 hores, i finalitzar\u00e0 el dia 28 a la biblioteca Pere Ibarra a les 11.00 hores.<\/p>\n<p>A m\u00e9s, el club de lectura se celebrar\u00e0 els dies 25 i 26, amb <em><strong>La biblioteca de los nuevos comienzos<\/strong><\/em> de Michiko Aoyama a la biblioteca Aureli\u00e0 Ibarra a les 10.30 hores, i el dijous 26 amb <em>El primer caso de Unamuno <\/em>de Lu\u00eds Garc\u00eda Jambrina a la biblioteca Pere Ibarra a les 17.00 hores.[\/vc_column_text][\/vc_column][\/vc_row][vc_row el_id=&#8221;DESTACADO_NOTICIA&#8221;][vc_column][vc_column_text el_class=&#8221;cuadronoticia&#8221;]<\/p>\n<h5>Per a totes les activitats ser\u00e0 necessari inscriure&#8217;s pr\u00e8viament a trav\u00e9s de la p\u00e0gina web: <a href=\"http:\/\/www.elche.es\">www.elche.es<\/a><\/h5>\n<p>[\/vc_column_text][\/vc_column][\/vc_row][vc_row el_id=&#8221;TEXTO_FIN_NOTICIA&#8221;][vc_column][vc_column_text]<strong>El claustre de la biblioteca Pedro Ibarra tornar\u00e0 a ser el lloc de trobada per a presentacions de llibres.<\/strong> El dia 27 de setembre ser\u00e0 el torn de<em> Cuentos respuesta, para personas despiertas<\/em>, una obra d&#8217;Alexandra Mart\u00ednez Alenda, acompanyada de Javier Cebri\u00e1n i Juan Bernardo Mag\u00e1n Coves, a les 19.00 hores.<\/p>\n<p>Per a totes les activitats ser\u00e0 necessari<strong> inscriure&#8217;s pr\u00e8viament a trav\u00e9s de la p\u00e0gina web: <a href=\"http:\/\/www.elche.es\">www.elche.es<\/a><\/strong><\/p>\n<hr \/>\n<p>[\/vc_column_text][\/vc_column][\/vc_row][vc_row][vc_column width=&#8221;1\/6&#8243;][\/vc_column][vc_column width=&#8221;2\/3&#8243;]<audio class=\"sc_audio\" src=\"\" width=\"\" height=\"\"><\/audio>[\/vc_column][vc_column width=&#8221;1\/6&#8243;][\/vc_column][\/vc_row]<\/p>\n<\/div>","protected":false},"excerpt":{"rendered":"<p>[vc_row el_id=&#8221;SUBTITULAR_NOTICIA&#8221;][vc_column][vc_column_text] Els m\u00e9s xicotets podran gaudir de l&#8217;obra sobre ci\u00e8ncia El n\u00e1ufrago del 24 al 28 de setembre en diferents biblioteques municipals [\/vc_column_text][\/vc_column][\/vc_row][vc_row el_id=&#8221;TEXTO_NOTICIA&#8221;][vc_column][vc_column_text]La Xarxa de Biblioteques Municipals en [&hellip;]<\/p>\n","protected":false},"author":131,"featured_media":98891,"comment_status":"closed","ping_status":"closed","sticky":false,"template":"","format":"standard","meta":{"footnotes":""},"categories":[181,2864],"tags":[],"class_list":["post-310826","post","type-post","status-publish","format-standard","has-post-thumbnail","hentry","category-biblioteques-va","category-breus"],"_links":{"self":[{"href":"https:\/\/www.elche.es\/va\/wp-json\/wp\/v2\/posts\/310826","targetHints":{"allow":["GET"]}}],"collection":[{"href":"https:\/\/www.elche.es\/va\/wp-json\/wp\/v2\/posts"}],"about":[{"href":"https:\/\/www.elche.es\/va\/wp-json\/wp\/v2\/types\/post"}],"author":[{"embeddable":true,"href":"https:\/\/www.elche.es\/va\/wp-json\/wp\/v2\/users\/131"}],"replies":[{"embeddable":true,"href":"https:\/\/www.elche.es\/va\/wp-json\/wp\/v2\/comments?post=310826"}],"version-history":[{"count":2,"href":"https:\/\/www.elche.es\/va\/wp-json\/wp\/v2\/posts\/310826\/revisions"}],"predecessor-version":[{"id":310828,"href":"https:\/\/www.elche.es\/va\/wp-json\/wp\/v2\/posts\/310826\/revisions\/310828"}],"wp:featuredmedia":[{"embeddable":true,"href":"https:\/\/www.elche.es\/va\/wp-json\/wp\/v2\/media\/98891"}],"wp:attachment":[{"href":"https:\/\/www.elche.es\/va\/wp-json\/wp\/v2\/media?parent=310826"}],"wp:term":[{"taxonomy":"category","embeddable":true,"href":"https:\/\/www.elche.es\/va\/wp-json\/wp\/v2\/categories?post=310826"},{"taxonomy":"post_tag","embeddable":true,"href":"https:\/\/www.elche.es\/va\/wp-json\/wp\/v2\/tags?post=310826"}],"curies":[{"name":"wp","href":"https:\/\/api.w.org\/{rel}","templated":true}]}}