{"id":310934,"date":"2024-09-16T14:29:31","date_gmt":"2024-09-16T12:29:31","guid":{"rendered":"https:\/\/www.elche.es\/2024\/09\/torna-la-cross-popular-pins-i-mar-el-proxim-22-de-setembre-a-la-marina\/"},"modified":"2024-09-16T14:29:31","modified_gmt":"2024-09-16T12:29:31","slug":"torna-la-cross-popular-pins-i-mar-el-proxim-22-de-setembre-a-la-marina","status":"publish","type":"post","link":"https:\/\/www.elche.es\/va\/2024\/09\/torna-la-cross-popular-pins-i-mar-el-proxim-22-de-setembre-a-la-marina\/","title":{"rendered":"Torna la \u2018Cross Popular Pins i Mar\u2019 el pr\u00f2xim 22 de setembre a la Marina"},"content":{"rendered":"<div class=\"wpb-content-wrapper\"><p>[vc_row el_id=&#8221;SUBTITULAR_NOTICIA&#8221;][vc_column][vc_column_text]<\/p>\n<hr \/>\n<h4 lang=\"ca-ES\">Despr\u00e9s de quatre anys sense celebrar-se, la prova esportiva tornar\u00e0 a rec\u00f3rrer el nucli urb\u00e0 de la pedania, aix\u00ed com trams de pineda en un recorregut de m\u00e9s de 8 quil\u00f2metres<\/h4>\n<hr \/>\n<p>[\/vc_column_text][\/vc_column][\/vc_row][vc_row el_id=&#8221;TEXTO_NOTICIA&#8221;][vc_column][vc_column_text]<\/p>\n<p lang=\"ca-ES\">La pedania de la Marina acull el pr\u00f2xim diumenge la XII <strong>Cross Popular Pins i Mar<\/strong> despr\u00e9s de quatre anys sense celebrar-se. En esta edici\u00f3 la prova esportiva recorrer\u00e0 el nucli urb\u00e0 de la pedania, aix\u00ed com alguns trams de pineda pr\u00f2xims a la mar en un recorregut de 8.650 metres.<\/p>\n<p lang=\"ca-ES\"><strong>El regidor de l&#8217;\u00e0rea, Jos\u00e9 Antonio Rom\u00e1n<\/strong>, ha assenyalat que esta carrera \u201c\u00e9s una de les m\u00e9s boniques del camp d\u2019Elx, on combinem esport i medi ambient perqu\u00e8 tots els participants puguen gaudir de la naturalesa per un entorn privilegiat\u201d.<\/p>\n<p lang=\"ca-ES\"><strong>Els interessats encara poden inscriure&#8217;s a trav\u00e9s de la p\u00e0gina web <a href=\"http:\/\/chiplevante.com\">chiplevante.com<\/a> amb un preu d&#8217;inscripci\u00f3 de 12 euros<\/strong>. L&#8217;organitzaci\u00f3 de l&#8217;esdeveniment, l&#8217;Associaci\u00f3 de ve\u00efns Pinomar de la Marina, espera la participaci\u00f3 d&#8217;al voltant de 500 persones en el \u2018Cross Popular Pins i Mar\u2019 i un centenar de xiquets per a les carreres infantils que se celebraran despr\u00e9s.<\/p>\n<p>[\/vc_column_text][\/vc_column][\/vc_row][vc_row el_id=&#8221;DESTACADO_NOTICIA&#8221;][vc_column][vc_column_text el_class=&#8221;cuadronoticia&#8221;]<\/p>\n<p lang=\"ca-ES\">Els interessats a participar encara poden inscriure&#8217;s a trav\u00e9s de la p\u00e0gina web <a href=\"http:\/\/chiplevante.com\">chiplevante.com<\/a><\/p>\n<p>[\/vc_column_text][\/vc_column][\/vc_row][vc_row el_id=&#8221;TEXTO_FIN_NOTICIA&#8221;][vc_column][vc_column_text]<\/p>\n<p lang=\"ca-ES\"><strong>Hi haur\u00e0 trofeus i diversos regals per a les diferents categories<\/strong>, una borsa del corredor per a tots els inscrits, aix\u00ed com medalles i bosses per a tots els xiquets participants.<\/p>\n<p lang=\"ca-ES\">Segons el <strong>secretari de l&#8217;associaci\u00f3 Pinomar, Juanjo Figueroa<\/strong>, \u201creprenem la carrera amb m\u00e9s for\u00e7a que mai perqu\u00e8 les fam\u00edlies gaudisquen d&#8217;esta carrera per la mar i els pins\u201d.<\/p>\n<p lang=\"ca-ES\">La XI Cross Popular Pins i Mar<strong> comen\u00e7ar\u00e0 a les 9.30 hores el pr\u00f2xim 22 de setembre i les infantils seran a partir de les 11.30 hores<\/strong>.<\/p>\n<hr \/>\n<p lang=\"ca-ES\">\n<p>[\/vc_column_text][\/vc_column][\/vc_row][vc_row][vc_column width=&#8221;1\/6&#8243;][\/vc_column][vc_column width=&#8221;2\/3&#8243;]<audio class=\"sc_audio\" src=\"https:\/\/soundcloud.com\/ayuntamiento-de-elche\/vuelve-la-cross-popular-pins-i-mar-el-proximo-22-de-septiembre-a-la-marina?si=c15c437592d5462381d3fff87958d603&#038;utm_source=clipboard&#038;utm_medium=text&#038;utm_campaign=social_sharing\" width=\"\" height=\"\"><\/audio>[\/vc_column][vc_column width=&#8221;1\/6&#8243;][\/vc_column][\/vc_row]<\/p>\n<\/div>","protected":false},"excerpt":{"rendered":"<p>[vc_row el_id=&#8221;SUBTITULAR_NOTICIA&#8221;][vc_column][vc_column_text] Despr\u00e9s de quatre anys sense celebrar-se, la prova esportiva tornar\u00e0 a rec\u00f3rrer el nucli urb\u00e0 de la pedania, aix\u00ed com trams de pineda en un recorregut de m\u00e9s [&hellip;]<\/p>\n","protected":false},"author":131,"featured_media":310919,"comment_status":"closed","ping_status":"closed","sticky":false,"template":"","format":"standard","meta":{"footnotes":""},"categories":[187,391,1312],"tags":[],"class_list":["post-310934","post","type-post","status-publish","format-standard","has-post-thumbnail","hentry","category-esports","category-home-va","category-noticias-va"],"_links":{"self":[{"href":"https:\/\/www.elche.es\/va\/wp-json\/wp\/v2\/posts\/310934","targetHints":{"allow":["GET"]}}],"collection":[{"href":"https:\/\/www.elche.es\/va\/wp-json\/wp\/v2\/posts"}],"about":[{"href":"https:\/\/www.elche.es\/va\/wp-json\/wp\/v2\/types\/post"}],"author":[{"embeddable":true,"href":"https:\/\/www.elche.es\/va\/wp-json\/wp\/v2\/users\/131"}],"replies":[{"embeddable":true,"href":"https:\/\/www.elche.es\/va\/wp-json\/wp\/v2\/comments?post=310934"}],"version-history":[{"count":2,"href":"https:\/\/www.elche.es\/va\/wp-json\/wp\/v2\/posts\/310934\/revisions"}],"predecessor-version":[{"id":310936,"href":"https:\/\/www.elche.es\/va\/wp-json\/wp\/v2\/posts\/310934\/revisions\/310936"}],"wp:featuredmedia":[{"embeddable":true,"href":"https:\/\/www.elche.es\/va\/wp-json\/wp\/v2\/media\/310919"}],"wp:attachment":[{"href":"https:\/\/www.elche.es\/va\/wp-json\/wp\/v2\/media?parent=310934"}],"wp:term":[{"taxonomy":"category","embeddable":true,"href":"https:\/\/www.elche.es\/va\/wp-json\/wp\/v2\/categories?post=310934"},{"taxonomy":"post_tag","embeddable":true,"href":"https:\/\/www.elche.es\/va\/wp-json\/wp\/v2\/tags?post=310934"}],"curies":[{"name":"wp","href":"https:\/\/api.w.org\/{rel}","templated":true}]}}