{"id":310944,"date":"2024-09-16T14:55:35","date_gmt":"2024-09-16T12:55:35","guid":{"rendered":"https:\/\/www.elche.es\/2024\/09\/obert-el-termini-per-a-sol%c2%b7licitar-lexempcio-del-pagament-del-bus-per-a-estudiants-menors-de-26-anys\/"},"modified":"2024-09-16T14:55:36","modified_gmt":"2024-09-16T12:55:36","slug":"obert-el-termini-per-a-sol%c2%b7licitar-lexempcio-del-pagament-del-bus-per-a-estudiants-menors-de-26-anys","status":"publish","type":"post","link":"https:\/\/www.elche.es\/va\/2024\/09\/obert-el-termini-per-a-sol%c2%b7licitar-lexempcio-del-pagament-del-bus-per-a-estudiants-menors-de-26-anys\/","title":{"rendered":"Obert el termini per a sol\u00b7licitar l&#8217;exempci\u00f3 del pagament del bus per a estudiants menors de 26 anys"},"content":{"rendered":"<div class=\"wpb-content-wrapper\"><p>[vc_row el_id=&#8221;SUBTITULAR_NOTICIA&#8221;][vc_column][vc_column_text]<\/p>\n<hr \/>\n<h4 lang=\"ca-ES\">Nom\u00e9s en el curs passat es van beneficiar m\u00e9s de 8.000 persones d&#8217;esta ajuda que pret\u00e9n fomentar la mobilitat sostenible entre els joves il\u00b7licitans<\/h4>\n<hr \/>\n<p>[\/vc_column_text][\/vc_column][\/vc_row][vc_row el_id=&#8221;TEXTO_FIN_NOTICIA&#8221;][vc_column][vc_column_text]<\/p>\n<p lang=\"ca-ES\">L&#8217;Ajuntament d&#8217;Elx ha <strong>obert el termini per a la presentaci\u00f3 de la sol\u00b7licitud de l&#8217;exempci\u00f3 del pagament de la tarifa d&#8217;acc\u00e9s a l&#8217;autob\u00fas<\/strong> urb\u00e0 per als estudiants menors de 26 anys residents en el municipi d&#8217;Elx per al curs escolar 2024-2025.<\/p>\n<p lang=\"ca-ES\">Nom\u00e9s l&#8217;any passat es van beneficiar 8.187 persones de l&#8217;exempci\u00f3 del pagament de l&#8217;autob\u00fas, un <strong>alleujament econ\u00f2mic per a milers de fam\u00edlies<\/strong> i una manera de fomentar la mobilitat sostenible entre els joves il\u00b7licitans.<\/p>\n<p lang=\"ca-ES\">Entre els requisits per a sol\u00b7licitar l&#8217;exempci\u00f3 de la rec\u00e0rrega de la targeta de mobilitat d&#8217;acc\u00e9s a l&#8217;autob\u00fas <strong>ser\u00e0 necessari estar empadronat en el terme municipal d&#8217;Elx<\/strong>, disposar de la targeta de mobilitat Bus Lliure en vigor i ser estudiant menor de 26 anys.<\/p>\n<p lang=\"ca-ES\">Es podr\u00e0 tramitar <strong>de manera en l\u00ednia des de la seu electr\u00f2nica de l&#8217;Ajuntament o de manera presencial<\/strong> entregant la sol\u00b7licitud i la documentaci\u00f3 requerida en qualsevol oficina de l&#8217;OMAC fins al 31 d&#8217;octubre.<\/p>\n<p lang=\"ca-ES\">L&#8217;exempci\u00f3 ser\u00e0 concedida <strong>en funci\u00f3 de les dades de l&#8217;IPEM de 2024<\/strong> i en cas que no s&#8217;aprove la concessi\u00f3, els titulars de la targeta podran recarregar-les amb el pagament de la tarifa anual de 80 euros o b\u00e9 mitjan\u00e7ant pagaments peri\u00f2dics semestrals o trimestrals.<\/p>\n<hr \/>\n<p lang=\"ca-ES\">\n<p>[\/vc_column_text][\/vc_column][\/vc_row][vc_row][vc_column width=&#8221;1\/6&#8243;][\/vc_column][vc_column width=&#8221;2\/3&#8243;]<audio class=\"sc_audio\" src=\"\" width=\"\" height=\"\"><\/audio>[\/vc_column][vc_column width=&#8221;1\/6&#8243;][\/vc_column][\/vc_row]<\/p>\n<\/div>","protected":false},"excerpt":{"rendered":"<p>[vc_row el_id=&#8221;SUBTITULAR_NOTICIA&#8221;][vc_column][vc_column_text] Nom\u00e9s en el curs passat es van beneficiar m\u00e9s de 8.000 persones d&#8217;esta ajuda que pret\u00e9n fomentar la mobilitat sostenible entre els joves il\u00b7licitans [\/vc_column_text][\/vc_column][\/vc_row][vc_row el_id=&#8221;TEXTO_FIN_NOTICIA&#8221;][vc_column][vc_column_text] L&#8217;Ajuntament d&#8217;Elx [&hellip;]<\/p>\n","protected":false},"author":131,"featured_media":211547,"comment_status":"closed","ping_status":"closed","sticky":false,"template":"","format":"standard","meta":{"footnotes":""},"categories":[2864,391,217,1312],"tags":[],"class_list":["post-310944","post","type-post","status-publish","format-standard","has-post-thumbnail","hentry","category-breus","category-home-va","category-mobilitat","category-noticias-va"],"_links":{"self":[{"href":"https:\/\/www.elche.es\/va\/wp-json\/wp\/v2\/posts\/310944","targetHints":{"allow":["GET"]}}],"collection":[{"href":"https:\/\/www.elche.es\/va\/wp-json\/wp\/v2\/posts"}],"about":[{"href":"https:\/\/www.elche.es\/va\/wp-json\/wp\/v2\/types\/post"}],"author":[{"embeddable":true,"href":"https:\/\/www.elche.es\/va\/wp-json\/wp\/v2\/users\/131"}],"replies":[{"embeddable":true,"href":"https:\/\/www.elche.es\/va\/wp-json\/wp\/v2\/comments?post=310944"}],"version-history":[{"count":2,"href":"https:\/\/www.elche.es\/va\/wp-json\/wp\/v2\/posts\/310944\/revisions"}],"predecessor-version":[{"id":310946,"href":"https:\/\/www.elche.es\/va\/wp-json\/wp\/v2\/posts\/310944\/revisions\/310946"}],"wp:featuredmedia":[{"embeddable":true,"href":"https:\/\/www.elche.es\/va\/wp-json\/wp\/v2\/media\/211547"}],"wp:attachment":[{"href":"https:\/\/www.elche.es\/va\/wp-json\/wp\/v2\/media?parent=310944"}],"wp:term":[{"taxonomy":"category","embeddable":true,"href":"https:\/\/www.elche.es\/va\/wp-json\/wp\/v2\/categories?post=310944"},{"taxonomy":"post_tag","embeddable":true,"href":"https:\/\/www.elche.es\/va\/wp-json\/wp\/v2\/tags?post=310944"}],"curies":[{"name":"wp","href":"https:\/\/api.w.org\/{rel}","templated":true}]}}