{"id":312296,"date":"2024-09-30T11:25:57","date_gmt":"2024-09-30T09:25:57","guid":{"rendered":"https:\/\/www.elche.es\/2024\/09\/comenca-la-nova-temporada-del-gran-teatre-amb-un-musical-i-larribada-de-lolita-flores\/"},"modified":"2024-10-01T10:58:47","modified_gmt":"2024-10-01T08:58:47","slug":"comenca-la-nova-temporada-del-gran-teatre-amb-un-musical-i-larribada-de-lolita-flores","status":"publish","type":"post","link":"https:\/\/www.elche.es\/va\/2024\/09\/comenca-la-nova-temporada-del-gran-teatre-amb-un-musical-i-larribada-de-lolita-flores\/","title":{"rendered":"Comen\u00e7a la nova temporada del Gran Teatre amb un musical i l&#8217;arribada de Lolita Flores"},"content":{"rendered":"<div class=\"wpb-content-wrapper\"><p>[vc_row el_id=&#8221;SUBTITULAR_NOTICIA&#8221;][vc_column][vc_column_text]<\/p>\n<hr \/>\n<h4>Arriba Elxc\u00e9nica, el Festival d&#8217;Arts Esc\u00e8niques d&#8217;Elx, que es desenvolupa el cap de setmana pels carrers d&#8217;Elx amb les obres de teatre <em>Peculiar<\/em> i <em>Mary Pompas<\/em><\/h4>\n<hr \/>\n<p>[\/vc_column_text][\/vc_column][\/vc_row][vc_row el_id=&#8221;TEXTO_NOTICIA&#8221;][vc_column][vc_column_text]<\/p>\n<p lang=\"ca-ES-valencia\"><strong>La nova programaci\u00f3 del Gran Teatre<\/strong> comen\u00e7a este divendres a les 20.30 hores amb l&#8217;obra de teatre musical <i>Kinky Boots,<\/i> una hist\u00f2ria de superaci\u00f3 i amistat desenvolupada per la companyia Rimas. El diumenge a les 19 hores arriba Lolita Flores amb <i>Poncia<\/i>, obra de teatre que desenvolupa i amplia el personatge hom\u00f2nim de <i>La casa de Bernarda Alba<\/i> de Federico Garc\u00eda Lorca<\/p>\n<p lang=\"ca-ES-valencia\">El cap de setmana tamb\u00e9 est\u00e0 protagonitzat per <strong>Elxc\u00e9nica, el Festival d&#8217;Arts Esc\u00e8niques d&#8217;Elx<\/strong>. El divendres es representa per la Glorieta i voltants l&#8217;obra de teatre <i>Peculiar<\/i>, a m\u00e9s d&#8217;una nova edici\u00f3 del <strong>cicle Entre Espelmes a Clarisses<\/strong> i el diumenge l&#8217;obra infantil <i>Mary Pompas<\/i> a La Llotja.<\/p>\n<p lang=\"ca-ES-valencia\">Finalment,<strong> l&#8217;Hort dels Pontos acull el dissabte 5 d&#8217;octubre a les 10 del mat\u00ed La Festa del D\u00e0til<\/strong>, un taller d&#8217;elaboraci\u00f3 de pa de d\u00e0til en el qual hi haur\u00e0 tant demostracions de com treballar-lo com degustacions d&#8217;este menjar.<\/p>\n<p>[\/vc_column_text][\/vc_column][\/vc_row][vc_row el_id=&#8221;TEXTO_FIN_NOTICIA&#8221;][vc_column][vc_column_text]<\/p>\n<h5 lang=\"ca-ES-valencia\">GRAN TEATRE<\/h5>\n<p lang=\"ca-ES-valencia\"><strong>Teatre Musical: <i>Kinky Boots<\/i>, El Musical, amb la Companyia Rimas Produccions<\/strong><\/p>\n<p lang=\"ca-ES-valencia\">Divendres 4 d&#8217;octubre a les 20.30 h i dissabte 5 d&#8217;octubre a les 17.00 i 20.30 h<\/p>\n<p lang=\"ca-ES-valencia\">Preu: 35, 45 i 55 \u20ac (sense descomptes)<\/p>\n<p lang=\"ca-ES-valencia\">Duraci\u00f3: 130 minuts amb descans<\/p>\n<p lang=\"ca-ES-valencia\">Informaci\u00f3: Inspirat en fets reals, <i>Kinky Boots<\/i> \u00e9s una hist\u00f2ria de superaci\u00f3 sobre dos persones que no tenen res en com\u00fa\u2026 O aix\u00f2 creuen.<\/p>\n<p lang=\"ca-ES-valencia\">Charlie est\u00e0 lluitant per mantindre el negoci familiar, una f\u00e0brica de cal\u00e7at. Lola \u00e9s una artista amb una idea salvatgement excitant. Amb molta empatia i comprensi\u00f3 m\u00fatua, esta peculiar parella \u00e9s capa\u00e7 d&#8217;abra\u00e7ar les seues difer\u00e8ncies i crear una fabulosa l\u00ednia de <i>stilettos<\/i> com el m\u00f3n no ha vist mai abans. Encara que realment el major dels assoliments \u00e9s la seua amistat.<\/p>\n<p lang=\"ca-ES-valencia\">Un espectacle que et far\u00e0 riure a riallades, emocionar-te, ballar i reflexionar. Una pujada d&#8217;adrenalina!<\/p>\n<p lang=\"ca-ES-valencia\"><strong>Teatre: <i>Poncia<\/i>, amb Lolita Flores i text de Luis Luque. Companyia Pentaci\u00f3n Espectacles<\/strong><\/p>\n<p lang=\"ca-ES-valencia\">Diumenge 6 d&#8217;octubre a les 19.00 h<\/p>\n<p lang=\"ca-ES-valencia\">Preu: 20 \u20ac (descomptes aplicables)<\/p>\n<p lang=\"ca-ES-valencia\">Duraci\u00f3: 90 minuts<\/p>\n<p lang=\"ca-ES-valencia\">Informaci\u00f3: \u201cEste text est\u00e0 escrit a partir de les intervencions del personatge de Poncia en l&#8217;obra de Federico Garc\u00eda Lorca. En una profunda an\u00e0lisi del personatge, he rescatat les intervencions de Poncia i les he convertides en reflexi\u00f3, soliloquis, di\u00e0legs amb fantasmes i ombres. D&#8217;esta manera, s&#8217;il\u00b7lumina un nou mirar dins de la casa. En l&#8217;obra original assistim a una successi\u00f3 de fets que es desenvolupen en orde cronol\u00f2gic. Ac\u00ed, en esta <i>Poncia<\/i>, no. Ella parla despr\u00e9s del xoc produ\u00eft pel su\u00efcidi d&#8217;Adela. Tot ocorre despr\u00e9s de la seua mort.\u201d<\/p>\n<p>[\/vc_column_text][\/vc_column][\/vc_row][vc_row][vc_column][vc_column_text]<\/p>\n<h5 lang=\"ca-ES-valencia\">L\u2019ESCORXADOR<\/h5>\n<p lang=\"ca-ES-valencia\"><strong>Teatre: <i>Vi<\/i><i>va la Vida<\/i><i>! Frida Khalo<\/i>, amb la Cia. Maracaibo Teatre<\/strong><\/p>\n<p lang=\"ca-ES-valencia\">Dissabte 5 d&#8217;octubre a les 21.00 h<\/p>\n<p lang=\"ca-ES-valencia\">Entrada \u00fanica 5 euros a la venda en taquilla del Gran Teatre, <a href=\"http:\/\/vivaticket.es\">vivaticket.es<\/a> i una hora abans de l&#8217;espectacle a la taquilla de L\u2019Escorxador<\/p>\n<p lang=\"ca-ES-valencia\">Informaci\u00f3: \u201cL&#8217;art m\u00e9s poder\u00f3s de la vida \u00e9s fer del dolor un talism\u00e0 que cura, una papallona que renaix florida en festa de colors\u201d Frida Kahlo. Un viatge teatral i musical a l&#8217;univers de Frida Kahlo, una mirada subjectiva al llegat d&#8217;esta pintora mexicana l&#8217;obra de la qual gira entorn de la seua biografia i el seu sofriment.<\/p>\n<p lang=\"ca-ES-valencia\">Per\u00f2 Frida va ser m\u00e9s que dolor: la seua obra pict\u00f2rica, la complexitat de la seua vida, la seua alegria&#8230; Malgrat les seues doloroses circumst\u00e0ncies, va saber celebrar els moments de respir irradiant amor a la vida. Va viure amb intensitat tant les desgr\u00e0cies com les alegries. En eixa obstinaci\u00f3 va radicar la seua for\u00e7a.<\/p>\n<p lang=\"ca-ES-valencia\">Formaci\u00f3: <i>Tallers familiars. Jocs de taula 1a Part<\/i>, per Peque\u00f1os y Peque\u00f1as Artistas<\/p>\n<p lang=\"ca-ES-valencia\">Diumenge 6 d&#8217;octubre<\/p>\n<p lang=\"ca-ES-valencia\">D&#8217;11.00 a 13.00 h a la Sala Pl\u00e0stiques<\/p>\n<p lang=\"ca-ES-valencia\">Per a sol\u00b7licitar les places gratu\u00eftes, cal enviar un whatsapp al 684 082 555 el dilluns de la setmana que s&#8217;impartir\u00e0 el taller a partir de les 09.00 h i fins al divendres a les 18.00 h<\/p>\n<p lang=\"ca-ES-valencia\">Informaci\u00f3: Taller de jocs del marro en argila blanca. Cada fam\u00edlia podr\u00e0 fer diversos sets de jocs distints.<\/p>\n<p lang=\"ca-ES-valencia\"><strong>Exposici\u00f3: <i>El Cam\u00ed de l&#8217;Ou<\/i>, de Dani Pastor<\/strong><\/p>\n<p lang=\"ca-ES-valencia\">Del divendres 27 de setembre al diumenge 27 d&#8217;octubre<\/p>\n<p lang=\"ca-ES-valencia\">De dilluns a dijous de 17.00 a 21.00 h<\/p>\n<p lang=\"ca-ES-valencia\">Divendres de 17.00 a 20.00 h<\/p>\n<p lang=\"ca-ES-valencia\">Dissabtes d&#8217;11.00 a 14.00 i de 17.00 a 20.00 h<\/p>\n<p lang=\"ca-ES-valencia\">Diumenges de 09.00 a 1400 h<\/p>\n<p lang=\"ca-ES-valencia\">Sala Lanart.<\/p>\n<p lang=\"ca-ES-valencia\">Informaci\u00f3: <i>El Cam\u00ed de l&#8217;Ou<\/i> ens submergix en el simbolisme d&#8217;una de les formes m\u00e9s interessants de la naturalesa, l&#8217;ou. Transformant este embolcall de vida en una proposta contemplativa que va m\u00e9s enll\u00e0 de la seua forma, que ens convida a trobar-nos a nosaltres mateixos en el centre de les nostres emocions i viv\u00e8ncies.<\/p>\n<p>[\/vc_column_text][\/vc_column][\/vc_row][vc_row][vc_column][vc_column_text]<\/p>\n<h5 lang=\"ca-ES-valencia\">LA LLOTJA<\/h5>\n<p><strong><span lang=\"ca-ES-valencia\">Teatre: <\/span><span style=\"color: #000000;\"><span style=\"font-family: webkit-standard;\"><span style=\"font-size: large;\"><i>F\u00e1bula de Aunia y el R\u00edo Lob<\/i><\/span><\/span><\/span><span style=\"color: #000000;\"><span style=\"font-family: webkit-standard;\"><span style=\"font-size: large;\"><i>o<\/i><\/span><\/span><\/span><span lang=\"ca-ES-valencia\">, amb la Cia. Teatr<\/span><span lang=\"ca-ES-valencia\">o de las Naciones<\/span><\/strong><\/p>\n<p lang=\"ca-ES-valencia\">Dijous 3 d&#8217;octubre a les 18.00 h<\/p>\n<p lang=\"ca-ES-valencia\">Entrada lliure (sense invitaci\u00f3) fins a completar l&#8217;aforament<\/p>\n<p lang=\"ca-ES-valencia\">Informaci\u00f3: Organitzat per la Regidoria de Fam\u00edlia i Majors per a commemorar el Dia Internacional de les Persones Majors.<\/p>\n<p><strong><span style=\"color: #000000;\"><span lang=\"ca-ES-valencia\">Teatre\/Com\u00e8dia: <\/span><\/span><span style=\"color: #000000;\"><span lang=\"ca-ES-valencia\"><i>\u00a1Quiero mi camerino!<\/i><\/span><\/span><span style=\"color: #000000;\"><span lang=\"ca-ES-valencia\">, <\/span><\/span><span style=\"color: #000000;\"><span lang=\"ca-ES-valencia\">con Suer<\/span><\/span><span lang=\"ca-ES-valencia\">te Guapa Produccions<\/span><\/strong><\/p>\n<p lang=\"ca-ES-valencia\">Dissabte 5 d&#8217;octubre a les 20.00 h<\/p>\n<p lang=\"ca-ES-valencia\">Preu: 12 \u20ac Venda d&#8217;entrades en <a href=\"http:\/\/www.lomasticket.es\">lomasticket.com<\/a><\/p>\n<p lang=\"ca-ES-valencia\">Duraci\u00f3: 85 minuts<\/p>\n<p lang=\"ca-ES-valencia\">Informaci\u00f3: De l&#8217;imaginari del dramaturg Dany Visiedo, creador de grans \u00e8xits en la cartellera madrilenya, arriba esta hilarant i reivindicativa com\u00e8dia que no et pots perdre.<\/p>\n<p lang=\"ca-ES-valencia\">Moro, Juana, i Luc\u00eda arriben a Madrid amb el somni: triomfar a la Gran Via. La irrupci\u00f3 d&#8217;una peculiar guru m\u00edstica-teatral en les seues vides far\u00e0 que descobrisquen que un artista que no treballa en el seu \u00e9s un supervivent i que reescriure el seu dest\u00ed nom\u00e9s dependr\u00e0 d&#8217;ells.<\/p>\n<p>[\/vc_column_text][\/vc_column][\/vc_row][vc_row][vc_column][vc_column_text]<\/p>\n<h5 lang=\"ca-ES-valencia\">LA LLOTJA<\/h5>\n<p><strong><span lang=\"ca-ES-valencia\">Teatre: <\/span><span style=\"color: #000000;\"><span style=\"font-family: webkit-standard;\"><span style=\"font-size: large;\"><i>F\u00e1bula de Aunia y el R\u00edo Lob<\/i><\/span><\/span><\/span><span style=\"color: #000000;\"><span style=\"font-family: webkit-standard;\"><span style=\"font-size: large;\"><i>o<\/i><\/span><\/span><\/span><span lang=\"ca-ES-valencia\">, amb la Cia. Teatr<\/span><span lang=\"ca-ES-valencia\">o de las Naciones<\/span><\/strong><\/p>\n<p lang=\"ca-ES-valencia\">Dijous 3 d&#8217;octubre a les 18.00 h<\/p>\n<p lang=\"ca-ES-valencia\">Entrada lliure (sense invitaci\u00f3) fins a completar l&#8217;aforament<\/p>\n<p lang=\"ca-ES-valencia\">Informaci\u00f3: Organitzat per la Regidoria de Fam\u00edlia i Majors per a commemorar el Dia Internacional de les Persones Majors.<\/p>\n<p><strong><span style=\"color: #000000;\"><span lang=\"ca-ES-valencia\">Teatre\/Com\u00e8dia: <\/span><\/span><span style=\"color: #000000;\"><span lang=\"ca-ES-valencia\"><i>\u00a1Quiero mi camerino!<\/i><\/span><\/span><span style=\"color: #000000;\"><span lang=\"ca-ES-valencia\">, <\/span><\/span><span style=\"color: #000000;\"><span lang=\"ca-ES-valencia\">con Suer<\/span><\/span><span lang=\"ca-ES-valencia\">te Guapa Produccions<\/span><\/strong><\/p>\n<p lang=\"ca-ES-valencia\">Dissabte 5 d&#8217;octubre a les 20.00 h<\/p>\n<p lang=\"ca-ES-valencia\">Preu: 12 \u20ac Venda d&#8217;entrades en <a href=\"http:\/\/www.lomasticket.es\">lomasticket.com<\/a><\/p>\n<p lang=\"ca-ES-valencia\">Duraci\u00f3: 85 minuts<\/p>\n<p lang=\"ca-ES-valencia\">Informaci\u00f3: De l&#8217;imaginari del dramaturg Dany Visiedo, creador de grans \u00e8xits en la cartellera madrilenya, arriba esta hilarant i reivindicativa com\u00e8dia que no et pots perdre.<\/p>\n<p lang=\"ca-ES-valencia\">Moro, Juana, i Luc\u00eda arriben a Madrid amb el somni: triomfar a la Gran Via. La irrupci\u00f3 d&#8217;una peculiar guru m\u00edstica-teatral en les seues vides far\u00e0 que descobrisquen que un artista que no treballa en el seu \u00e9s un supervivent i que reescriure el seu dest\u00ed nom\u00e9s dependr\u00e0 d&#8217;ells.<\/p>\n<p>[\/vc_column_text][\/vc_column][\/vc_row][vc_row][vc_column][vc_column_text]<\/p>\n<h5 lang=\"ca-ES-valencia\">ELXC\u00c9NICA. Festival d&#8217;Arts Esc\u00e8niques d&#8217;Elx<\/h5>\n<p lang=\"ca-ES-valencia\"><strong>Teatre familiar: <i>Mari Pomp<\/i><i>a<\/i><i>s<\/i>, amb Globalplay<\/strong><\/p>\n<p lang=\"ca-ES-valencia\">Diumenge 6 d&#8217;octubre a les 18.00 h<\/p>\n<p lang=\"ca-ES-valencia\">Preu: 5 \u20ac Venda d&#8217;entrades en <a href=\"http:\/\/www.lomasticket.es\">lomasticket.com<\/a><\/p>\n<p lang=\"ca-ES-valencia\">Duraci\u00f3: 50 minuts<\/p>\n<p lang=\"ca-ES-valencia\">Informaci\u00f3: Mari \u00e9s la besneta de la llegend\u00e0ria mainadera Mary Poppins, una adolescent despistada i absurda que riu de les seues imperfeccions i s\u2019enorgullix dels seus talents. Especialment amb el que fa gaudir al p\u00fablic: el do de crear bombolles de sab\u00f3.<\/p>\n<p lang=\"ca-ES-valencia\">Amb les bambolles i la seua desimboltura ens convida a viure una aventura plena de fantasia i il\u00b7lusi\u00f3.<\/p>\n<p>[\/vc_column_text][\/vc_column][\/vc_row][vc_row][vc_column][vc_column_text]<\/p>\n<h5 lang=\"ca-ES-valencia\">CINES ODEON<\/h5>\n<p lang=\"ca-ES-valencia\"><strong>Filmoteca: <i>Exmari<\/i><i>dos<\/i><\/strong><\/p>\n<p lang=\"ca-ES-valencia\">Del dimecres 2 al diumenge 6 d&#8217;octubre<\/p>\n<p lang=\"ca-ES-valencia\">Passades: 17.30, 20.00 i 22.30 h<\/p>\n<p lang=\"ca-ES-valencia\">Nacionalitat: els Estats Units<\/p>\n<p lang=\"ca-ES-valencia\">Duraci\u00f3: 99 minuts<\/p>\n<p lang=\"ca-ES-valencia\">Sinopsi: Els pares de Peter es van divorciar despr\u00e9s de 65 anys junts; la seua dona el va abandonar despr\u00e9s de 35 i els seus fills, Nick i Mickey, tenen la seua pr\u00f2pia vida. Quan Peter vola a Tulum i es cola en el comiat de solter de Nick, que ha sigut organitzada pel seu germ\u00e0 Mickey, s&#8217;adona que no \u00e9s l&#8217;\u00fanic que est\u00e0 en crisi.<\/p>\n<p lang=\"ca-ES-valencia\"><strong>Cinef\u00f2rum: <i>La guerra de Charlie Wilson<\/i><\/strong><\/p>\n<p lang=\"ca-ES-valencia\">Dijous 3 d&#8217;octubre<\/p>\n<p lang=\"ca-ES-valencia\">Passada: 19.00 h<\/p>\n<p lang=\"ca-ES-valencia\">Nacionalitat: els Estats Units<\/p>\n<p lang=\"ca-ES-valencia\">Duraci\u00f3: 97 minuts<\/p>\n<p lang=\"ca-ES-valencia\">Entrada lliure fins a completar aforament<\/p>\n<p lang=\"ca-ES-valencia\">Col\u00b7labora la UNED<\/p>\n<p lang=\"ca-ES-valencia\">Sinopsi: A principis dels anys huitanta, un congressista estatunidenc, una dona influent i un agent de la CIA es van unir per a fer costat als mujahidins afganesos en la seua lluita contra els sovi\u00e8tics. La dona va persuadir el congressista per a aconseguir finan\u00e7ament i suport militar, mentre que l&#8217;agent de la CIA va executar el pla. Esta operaci\u00f3 encoberta es va convertir en una de les m\u00e9s importants maniobres secretes de l&#8217;\u00e8poca.<\/p>\n<p lang=\"ca-ES-valencia\"><strong>Cineclub Luis Bu\u00f1uel: <i>La quimera<\/i><\/strong><\/p>\n<p lang=\"ca-ES-valencia\">Divendres 4 d&#8217;octubre<\/p>\n<p lang=\"ca-ES-valencia\">Horari especial: 17.30, 20.30 h en VOSE<\/p>\n<p lang=\"ca-ES-valencia\">Nacionalitat: It\u00e0lia<\/p>\n<p lang=\"ca-ES-valencia\">Duraci\u00f3: 130 minuts<\/p>\n<p lang=\"ca-ES-valencia\">Sinopsi: Per a la banda de lladres de tombes, la quimera \u00e9s fer-se rics sense esfor\u00e7, mentres que per a Arthur, la seua quimera \u00e9s retrobar-se amb Benjamina, la dona que va perdre. En la seua busca, Arthur s&#8217;enfronta a l&#8217;invisible i explora els mites del M\u00e9s enll\u00e0, decidit a trobar-la. Al llarg del seu viatge entre vius i morts, els destins de diversos personatges s&#8217;entrellacen, tots a la recerca de la seua pr\u00f2pia quimera.<\/p>\n<p>[\/vc_column_text][\/vc_column][\/vc_row][vc_row][vc_column][vc_column_text]<\/p>\n<h5 lang=\"ca-ES-valencia\">BARRIS I PEDANIES<\/h5>\n<p lang=\"ca-ES-valencia\"><strong>La Marina, Centre Social<\/strong><\/p>\n<p lang=\"ca-ES-valencia\"><strong>Activitat infantil: <i>A jugar<\/i>, amb la Cia. Tr\u00e9bol Teatro<\/strong><\/p>\n<p lang=\"ca-ES-valencia\">Dijous 3 d&#8217;octubre a les 18.00 h<\/p>\n<p lang=\"ca-ES-valencia\"><strong>Pla de Sant Josep, Centre C\u00edvic<\/strong><\/p>\n<p lang=\"ca-ES-valencia\"><strong>Taller familiar: <i>Laboratori Art\u00edstic<\/i>, amb la Cia. NSM<\/strong><\/p>\n<p lang=\"ca-ES-valencia\">Dissabte 5 d&#8217;octubre a les 19.30 h<\/p>\n<p lang=\"ca-ES-valencia\"><strong>Matola, Escola Unit\u00e0ria La Palmera<\/strong><\/p>\n<p lang=\"ca-ES-valencia\"><strong>M\u00e0gia: <i>Mag Josemari<\/i><\/strong><\/p>\n<p lang=\"ca-ES-valencia\">Dissabte 5 d&#8217;octubre a les 18.00 h<\/p>\n<p lang=\"ca-ES-valencia\"><strong>Pu\u00e7ol, zona col\u00b7legi, al costat del Museu<\/strong><\/p>\n<p lang=\"ca-ES-valencia\"><strong>M\u00e0gia: Mag J<\/strong><\/p>\n<p lang=\"ca-ES-valencia\">Diumenge 6 d&#8217;octubre a les 12.00 h<\/p>\n<p lang=\"ca-ES-valencia\"><strong>Maitino, Centre C\u00edvic<\/strong><\/p>\n<p lang=\"ca-ES-valencia\"><strong>Contacontes: <i>Todos los caminos llevan a los cuento<\/i><i>s<\/i>, amb Rosa Gracia<\/strong><\/p>\n<p lang=\"ca-ES-valencia\">Diumenge 6 d&#8217;octubre a les 12.30 h<\/p>\n<h5 lang=\"ca-ES-valencia\">LES CLARISSES<\/h5>\n<p lang=\"ca-ES-valencia\"><strong>ELXC\u00c9NICA. Festival d&#8217;Arts Esc\u00e8niques d&#8217;Elx<\/strong><\/p>\n<p lang=\"ca-ES-valencia\"><strong>Concert \u201cEntre Espelmes\u201d: Del Cl\u00e0ssic al Cinema<\/strong><\/p>\n<p lang=\"ca-ES-valencia\">Divendres 4 d&#8217;octubre a les 21.00 h<\/p>\n<p lang=\"ca-ES-valencia\">Entrada 5 \u20ac a la taquilla del Gran Teatre i en vivaticket.es (esgotades)<\/p>\n<p lang=\"ca-ES-valencia\">Informaci\u00f3: Amb Floraleda Sacchi a l&#8217;arpa. Meravell\u00f3s recorregut per aut\u00e8ntiques joies del cine. Un plaer per als sentits.<\/p>\n<p lang=\"ca-ES-valencia\"><strong>Exposici\u00f3: <i>Antonio, El Sastre<\/i><\/strong><\/p>\n<p lang=\"ca-ES-valencia\">Del dijous 3 al diumenge 13 d&#8217;octubre<\/p>\n<p lang=\"ca-ES-valencia\">Inauguraci\u00f3 dijous 3 d&#8217;octubre a les 18.00 h<\/p>\n<p lang=\"ca-ES-valencia\">Horari: De dimarts a dissabte de 10.00 a 14.00 h i de 15.00 a 18.00 h. Diumenges i festius de 10.00 a 14.00 h<\/p>\n<p lang=\"ca-ES-valencia\">Informaci\u00f3: Mostra expositiva sobre la col\u00b7lecci\u00f3 privada de vestits confeccionats pel sastre il\u00b7licit\u00e0 Antonio Ant\u00f3n Vicente.<\/p>\n<p>[\/vc_column_text][\/vc_column][\/vc_row][vc_row][vc_column][vc_column_text]<\/p>\n<h5 lang=\"ca-ES-valencia\">LA GLORIETA, CORREDORA I CARRERS ADJACENTS<\/h5>\n<p lang=\"ca-ES-valencia\"><strong>ELXC\u00c9NICA. Festival d&#8217;Arts Esc\u00e8niques d&#8217;Elx<\/strong><\/p>\n<p lang=\"ca-ES-valencia\"><strong>Dansa\/teatre: <i>Peculiar<\/i>, amb la Cia. Fanny de Funny<\/strong><\/p>\n<p lang=\"ca-ES-valencia\">Divendres 4 d&#8217;octubre<\/p>\n<p lang=\"ca-ES-valencia\">A les 17.00 h a La Glorieta i carrers adjacents<\/p>\n<p lang=\"ca-ES-valencia\">A les 19.00 h a La Corredora i carrers adjacents<\/p>\n<p lang=\"ca-ES-valencia\">Gratu\u00eft amb inscripci\u00f3 pr\u00e8via telefonant i per whatsapp al 722 574 212<\/p>\n<p lang=\"ca-ES-valencia\">Per a tots els p\u00fablics<\/p>\n<p lang=\"ca-ES-valencia\">Informaci\u00f3: <i>Peculiar <\/i>\u00e9s una extravagant aventura el resultat final de la qual \u00e9s un c\u00f2ctel emocional amb el qual et sentir\u00e0s feli\u00e7 i amb moltes ganes de ballar.<\/p>\n<p lang=\"ca-ES-valencia\"><strong>La Glorieta<\/strong><\/p>\n<p lang=\"ca-ES-valencia\"><strong>M\u00fasica: <i>Jazz Band<\/i>, amb la Banda Simf\u00f2nica d&#8217;Elx<\/strong><\/p>\n<p lang=\"ca-ES-valencia\">Dissabte 5 d&#8217;octubre a les 12.00 h<\/p>\n<p lang=\"ca-ES-valencia\">Gratu\u00eft i per a tots els p\u00fablics<\/p>\n<p lang=\"ca-ES-valencia\">Informaci\u00f3: La BSE, dirigida per Gabriel Rocamora, ens oferix un concert \u00fanic amb una combinaci\u00f3 de g\u00e8neres musicals tan atractius com el <i>rock, soul, <\/i>pop o<i> la big band<\/i>.<\/p>\n<p lang=\"ca-ES-valencia\"><strong>La Glorieta<\/strong><\/p>\n<p lang=\"ca-ES-valencia\"><strong>Dansa: <i>Fil Roig<\/i>, amb la Cia. Danseu-vos<\/strong><\/p>\n<p lang=\"ca-ES-valencia\">Dissabte 5 d&#8217;octubre a les 18.30 h<\/p>\n<p lang=\"ca-ES-valencia\">Gratu\u00eft i per a tots els p\u00fablics<\/p>\n<p lang=\"ca-ES-valencia\">Informaci\u00f3: Existix un fil roig que a tots ens unix. Elles ballen amb els destins de tots mentre les seues pr\u00f2pies vides es van teixint de records i amors que no s\u00f3n seus.<\/p>\n<h5 lang=\"ca-ES-valencia\">LLOTJA MEDIEVAL<\/h5>\n<p lang=\"ca-ES-valencia\"><strong>Exposici\u00f3: <i>La mar com a pretext<\/i>, de Francisco S\u00e1nchez Sanjuan<\/strong><\/p>\n<p lang=\"ca-ES-valencia\">Del divendres 6 de setembre al diumenge 13 d&#8217;octubre<\/p>\n<p lang=\"ca-ES-valencia\">Inauguraci\u00f3 el divendres 5 de juliol a les 19.00 h<\/p>\n<p lang=\"ca-ES-valencia\">Horari: De dimarts a dissabte de 10.00 a 14.00 h i de 15.00 a 18.00 h. Diumenges i festius de 10.00 a 14.00 h<\/p>\n<p lang=\"ca-ES-valencia\">Informaci\u00f3: Exposici\u00f3 d&#8217;obres art\u00edstiques, principalment pintures a l&#8217;oli, de l&#8217;il\u00b7licit\u00e0 Francisco S\u00e1nchez Sanjuan.<\/p>\n<h5 lang=\"ca-ES-valencia\">ORDE TERCER<\/h5>\n<p lang=\"ca-ES-valencia\">Exposici\u00f3 de L&#8217;Associaci\u00f3 d&#8217;Arts Audiovisuals i Fotogr\u00e0fiques d&#8217;Elx (AFELX)<\/p>\n<p lang=\"ca-ES-valencia\">Del divendres 14 de setembre al diumenge 20 d&#8217;octubre<\/p>\n<p lang=\"ca-ES-valencia\">Horari: De dimarts a dissabte de 10.00 a 14.00 h i de 15.00 a 18.00 h. Diumenges i festius de 10.00 a 14.00 h<\/p>\n<p lang=\"ca-ES-valencia\">Informaci\u00f3: Exposici\u00f3 de fotografies d&#8217;AFELX.<\/p>\n<h5 lang=\"ca-ES-valencia\">HORT DELS PONTOS<\/h5>\n<p lang=\"ca-ES-valencia\"><strong>Pon\u00e8ncia: <i>El d\u00e0til a Elx<\/i><\/strong><\/p>\n<p lang=\"ca-ES-valencia\">Divendres 4 d&#8217;octubre a les 19.00 h<\/p>\n<p lang=\"ca-ES-valencia\">Informaci\u00f3: A c\u00e0rrec de Jos\u00e9 \u00c1ngel P\u00e9rez, director C\u00e0tedra Palmerar d\u2019Elx de la UMH.<\/p>\n<p lang=\"ca-ES-valencia\"><strong>Festa del D\u00e0til<\/strong><\/p>\n<p lang=\"ca-ES-valencia\">Dissabte 5 d&#8217;octubre de 10.00 a 14.00 h<\/p>\n<p lang=\"ca-ES-valencia\">Informaci\u00f3: Taller d&#8217;elaboraci\u00f3 de pa de d\u00e0til. 4 sessions: 10.00, 11.00, 12.00 i 13.00 h<\/p>\n<p lang=\"ca-ES-valencia\">Demostraci\u00f3 de munyir d\u00e0tils de manera tradicional i degustaci\u00f3 de varietats de d\u00e0tils il\u00b7licitans.<\/p>\n<p lang=\"ca-ES-valencia\">Visites guiades a la Casa-Museu. 2 sessions: 10.00 i 12.00 h<\/p>\n<p lang=\"ca-ES-valencia\">Informaci\u00f3 i inscripcions en <a href=\"mailto:pontos@museopusol.com\">pontos@museopusol.com<\/a> i en els tel\u00e8fons 965 938 982\/984\/985\/986<\/p>\n<hr \/>\n<p lang=\"ca-ES-valencia\">\n<p>[\/vc_column_text][\/vc_column][\/vc_row][vc_row][vc_column width=&#8221;1\/6&#8243;][\/vc_column][vc_column width=&#8221;2\/3&#8243;]<audio class=\"sc_audio\" src=\"\" width=\"\" height=\"\"><\/audio>[\/vc_column][vc_column width=&#8221;1\/6&#8243;][\/vc_column][\/vc_row]<\/p>\n<\/div>","protected":false},"excerpt":{"rendered":"<p>[vc_row el_id=&#8221;SUBTITULAR_NOTICIA&#8221;][vc_column][vc_column_text] Arriba Elxc\u00e9nica, el Festival d&#8217;Arts Esc\u00e8niques d&#8217;Elx, que es desenvolupa el cap de setmana pels carrers d&#8217;Elx amb les obres de teatre Peculiar i Mary Pompas [\/vc_column_text][\/vc_column][\/vc_row][vc_row el_id=&#8221;TEXTO_NOTICIA&#8221;][vc_column][vc_column_text][&hellip;]<\/p>\n","protected":false},"author":131,"featured_media":312284,"comment_status":"closed","ping_status":"closed","sticky":false,"template":"","format":"standard","meta":{"footnotes":""},"categories":[193,391,1312],"tags":[],"class_list":["post-312296","post","type-post","status-publish","format-standard","has-post-thumbnail","hentry","category-cultura-va","category-home-va","category-noticias-va"],"_links":{"self":[{"href":"https:\/\/www.elche.es\/va\/wp-json\/wp\/v2\/posts\/312296","targetHints":{"allow":["GET"]}}],"collection":[{"href":"https:\/\/www.elche.es\/va\/wp-json\/wp\/v2\/posts"}],"about":[{"href":"https:\/\/www.elche.es\/va\/wp-json\/wp\/v2\/types\/post"}],"author":[{"embeddable":true,"href":"https:\/\/www.elche.es\/va\/wp-json\/wp\/v2\/users\/131"}],"replies":[{"embeddable":true,"href":"https:\/\/www.elche.es\/va\/wp-json\/wp\/v2\/comments?post=312296"}],"version-history":[{"count":4,"href":"https:\/\/www.elche.es\/va\/wp-json\/wp\/v2\/posts\/312296\/revisions"}],"predecessor-version":[{"id":312383,"href":"https:\/\/www.elche.es\/va\/wp-json\/wp\/v2\/posts\/312296\/revisions\/312383"}],"wp:featuredmedia":[{"embeddable":true,"href":"https:\/\/www.elche.es\/va\/wp-json\/wp\/v2\/media\/312284"}],"wp:attachment":[{"href":"https:\/\/www.elche.es\/va\/wp-json\/wp\/v2\/media?parent=312296"}],"wp:term":[{"taxonomy":"category","embeddable":true,"href":"https:\/\/www.elche.es\/va\/wp-json\/wp\/v2\/categories?post=312296"},{"taxonomy":"post_tag","embeddable":true,"href":"https:\/\/www.elche.es\/va\/wp-json\/wp\/v2\/tags?post=312296"}],"curies":[{"name":"wp","href":"https:\/\/api.w.org\/{rel}","templated":true}]}}