{"id":321814,"date":"2025-01-07T12:43:06","date_gmt":"2025-01-07T10:43:06","guid":{"rendered":"https:\/\/www.elche.es\/2025\/01\/pugen-fins-a-163-500-els-usuaris-de-biblioteques-municipals-en-2024\/"},"modified":"2025-01-07T12:43:06","modified_gmt":"2025-01-07T10:43:06","slug":"pugen-fins-a-163-500-els-usuaris-de-biblioteques-municipals-en-2024","status":"publish","type":"post","link":"https:\/\/www.elche.es\/va\/2025\/01\/pugen-fins-a-163-500-els-usuaris-de-biblioteques-municipals-en-2024\/","title":{"rendered":"Pugen fins a 163.500 els usuaris de Biblioteques Municipals en 2024"},"content":{"rendered":"<div class=\"wpb-content-wrapper\"><p>[vc_row el_id=&#8221;SUBTITULAR_NOTICIA&#8221;][vc_column][vc_column_text css=&#8221;&#8221;]<\/p>\n<hr \/>\n<h4>Les activitats infantils, juvenils i familiars han sigut les que major aflu\u00e8ncia de participants han tingut durant l&#8217;any amb al voltant de 3.000 assistents<\/h4>\n<hr \/>\n<p>[\/vc_column_text][\/vc_column][\/vc_row][vc_row el_id=&#8221;TEXTO_NOTICIA&#8221;][vc_column][vc_column_text css=&#8221;&#8221;]Un <strong>total de 163.502 persones<\/strong> han fet \u00fas de la Xarxa de Biblioteques Municipals d&#8217;Elx durant 2024, s\u00f3n 24.000 usuaris m\u00e9s que en 2023. Les activitats d&#8217;animaci\u00f3 a la lectura i culturals han sigut les causants de l&#8217;augment d&#8217;aflu\u00e8ncia ja que han omplit el calendari de les huit biblioteques del terme municipal, tres d&#8217;elles situades a les pedanies de l&#8217;Altet, la Marina i Torrellano, a m\u00e9s del bibliob\u00fas.<\/p>\n<p>En les activitats infantils, juvenils i familiars organitzades en estos espais durant 2024, <strong>aproximadament 3.000 escolars han gaudit de les 73 activitats programades<\/strong> entre les quals destaquen contacontes, tallers o presentacions de llibres infantils, estes \u00faltimes amb una assist\u00e8ncia total de 1.667 persones.<\/p>\n<p>La programaci\u00f3 per a adults en 2024 ha incl\u00f2s presentacions de llibres, confer\u00e8ncies i xarrades, clubs de lectura, visites guiades, recitals i representacions teatrals i <strong>han tingut una participaci\u00f3 de 1.432 assistents.<\/strong>[\/vc_column_text][\/vc_column][\/vc_row][vc_row el_id=&#8221;DESTACADO_NOTICIA&#8221;][vc_column][vc_column_text css=&#8221;&#8221; el_class=&#8221;cuadronoticia&#8221;]<\/p>\n<h5>La programaci\u00f3 per a adults ha superat les 1.400 persones en presentacions de llibres, confer\u00e8ncies, clubs de lectura o visites guiades<\/h5>\n<p>[\/vc_column_text][\/vc_column][\/vc_row][vc_row el_id=&#8221;TEXTO_FIN_NOTICIA&#8221;][vc_column][vc_column_text css=&#8221;&#8221;]Entre les activitats per a adults destaca <strong>la jornada de Portes Obertes<\/strong> del mes d&#8217;octubre amb la qual s&#8217;oferia l&#8217;oportunitat de con\u00e9ixer la hist\u00f2ria del convent de Sant Josep que hui alberga la biblioteca central Pere Ibarra i les seues col\u00b7leccions especials. A m\u00e9s, les visites guiades han sigut un \u00e8xit sempre individualitzades i adaptades al grup com a centres d&#8217;educaci\u00f3 per a adults, associacions de persones amb diversitat funcional o majors.<\/p>\n<p>Tamb\u00e9 ha destacat <strong>la campanya anual de <em>Bookcrossing,<\/em><\/strong> que va tindre lloc el mes d&#8217;abril i on es van repartir m\u00e9s de 1.200 llibres per 23 punts de la ciutat i pedanies o la campanya <strong>Que la m\u00e0gia dels llibres us acompanye!<\/strong>, al desembre, amb el repartiment de 55 lots de llibres per als menors ingressats durant el Nadal als hospitals d&#8217;Elx.<\/p>\n<p><strong>La promoci\u00f3 de la lectura ha estat molt present amb l&#8217;exposici\u00f3 <em>Amunt el tel\u00f3!<\/em>;<\/strong> vinculada a la hist\u00f2ria del teatre de la ciutat i amb la figura de dramaturg Alberto Miralles; que d&#8217;abril a juliol va obtindre 1.300 visites.<\/p>\n<p>Quant als pr\u00e9stecs de llibres, <strong>s&#8217;ha superat la xifra de 108.836 llibres, revistes i audiovisuals<\/strong> que es van prestar l&#8217;any passat en la Xarxa de Biblioteques Municipals d&#8217;Elx.<\/p>\n<hr \/>\n<p>[\/vc_column_text][\/vc_column][\/vc_row]<\/p>\n<\/div>","protected":false},"excerpt":{"rendered":"<p>[vc_row el_id=&#8221;SUBTITULAR_NOTICIA&#8221;][vc_column][vc_column_text css=&#8221;&#8221;] Les activitats infantils, juvenils i familiars han sigut les que major aflu\u00e8ncia de participants han tingut durant l&#8217;any amb al voltant de 3.000 assistents [\/vc_column_text][\/vc_column][\/vc_row][vc_row el_id=&#8221;TEXTO_NOTICIA&#8221;][vc_column][vc_column_text css=&#8221;&#8221;]Un [&hellip;]<\/p>\n","protected":false},"author":167,"featured_media":207827,"comment_status":"closed","ping_status":"closed","sticky":false,"template":"","format":"standard","meta":{"footnotes":""},"categories":[181,391,1312],"tags":[],"class_list":["post-321814","post","type-post","status-publish","format-standard","has-post-thumbnail","hentry","category-biblioteques-va","category-home-va","category-noticias-va"],"_links":{"self":[{"href":"https:\/\/www.elche.es\/va\/wp-json\/wp\/v2\/posts\/321814","targetHints":{"allow":["GET"]}}],"collection":[{"href":"https:\/\/www.elche.es\/va\/wp-json\/wp\/v2\/posts"}],"about":[{"href":"https:\/\/www.elche.es\/va\/wp-json\/wp\/v2\/types\/post"}],"author":[{"embeddable":true,"href":"https:\/\/www.elche.es\/va\/wp-json\/wp\/v2\/users\/167"}],"replies":[{"embeddable":true,"href":"https:\/\/www.elche.es\/va\/wp-json\/wp\/v2\/comments?post=321814"}],"version-history":[{"count":2,"href":"https:\/\/www.elche.es\/va\/wp-json\/wp\/v2\/posts\/321814\/revisions"}],"predecessor-version":[{"id":321816,"href":"https:\/\/www.elche.es\/va\/wp-json\/wp\/v2\/posts\/321814\/revisions\/321816"}],"wp:featuredmedia":[{"embeddable":true,"href":"https:\/\/www.elche.es\/va\/wp-json\/wp\/v2\/media\/207827"}],"wp:attachment":[{"href":"https:\/\/www.elche.es\/va\/wp-json\/wp\/v2\/media?parent=321814"}],"wp:term":[{"taxonomy":"category","embeddable":true,"href":"https:\/\/www.elche.es\/va\/wp-json\/wp\/v2\/categories?post=321814"},{"taxonomy":"post_tag","embeddable":true,"href":"https:\/\/www.elche.es\/va\/wp-json\/wp\/v2\/tags?post=321814"}],"curies":[{"name":"wp","href":"https:\/\/api.w.org\/{rel}","templated":true}]}}