{"id":321843,"date":"2025-01-07T16:21:01","date_gmt":"2025-01-07T14:21:01","guid":{"rendered":"https:\/\/www.elche.es\/2025\/01\/al-voltant-de-500-000-persones-participen-en-les-activitats-nadalenques-en-tot-el-municipi\/"},"modified":"2025-01-07T16:21:02","modified_gmt":"2025-01-07T14:21:02","slug":"al-voltant-de-500-000-persones-participen-en-les-activitats-nadalenques-en-tot-el-municipi","status":"publish","type":"post","link":"https:\/\/www.elche.es\/va\/2025\/01\/al-voltant-de-500-000-persones-participen-en-les-activitats-nadalenques-en-tot-el-municipi\/","title":{"rendered":"Al voltant de 500.000 persones participen en les activitats nadalenques en tot el municipi"},"content":{"rendered":"<div class=\"wpb-content-wrapper\"><p>[vc_row el_id=&#8221;SUBTITULAR_NOTICIA&#8221;][vc_column][vc_column_text css=&#8221;&#8221;]<\/p>\n<hr \/>\n<h4>Segons l&#8217;alcalde Pablo Ruz, \u201chan sigut unes festes multitudin\u00e0ries, segures i emotives\u201d<\/h4>\n<hr \/>\n<p>[\/vc_column_text][\/vc_column][\/vc_row][vc_row el_id=&#8221;TEXTO_FIN_NOTICIA&#8221;][vc_column][vc_column_text css=&#8221;&#8221;]Al voltant de 500.000 persones han participat durant estes festes de Nadal en les m\u00e9s de 150 activitats organitzades per l&#8217;Ajuntament d&#8217;Elx en tot el municipi dirigides a totes les edats. Unes festes \u201cmultitudin\u00e0ries, segures i emotives\u201d, segons ha explicat l&#8217;alcalde Pablo Ruz, en la qual <strong>s&#8217;ha incrementat en 100.000 les persones que han eixit als carrers estos dies<\/strong>.<\/p>\n<p>Un mes de celebracions en el qual destaca l&#8217;aflu\u00e8ncia de persones en<strong> la Cavalcada de Reis (65.000 persones), la Carrera de Cant\u00f3 del 28 de desembre (60.000), la Cavalcada del Pare Noel (50.000), l&#8217;acte d&#8217;encesa de la il\u00b7luminaci\u00f3 de Nadal (15.000)<\/strong>. A m\u00e9s dels actes multitudinaris com la troballa de l&#8217;arca de la Verge a la platja del Tamarit i la posterior romeria a Elx amb m\u00e9s de 8.000 persones, les 5.000 en les Campanades i festa de Nit de cap d&#8217;any o les 4.000 en la tradicional carrera de la Sant Silvestre.<\/p>\n<p>Ruz tamb\u00e9 s&#8217;ha referit a la <strong>gran aflu\u00e8ncia de persones que van acudir del 3 al 5 de gener al Campament Reial situat a la torre dels Va\u00efllos<\/strong>, els concerts a Pla\u00e7a de Baix durant tot Nadal o les m\u00e9s de 100.000 persones que han passat fins al moment pel Betlem de la Glorieta. \u201cEste Nadal, Elx ha tornat a brillar\u201d, ha apuntat l&#8217;alcalde, que ha destacat el \u201cexemple de civisme dels il\u00b7licitans durant les festes i que han omplit de manera massiva els carrers, la qual cosa \u00e9s reflex d&#8217;una ciutat viva\u201d.<\/p>\n<p>Durant el balan\u00e7 de Nadal, l&#8217;alcalde <strong>ha agra\u00eft i felicitat el treball dels funcionaris i operaris municipals, tamb\u00e9 a l&#8217;Associaci\u00f3 de Betlemistes, Pobladors, Gestora de Festejos Populars i UFECE<\/strong>, o entitats col\u00b7laboradores com ara la Junta Major, grup Jerusalem, Centre Aragon\u00e9s, Casa d&#8217;Andalusia i la Societat Vinguda de la Mare de D\u00e9u.<\/p>\n<p>Ruz tamb\u00e9 <strong>ha posat en valor el treball exemplar dels Cossos i Forces de Seguretat, especialment de la Policia Local d&#8217;Elx<\/strong>, amb m\u00e9s de 3.600 agents treballant per Nadal i prop de mig miler en operatius especials com a Nit de cap d&#8217;any, Cavalcada o la Vinguda de la Mare de D\u00e9u.<\/p>\n<p>\u201cTots els agents han vetlat per tindre uns carrers i comer\u00e7os segurs per Nadal\u201d, ha assenyalat l&#8217;alcalde, que ha indicat que en estes dates <strong>s&#8217;han intensificat les vigil\u00e0ncies en comer\u00e7os i visites a llocs d&#8217;oci<\/strong> on s&#8217;han celebrat festes, a m\u00e9s de controls de tr\u00e0nsit amb m\u00e9s de 1.400 proves d&#8217;alcohol\u00e8mia i 33 de drogues.<\/p>\n<p>D&#8217;altra banda, s&#8217;ha referit a l&#8217;impacte d&#8217;estes festes sobre el turisme, amb un increment del 9.5% de turistes nacionals i estrangers i m\u00e9s de 7.500 visitants han passat per les oficines de turisme. <strong>La majoria procedien de Comunitat Valenciana, M\u00farcia, Madrid, Catalunya o Navarra mentre que els estrangers eren de Fran\u00e7a, el Regne Unit, B\u00e8lgica i Alemanya<\/strong>.<\/p>\n<p>En l&#8217;\u00e0rea comercial, l&#8217;alcalde ha destacat les bones sensacions entre comerciants i hostalers per la campanya de Nadal, amb l&#8217;\u00e8xit a m\u00e9s dels bons consum, que ha suposat un impacte superior als 3 milions d&#8217;euros. En este sentit, s&#8217;ha referit a m\u00e9s a <strong>l&#8217;aposta per la gratu\u00eftat del bus urb\u00e0 els dies 21, 22, 23 i 24 de desembre a m\u00e9s del 3, 4 i 5 de gener amb els serveis al Campament Reial a la Torre dels Va\u00efllos<\/strong>. \u201cEl nombre d&#8217;usuaris en eixes dates ha increment un 15%\u201d.<\/p>\n<p>Aix\u00ed mateix, l&#8217;alcalde ha fet refer\u00e8ncia l&#8217;esfor\u00e7 realitzat en la coordinaci\u00f3 de la programaci\u00f3 a trav\u00e9s del web \u00a0<a href=\"http:\/\/navidadenelche.es\">www.navidadenelche.es<\/a>\u00a0 que ha tingut m\u00e9s de 80.000 visites i 125.000 des de la p\u00e0gina de VisitElche, de les quals el 95% es van fer a trav\u00e9s de dispositius m\u00f2bils.<\/p>\n<p><strong>La campanya de publicitat en xarxes socials ha suposat 2,6 milions de visualitzacions<\/strong>, amb visites no sols des de la prov\u00edncia d&#8217;Alacant sin\u00f3 tamb\u00e9 de Madrid, Barcelona, Val\u00e8ncia, Sevilla, M\u00e0laga o M\u00farcia. \u201cAix\u00f2 deixa clar que el Nadal a Elx cobra rellev\u00e0ncia m\u00e9s enll\u00e0 de la ciutat\u201d.<\/p>\n<p>Per part seua, <strong>el comissari de la Policia Local, Jos\u00e9 Eugenio Medina<\/strong>, ha assenyalat que \u201chan sigut unes festes amb gran aflu\u00e8ncia, per\u00f2 molt segures perqu\u00e8 s\u00f3n pocs els incidents que s&#8217;han produ\u00eft gr\u00e0cies al comportament c\u00edvic de la ciutadania, aix\u00ed com a l&#8217;esfor\u00e7 realitzat pels cossos i forces de seguretat que van identificar a 3.800 persones amb l&#8217;objectiu de protegir els ciutadans\u201d.<\/p>\n<p><strong>Segons la regidora de Festejos, Inma Mora<\/strong>, \u201cestes han sigut una del Nadal m\u00e9s feli\u00e7 i il\u00b7lusionants per als il\u00b7licitans\u201d i ha volgut agrair el comprom\u00eds de tots els departaments municipals, entitats culturals i socials, centres educatius i agrupacions musicals.<\/p>\n<hr \/>\n<p>&nbsp;<\/p>\n<p>[\/vc_column_text][\/vc_column][\/vc_row][vc_row][vc_column width=&#8221;1\/2&#8243;]<audio class=\"sc_audio\" src=\"https:\/\/soundcloud.com\/ayuntamiento-de-elche\/alrededor-de-500000-personas-participan-en-las-actividades-navidenas-en-todo-el-municipio?si=7e46be64304149ee89141ff6ad68ccb0&#038;utm_source=clipboard&#038;utm_medium=text&#038;utm_campaign=social_sharing\" width=\"\" height=\"\" style=\"````\"><\/audio>[\/vc_column][vc_column width=&#8221;1\/2&#8243;]<audio class=\"sc_audio\" src=\"https:\/\/soundcloud.com\/ayuntamiento-de-elche\/alrededor-de-500000-personas-participan-en-las-actividades-navidenas-en-todo-el-municipio-1?si=7e46be64304149ee89141ff6ad68ccb0&#038;utm_source=clipboard&#038;utm_medium=text&#038;utm_campaign=social_sharing\" width=\"\" height=\"\" style=\"````\"><\/audio>[\/vc_column][\/vc_row]<\/p>\n<\/div>","protected":false},"excerpt":{"rendered":"<p>[vc_row el_id=&#8221;SUBTITULAR_NOTICIA&#8221;][vc_column][vc_column_text css=&#8221;&#8221;] Segons l&#8217;alcalde Pablo Ruz, \u201chan sigut unes festes multitudin\u00e0ries, segures i emotives\u201d [\/vc_column_text][\/vc_column][\/vc_row][vc_row el_id=&#8221;TEXTO_FIN_NOTICIA&#8221;][vc_column][vc_column_text css=&#8221;&#8221;]Al voltant de 500.000 persones han participat durant estes festes de Nadal en [&hellip;]<\/p>\n","protected":false},"author":131,"featured_media":321835,"comment_status":"closed","ping_status":"closed","sticky":false,"template":"","format":"standard","meta":{"footnotes":""},"categories":[572,191,391,1312],"tags":[],"class_list":["post-321843","post","type-post","status-publish","format-standard","has-post-thumbnail","hentry","category-comunicacio","category-festes-va","category-home-va","category-noticias-va"],"_links":{"self":[{"href":"https:\/\/www.elche.es\/va\/wp-json\/wp\/v2\/posts\/321843","targetHints":{"allow":["GET"]}}],"collection":[{"href":"https:\/\/www.elche.es\/va\/wp-json\/wp\/v2\/posts"}],"about":[{"href":"https:\/\/www.elche.es\/va\/wp-json\/wp\/v2\/types\/post"}],"author":[{"embeddable":true,"href":"https:\/\/www.elche.es\/va\/wp-json\/wp\/v2\/users\/131"}],"replies":[{"embeddable":true,"href":"https:\/\/www.elche.es\/va\/wp-json\/wp\/v2\/comments?post=321843"}],"version-history":[{"count":2,"href":"https:\/\/www.elche.es\/va\/wp-json\/wp\/v2\/posts\/321843\/revisions"}],"predecessor-version":[{"id":321845,"href":"https:\/\/www.elche.es\/va\/wp-json\/wp\/v2\/posts\/321843\/revisions\/321845"}],"wp:featuredmedia":[{"embeddable":true,"href":"https:\/\/www.elche.es\/va\/wp-json\/wp\/v2\/media\/321835"}],"wp:attachment":[{"href":"https:\/\/www.elche.es\/va\/wp-json\/wp\/v2\/media?parent=321843"}],"wp:term":[{"taxonomy":"category","embeddable":true,"href":"https:\/\/www.elche.es\/va\/wp-json\/wp\/v2\/categories?post=321843"},{"taxonomy":"post_tag","embeddable":true,"href":"https:\/\/www.elche.es\/va\/wp-json\/wp\/v2\/tags?post=321843"}],"curies":[{"name":"wp","href":"https:\/\/api.w.org\/{rel}","templated":true}]}}