{"id":321935,"date":"2025-01-08T14:16:54","date_gmt":"2025-01-08T12:16:54","guid":{"rendered":"https:\/\/www.elche.es\/2025\/01\/la-nova-senda-circular-connecta-el-nucli-urba-amb-el-sud-del-municipi-a-traves-del-vinalopo\/"},"modified":"2025-01-08T14:16:55","modified_gmt":"2025-01-08T12:16:55","slug":"la-nova-senda-circular-connecta-el-nucli-urba-amb-el-sud-del-municipi-a-traves-del-vinalopo","status":"publish","type":"post","link":"https:\/\/www.elche.es\/va\/2025\/01\/la-nova-senda-circular-connecta-el-nucli-urba-amb-el-sud-del-municipi-a-traves-del-vinalopo\/","title":{"rendered":"La nova senda circular connecta el nucli urb\u00e0 amb el sud del municipi a trav\u00e9s del Vinalop\u00f3"},"content":{"rendered":"<div class=\"wpb-content-wrapper\"><p>[vc_row el_id=&#8221;SUBTITULAR_NOTICIA&#8221;][vc_column][vc_column_text css=&#8221;&#8221;]<\/p>\n<hr \/>\n<h4>Segons l&#8217;alcalde Pablo Ruz, \u201ceste \u00e9s un gran projecte de recuperaci\u00f3 ambiental i posada en valor del patrimoni hist\u00f2ric, paisatg\u00edstic, hidr\u00e0ulic i cultural del nostre municipi\u201d<\/h4>\n<hr \/>\n<p>[\/vc_column_text][\/vc_column][\/vc_row][vc_row el_id=&#8221;TEXTO_NOTICIA&#8221;][vc_column][vc_column_text css=&#8221;&#8221;]<strong>L&#8217;alcalde Pablo Ruz acompanyat per la regidora de Turisme, Irene Ru\u00edz i el regidor de Medi Ambient, Jos\u00e9 Antonio Rom\u00e1n<\/strong>, ha visitat la nova senda SenderElx, un gran projecte de recuperaci\u00f3 ambiental i posada en valor del patrimoni hist\u00f2ric, paisatg\u00edstic, hidr\u00e0ulic i cultural del nostre municipi.<\/p>\n<p>Un projecte amb el qual, segons Ruz, \u201cdonar continu\u00eftat al corredor ecol\u00f2gic del riu Vinalop\u00f3 a partir de la ciutat, en direcci\u00f3 sud del municipi\u201d. Una senda <strong>circular de m\u00e9s de 40 km amb punt d&#8217;inici i arribada al Mol\u00ed del Real.<\/strong><\/p>\n<p>Per les seues dimensions i diferents tipologies ambientals, s&#8217;han proposat 3 trams: el del riu Vinalop\u00f3, de 12,6 quil\u00f2metres de longitud; el tram Saladars-Platges-Dunes, de 9,6 i el de la Serra del Molar, de 12,8 quil\u00f2metres. A m\u00e9s, <strong>hi ha dos derivacions, una cap al Parc Arqueol\u00f2gic de l\u2019Alc\u00fadia de 1,4 i una altra cap al Museu Escolar de Pu\u00e7ol de 3,5 quil\u00f2metres.<\/strong><\/p>\n<p>L&#8217;actuaci\u00f3 ha suposat treballs de desbrossament, obertura de senda i retirada d&#8217;enderrocs, conjugant sempre el principi de m\u00e0xima integraci\u00f3 paisatg\u00edstica i m\u00ednima intervenci\u00f3. <strong>Al llarg del recorregut s&#8217;han creat 2 grans zones d&#8217;esplai<\/strong> en el tram del Vinalop\u00f3 dotades de taules i bancs, a m\u00e9s de la instal\u00b7laci\u00f3 de 3 passarel\u00b7les de fusta i 4 met\u00e0l\u00b7liques, paral\u00b7leles a la carretera de la Marina, i s&#8217;ha col\u00b7locat senyalitzaci\u00f3 informativa, preventiva i direccional.<\/p>\n<p><strong>Tot el recorregut \u00e9s pedalejable<\/strong>, a excepci\u00f3 de la derivaci\u00f3 cap al Museu de Pu\u00e7ol, ja que la senda discorre per la Comunitat de Regants d&#8217;Assut dels Moros, i per la seua singularitat \u00e9s necessari conservar i protegir en el seu estat actual.<\/p>\n<p>Esta senda circular oferix la possibilitat de rec\u00f3rrer i con\u00e9ixer el sistema fluvial del riu Vinalop\u00f3, al seu pas per la zona sud del nostre terme municipal, a m\u00e9s de <strong>les platges del Pinet i la Marina, el parc natural de les Salines de Santa Pola, la Serra del Molar i el Camp d\u2019Elx<\/strong>.<\/p>\n<p>&nbsp;[\/vc_column_text][\/vc_column][\/vc_row][vc_row type=&#8221;flexslider_slide&#8221; interval=&#8221;5&#8243; source=&#8221;media_library&#8221; images=&#8221;&#8221; img_size=&#8221;full&#8221; external_img_size=&#8221;&#8221; onclick=&#8221;link_image&#8221; custom_links_target=&#8221;_self&#8221; el_class=&#8221;galerianoticia&#8221; title=&#8221;&#8221; custom_srcs=&#8221;&#8221; custom_links=&#8221;&#8221;][vc_column][vc_gallery type=&#8221;flexslider_slide&#8221; interval=&#8221;5&#8243; images=&#8221;321918,321920,321922&#8243; img_size=&#8221;full&#8221; css=&#8221;&#8221; el_class=&#8221;galerianoticia&#8221;][\/vc_column][\/vc_row][vc_row el_id=&#8221;TEXTO_FIN_NOTICIA&#8221;][vc_column][vc_column_text css=&#8221;&#8221;]A m\u00e9s, servix com a nexe d&#8217;uni\u00f3 entre el nucli urb\u00e0 i el medi rural i natural de les pedanies del sud, cosa que <strong>contribu\u00efx a la posada en valor dels elements naturals, paisatg\u00edstics, culturals o socials d&#8217;una forma respectuosa<\/strong>. Esta actuaci\u00f3 busca a m\u00e9s recuperar un espai d&#8217;indubtable valor ambiental, per\u00f2 tamb\u00e9 arquitect\u00f2nic i patrimonial per la pres\u00e8ncia d&#8217;infraestructures relacionades amb els usos de l&#8217;aigua.<\/p>\n<p>L&#8217;actuaci\u00f3 s&#8217;emmarca dins del Pla de Sostenibilitat Tur\u00edstica d&#8217;Elx i \u00e9s finan\u00e7at amb els <strong>fons europeus Next Generation<\/strong> per una mica m\u00e9s de 290.000 euros.<\/p>\n<p>Segons Ruz, en un futur l&#8217;objectiu \u00e9s<strong> \u201cconnectar el Fondo amb la resta de la ruta per a donar integritat per als vianants i pedalejable a l&#8217;entorn\u201d<\/strong>. Aix\u00ed, ha indicat que \u201ces tracta de cohesionar i vertebrar el municipi amb esta mena d&#8217;iniciatives\u201d.<\/p>\n<hr \/>\n<p>&nbsp;<\/p>\n<p>[\/vc_column_text][\/vc_column][\/vc_row][vc_row][vc_column width=&#8221;1\/6&#8243;][\/vc_column][vc_column width=&#8221;2\/3&#8243;]<audio class=\"sc_audio\" src=\"https:\/\/soundcloud.com\/ayuntamiento-de-elche\/el-nuevo-sendero-circular-conecta-el-casco-urbano-con-el-sur-del-municipio-a-traves-del-vinalopo?si=ec9fbf5852a740fa9f3a6f3a690c9082&#038;utm_source=clipboard&#038;utm_medium=text&#038;utm_campaign=social_sharing\" width=\"\" height=\"\" style=\"````\"><\/audio>[\/vc_column][vc_column width=&#8221;1\/6&#8243;][\/vc_column][\/vc_row]<\/p>\n<\/div>","protected":false},"excerpt":{"rendered":"<p>[vc_row el_id=&#8221;SUBTITULAR_NOTICIA&#8221;][vc_column][vc_column_text css=&#8221;&#8221;] Segons l&#8217;alcalde Pablo Ruz, \u201ceste \u00e9s un gran projecte de recuperaci\u00f3 ambiental i posada en valor del patrimoni hist\u00f2ric, paisatg\u00edstic, hidr\u00e0ulic i cultural del nostre municipi\u201d [\/vc_column_text][\/vc_column][\/vc_row][vc_row [&hellip;]<\/p>\n","protected":false},"author":131,"featured_media":321927,"comment_status":"closed","ping_status":"closed","sticky":false,"template":"","format":"standard","meta":{"footnotes":""},"categories":[391,211,1312],"tags":[],"class_list":["post-321935","post","type-post","status-publish","format-standard","has-post-thumbnail","hentry","category-home-va","category-medi-ambient-va","category-noticias-va"],"_links":{"self":[{"href":"https:\/\/www.elche.es\/va\/wp-json\/wp\/v2\/posts\/321935","targetHints":{"allow":["GET"]}}],"collection":[{"href":"https:\/\/www.elche.es\/va\/wp-json\/wp\/v2\/posts"}],"about":[{"href":"https:\/\/www.elche.es\/va\/wp-json\/wp\/v2\/types\/post"}],"author":[{"embeddable":true,"href":"https:\/\/www.elche.es\/va\/wp-json\/wp\/v2\/users\/131"}],"replies":[{"embeddable":true,"href":"https:\/\/www.elche.es\/va\/wp-json\/wp\/v2\/comments?post=321935"}],"version-history":[{"count":2,"href":"https:\/\/www.elche.es\/va\/wp-json\/wp\/v2\/posts\/321935\/revisions"}],"predecessor-version":[{"id":321937,"href":"https:\/\/www.elche.es\/va\/wp-json\/wp\/v2\/posts\/321935\/revisions\/321937"}],"wp:featuredmedia":[{"embeddable":true,"href":"https:\/\/www.elche.es\/va\/wp-json\/wp\/v2\/media\/321927"}],"wp:attachment":[{"href":"https:\/\/www.elche.es\/va\/wp-json\/wp\/v2\/media?parent=321935"}],"wp:term":[{"taxonomy":"category","embeddable":true,"href":"https:\/\/www.elche.es\/va\/wp-json\/wp\/v2\/categories?post=321935"},{"taxonomy":"post_tag","embeddable":true,"href":"https:\/\/www.elche.es\/va\/wp-json\/wp\/v2\/tags?post=321935"}],"curies":[{"name":"wp","href":"https:\/\/api.w.org\/{rel}","templated":true}]}}