{"id":322449,"date":"2025-01-13T14:41:12","date_gmt":"2025-01-13T12:41:12","guid":{"rendered":"https:\/\/www.elche.es\/2025\/01\/lajuntament-inicia-les-obres-de-millora-daccessibilitat-a-les-parades-dautobus-de-la-ciutat-de-la-justicia\/"},"modified":"2025-01-13T14:41:14","modified_gmt":"2025-01-13T12:41:14","slug":"lajuntament-inicia-les-obres-de-millora-daccessibilitat-a-les-parades-dautobus-de-la-ciutat-de-la-justicia","status":"publish","type":"post","link":"https:\/\/www.elche.es\/va\/2025\/01\/lajuntament-inicia-les-obres-de-millora-daccessibilitat-a-les-parades-dautobus-de-la-ciutat-de-la-justicia\/","title":{"rendered":"L&#8217;Ajuntament inicia les obres de millora d&#8217;accessibilitat a les parades d&#8217;autob\u00fas de la Ciutat de la Just\u00edcia"},"content":{"rendered":"<div class=\"wpb-content-wrapper\"><p>[vc_row el_id=&#8221;SUBTITULAR_NOTICIA&#8221;][vc_column][vc_column_text css=&#8221;&#8221;]<\/p>\n<hr \/>\n<h4>Els treballs inclouen la reforma de voreres, instal\u00b7laci\u00f3 de marquesines i panells informatius amb els temps d&#8217;arribada<\/h4>\n<hr \/>\n<p>[\/vc_column_text][\/vc_column][\/vc_row][vc_row el_id=&#8221;TEXTO_NOTICIA&#8221;][vc_column][vc_column_text css=&#8221;&#8221;]L&#8217;Ajuntament ha iniciat les obres d&#8217;adequaci\u00f3 i millora de l&#8217;accessibilitat en diferents parades d&#8217;autob\u00fas urb\u00e0. En concret els treballs han comen\u00e7at en les dos parades situades a la Ciutat de la Just\u00edcia, una \u201creivindicaci\u00f3 hist\u00f2rica dels treballadors\u201d, segons ha explicat <strong>el regidor de Serveis P\u00fablics, Claudio Guilabert.<\/strong> Al mateix temps es duran a terme estes obres de millora en les parades 121, situada al Centre de Salut d&#8217;Altabix, i la 57 del carrer Diagonal-avinguda de la Llibertat.[\/vc_column_text][\/vc_column][\/vc_row][vc_row type=&#8221;flexslider_slide&#8221; interval=&#8221;5&#8243; source=&#8221;media_library&#8221; images=&#8221;&#8221; img_size=&#8221;full&#8221; external_img_size=&#8221;&#8221; onclick=&#8221;link_image&#8221; custom_links_target=&#8221;_self&#8221; el_class=&#8221;galerianoticia&#8221; title=&#8221;&#8221; custom_srcs=&#8221;&#8221; custom_links=&#8221;&#8221;][vc_column][vc_gallery type=&#8221;flexslider_slide&#8221; interval=&#8221;5&#8243; images=&#8221;322432,322434,322436,322438,322440,322442,322444&#8243; img_size=&#8221;full&#8221; css=&#8221;&#8221; el_class=&#8221;galerianoticia&#8221;][\/vc_column][\/vc_row][vc_row][vc_column][vc_column_text css=&#8221;&#8221;]Les obres projectades consistixen fonamentalment en l&#8217;adequaci\u00f3 de les parades, <strong>col\u00b7locaci\u00f3 de marquesines, mupis i paviments podot\u00e0ctils de botons per a millorar l&#8217;accessibilitat, modificaci\u00f3 de voreres i vorades i senyalitzaci\u00f3<\/strong> en totes les parades.<\/p>\n<p>Guilabert ha assenyalat que estes parades comptaran amb <strong>panells informatius amb temps d&#8217;arribada dels autobusos<\/strong>, a m\u00e9s la situada enfront de la Ciutat de la Just\u00edcia s&#8217;adaptar\u00e0 per a taxis. \u201cEste govern continua treballant en la millora de l&#8217;accessibilitat del transport urb\u00e0 amb noves actuacions que es realitzaran per tot el municipi\u201d. <strong>La inversi\u00f3 ascendix a 154.000 euros i els treballs es prolongaran durant 4 mesos.<\/strong>[\/vc_column_text][\/vc_column][\/vc_row][vc_row el_id=&#8221;DESTACADO_NOTICIA&#8221;][vc_column][vc_column_text css=&#8221;&#8221; el_class=&#8221;cuadronoticia&#8221;]<\/p>\n<h5>Esta actuaci\u00f3 tamb\u00e9 es dur\u00e0 a terme a les parades del centre de salut d&#8217;Altabix i la n\u00famero 57 del carrer Diagonal<\/h5>\n<p>[\/vc_column_text][\/vc_column][\/vc_row][vc_row el_id=&#8221;TEXTO_FIN_NOTICIA&#8221;][vc_column][vc_column_text css=&#8221;&#8221;]D&#8217;altra banda, ha anunciat que ja es treballa amb l&#8217;empresa d&#8217;autobusos urbans en <strong>un pla de millora de les pantalles de temps d&#8217;espera<\/strong> i en la instal\u00b7laci\u00f3 de noves. \u201cSom un govern proactiu que, davant els problemes, busca solucions\u201d.<\/p>\n<hr \/>\n<p>[\/vc_column_text][\/vc_column][\/vc_row][vc_row][vc_column width=&#8221;1\/6&#8243;][\/vc_column][vc_column width=&#8221;2\/3&#8243;]<audio class=\"sc_audio\" src=\"https:\/\/soundcloud.com\/ayuntamiento-de-elche\" width=\"\" height=\"\" style=\"````\"><\/audio>[\/vc_column][vc_column width=&#8221;1\/6&#8243;][\/vc_column][\/vc_row]<\/p>\n<\/div>","protected":false},"excerpt":{"rendered":"<p>[vc_row el_id=&#8221;SUBTITULAR_NOTICIA&#8221;][vc_column][vc_column_text css=&#8221;&#8221;] Els treballs inclouen la reforma de voreres, instal\u00b7laci\u00f3 de marquesines i panells informatius amb els temps d&#8217;arribada [\/vc_column_text][\/vc_column][\/vc_row][vc_row el_id=&#8221;TEXTO_NOTICIA&#8221;][vc_column][vc_column_text css=&#8221;&#8221;]L&#8217;Ajuntament ha iniciat les obres d&#8217;adequaci\u00f3 i millora [&hellip;]<\/p>\n","protected":false},"author":131,"featured_media":322447,"comment_status":"closed","ping_status":"closed","sticky":false,"template":"","format":"standard","meta":{"footnotes":""},"categories":[391,1312,1277],"tags":[],"class_list":["post-322449","post","type-post","status-publish","format-standard","has-post-thumbnail","hentry","category-home-va","category-noticias-va","category-via-publica-va"],"_links":{"self":[{"href":"https:\/\/www.elche.es\/va\/wp-json\/wp\/v2\/posts\/322449","targetHints":{"allow":["GET"]}}],"collection":[{"href":"https:\/\/www.elche.es\/va\/wp-json\/wp\/v2\/posts"}],"about":[{"href":"https:\/\/www.elche.es\/va\/wp-json\/wp\/v2\/types\/post"}],"author":[{"embeddable":true,"href":"https:\/\/www.elche.es\/va\/wp-json\/wp\/v2\/users\/131"}],"replies":[{"embeddable":true,"href":"https:\/\/www.elche.es\/va\/wp-json\/wp\/v2\/comments?post=322449"}],"version-history":[{"count":2,"href":"https:\/\/www.elche.es\/va\/wp-json\/wp\/v2\/posts\/322449\/revisions"}],"predecessor-version":[{"id":322451,"href":"https:\/\/www.elche.es\/va\/wp-json\/wp\/v2\/posts\/322449\/revisions\/322451"}],"wp:featuredmedia":[{"embeddable":true,"href":"https:\/\/www.elche.es\/va\/wp-json\/wp\/v2\/media\/322447"}],"wp:attachment":[{"href":"https:\/\/www.elche.es\/va\/wp-json\/wp\/v2\/media?parent=322449"}],"wp:term":[{"taxonomy":"category","embeddable":true,"href":"https:\/\/www.elche.es\/va\/wp-json\/wp\/v2\/categories?post=322449"},{"taxonomy":"post_tag","embeddable":true,"href":"https:\/\/www.elche.es\/va\/wp-json\/wp\/v2\/tags?post=322449"}],"curies":[{"name":"wp","href":"https:\/\/api.w.org\/{rel}","templated":true}]}}