{"id":325229,"date":"2025-02-06T11:05:03","date_gmt":"2025-02-06T09:05:03","guid":{"rendered":"https:\/\/www.elche.es\/2025\/02\/detinguda-una-dona-en-un-control-de-transit-per-falsedat-documental\/"},"modified":"2025-02-06T11:05:04","modified_gmt":"2025-02-06T09:05:04","slug":"detinguda-una-dona-en-un-control-de-transit-per-falsedat-documental","status":"publish","type":"post","link":"https:\/\/www.elche.es\/va\/2025\/02\/detinguda-una-dona-en-un-control-de-transit-per-falsedat-documental\/","title":{"rendered":"Detinguda una dona en un control de tr\u00e0nsit per falsedat documental"},"content":{"rendered":"<div class=\"wpb-content-wrapper\"><p>[vc_row el_id=&#8221;SUBTITULAR_NOTICIA&#8221;][vc_column][vc_column_text css=&#8221;&#8221;]<\/p>\n<hr \/>\n<h4>Despr\u00e9s de donar l&#8217;alt al vehicle, els agents van comprovar que el perm\u00eds de conduir de la conductora no era aut\u00e8ntic<\/h4>\n<hr \/>\n<p>[\/vc_column_text][\/vc_column][\/vc_row][vc_row el_id=&#8221;TEXTO_FIN_NOTICIA&#8221;][vc_column][vc_column_text css=&#8221;&#8221;]La Policia Local d&#8217;Elx ha detingut una dona per un presumpte delicte de falsedat documental. Els fets van oc\u00f3rrer minuts abans de l&#8217;eixida d&#8217;escolars als voltants de diversos centres escolars, on es va establir un <strong>control de comprovaci\u00f3 de vehicles i conductors per a garantir la seguretat vi\u00e0ria.<\/strong><\/p>\n<p>En este context, els agents van donar l&#8217;alt a un cotxe i van comprovar la documentaci\u00f3 de la conductora que circulava acompanyada per dos familiars i que <strong>presentava indicis de no ser aut\u00e8ntic i haver sigut manipulat.<\/strong><\/p>\n<p>Davant esta sospita, els policies van sotmetre el perm\u00eds de conduir a una revisi\u00f3 exhaustiva i van confirmar que el document mancava de les caracter\u00edstiques pr\u00f2pies del perm\u00eds aut\u00e8ntic, com ara la data d&#8217;expedici\u00f3 del suport i errates en la maquetaci\u00f3 del text. <strong>En consultar la base de dades van confirmar que la dona mancava de perm\u00eds de conducci\u00f3 en vigor.<\/strong><\/p>\n<p>Per tot aix\u00f2, la conductora va ser <strong>detinguda i traslladada a depend\u00e8ncies policials<\/strong> per un presumpte delicte de falsedat documental.<\/p>\n<hr \/>\n<p>[\/vc_column_text][\/vc_column][\/vc_row][vc_row][vc_column width=&#8221;1\/6&#8243;][\/vc_column][vc_column width=&#8221;2\/3&#8243;]<audio class=\"sc_audio\" src=\"\" width=\"\" height=\"\"><\/audio>[\/vc_column][vc_column width=&#8221;1\/6&#8243;][\/vc_column][\/vc_row]<\/p>\n<\/div>","protected":false},"excerpt":{"rendered":"<p>[vc_row el_id=&#8221;SUBTITULAR_NOTICIA&#8221;][vc_column][vc_column_text css=&#8221;&#8221;] Despr\u00e9s de donar l&#8217;alt al vehicle, els agents van comprovar que el perm\u00eds de conduir de la conductora no era aut\u00e8ntic [\/vc_column_text][\/vc_column][\/vc_row][vc_row el_id=&#8221;TEXTO_FIN_NOTICIA&#8221;][vc_column][vc_column_text css=&#8221;&#8221;]La Policia Local d&#8217;Elx [&hellip;]<\/p>\n","protected":false},"author":139,"featured_media":238286,"comment_status":"closed","ping_status":"closed","sticky":false,"template":"","format":"standard","meta":{"footnotes":""},"categories":[2864,238],"tags":[],"class_list":["post-325229","post","type-post","status-publish","format-standard","has-post-thumbnail","hentry","category-breus","category-policia-local-va"],"_links":{"self":[{"href":"https:\/\/www.elche.es\/va\/wp-json\/wp\/v2\/posts\/325229","targetHints":{"allow":["GET"]}}],"collection":[{"href":"https:\/\/www.elche.es\/va\/wp-json\/wp\/v2\/posts"}],"about":[{"href":"https:\/\/www.elche.es\/va\/wp-json\/wp\/v2\/types\/post"}],"author":[{"embeddable":true,"href":"https:\/\/www.elche.es\/va\/wp-json\/wp\/v2\/users\/139"}],"replies":[{"embeddable":true,"href":"https:\/\/www.elche.es\/va\/wp-json\/wp\/v2\/comments?post=325229"}],"version-history":[{"count":2,"href":"https:\/\/www.elche.es\/va\/wp-json\/wp\/v2\/posts\/325229\/revisions"}],"predecessor-version":[{"id":325231,"href":"https:\/\/www.elche.es\/va\/wp-json\/wp\/v2\/posts\/325229\/revisions\/325231"}],"wp:featuredmedia":[{"embeddable":true,"href":"https:\/\/www.elche.es\/va\/wp-json\/wp\/v2\/media\/238286"}],"wp:attachment":[{"href":"https:\/\/www.elche.es\/va\/wp-json\/wp\/v2\/media?parent=325229"}],"wp:term":[{"taxonomy":"category","embeddable":true,"href":"https:\/\/www.elche.es\/va\/wp-json\/wp\/v2\/categories?post=325229"},{"taxonomy":"post_tag","embeddable":true,"href":"https:\/\/www.elche.es\/va\/wp-json\/wp\/v2\/tags?post=325229"}],"curies":[{"name":"wp","href":"https:\/\/api.w.org\/{rel}","templated":true}]}}