{"id":325599,"date":"2025-02-10T10:41:25","date_gmt":"2025-02-10T08:41:25","guid":{"rendered":"https:\/\/www.elche.es\/2025\/02\/detingut-un-home-a-elx-per-trafic-de-drogues\/"},"modified":"2025-02-10T10:41:26","modified_gmt":"2025-02-10T08:41:26","slug":"detingut-un-home-a-elx-per-trafic-de-drogues","status":"publish","type":"post","link":"https:\/\/www.elche.es\/va\/2025\/02\/detingut-un-home-a-elx-per-trafic-de-drogues\/","title":{"rendered":"Detingut un home a Elx per tr\u00e0fic de drogues"},"content":{"rendered":"<div class=\"wpb-content-wrapper\"><p>[vc_row el_id=&#8221;SUBTITULAR_NOTICIA&#8221;][vc_column][vc_column_text css=&#8221;&#8221;]<\/p>\n<hr \/>\n<h4>Una patrulla va observar com un home es comportava de manera estranya en adonar-se de la pres\u00e8ncia policial<\/h4>\n<hr \/>\n<p>[\/vc_column_text][\/vc_column][\/vc_row][vc_row el_id=&#8221;TEXTO_NOTICIA&#8221;][vc_column][vc_column_text css=&#8221;&#8221;]La Policia Local d&#8217;Elx ha detingut un home de 64 anys d&#8217;edat per un presumpte <strong>delicte contra la salut p\u00fablica en la seua modalitat de tr\u00e0fic de drogues<\/strong>.<\/p>\n<p>Els fets van tindre lloc sobre les 17.30 hores quan els agents d&#8217;una patrulla de servei van observar al carrer Llimoner un home que va mostrar una estranya reacci\u00f3 en adonar-se de la pres\u00e8ncia policial,cosa que <strong>va al\u00e7ar les sospites de la policia.<\/strong>[\/vc_column_text][\/vc_column][\/vc_row][vc_row el_id=&#8221;DESTACADO_NOTICIA&#8221;][vc_column][vc_column_text css=&#8221;&#8221; el_class=&#8221;cuadronoticia&#8221;]<\/p>\n<h5>En les seues pertinences, els policies van trobar una bosseta de pl\u00e0stic amb 42 grams de pasta base de coca\u00efna<\/h5>\n<p>[\/vc_column_text][\/vc_column][\/vc_row][vc_row el_id=&#8221;TEXTO_FIN_NOTICIA&#8221;][vc_column][vc_column_text css=&#8221;&#8221;]Davant la situaci\u00f3, els agents van procedir a realitzar les comprovacions oportunes i van confirmar que la persona portava damunt una subst\u00e0ncia embolicada en pl\u00e0stic, aparentment pastura base de coca\u00efna en quantitat superior als 42 grams, que superava \u00e0mpliament la quantitat destinada al tr\u00e0nsit. Per tot aix\u00f2, <strong>es va procedir a la detenci\u00f3 de l&#8217;home.<\/strong><\/p>\n<hr \/>\n<p>[\/vc_column_text][\/vc_column][\/vc_row][vc_row][vc_column width=&#8221;1\/6&#8243;][\/vc_column][vc_column width=&#8221;2\/3&#8243;]<audio class=\"sc_audio\" src=\"\" width=\"\" height=\"\"><\/audio>[\/vc_column][vc_column width=&#8221;1\/6&#8243;][\/vc_column][\/vc_row]<\/p>\n<\/div>","protected":false},"excerpt":{"rendered":"<p>[vc_row el_id=&#8221;SUBTITULAR_NOTICIA&#8221;][vc_column][vc_column_text css=&#8221;&#8221;] Una patrulla va observar com un home es comportava de manera estranya en adonar-se de la pres\u00e8ncia policial [\/vc_column_text][\/vc_column][\/vc_row][vc_row el_id=&#8221;TEXTO_NOTICIA&#8221;][vc_column][vc_column_text css=&#8221;&#8221;]La Policia Local d&#8217;Elx ha detingut un [&hellip;]<\/p>\n","protected":false},"author":139,"featured_media":256678,"comment_status":"closed","ping_status":"closed","sticky":false,"template":"","format":"standard","meta":{"footnotes":""},"categories":[2864,238],"tags":[],"class_list":["post-325599","post","type-post","status-publish","format-standard","has-post-thumbnail","hentry","category-breus","category-policia-local-va"],"_links":{"self":[{"href":"https:\/\/www.elche.es\/va\/wp-json\/wp\/v2\/posts\/325599","targetHints":{"allow":["GET"]}}],"collection":[{"href":"https:\/\/www.elche.es\/va\/wp-json\/wp\/v2\/posts"}],"about":[{"href":"https:\/\/www.elche.es\/va\/wp-json\/wp\/v2\/types\/post"}],"author":[{"embeddable":true,"href":"https:\/\/www.elche.es\/va\/wp-json\/wp\/v2\/users\/139"}],"replies":[{"embeddable":true,"href":"https:\/\/www.elche.es\/va\/wp-json\/wp\/v2\/comments?post=325599"}],"version-history":[{"count":2,"href":"https:\/\/www.elche.es\/va\/wp-json\/wp\/v2\/posts\/325599\/revisions"}],"predecessor-version":[{"id":325601,"href":"https:\/\/www.elche.es\/va\/wp-json\/wp\/v2\/posts\/325599\/revisions\/325601"}],"wp:featuredmedia":[{"embeddable":true,"href":"https:\/\/www.elche.es\/va\/wp-json\/wp\/v2\/media\/256678"}],"wp:attachment":[{"href":"https:\/\/www.elche.es\/va\/wp-json\/wp\/v2\/media?parent=325599"}],"wp:term":[{"taxonomy":"category","embeddable":true,"href":"https:\/\/www.elche.es\/va\/wp-json\/wp\/v2\/categories?post=325599"},{"taxonomy":"post_tag","embeddable":true,"href":"https:\/\/www.elche.es\/va\/wp-json\/wp\/v2\/tags?post=325599"}],"curies":[{"name":"wp","href":"https:\/\/api.w.org\/{rel}","templated":true}]}}